{"id":5276,"date":"2017-12-12T19:36:22","date_gmt":"2017-12-12T17:36:22","guid":{"rendered":"https:\/\/www.sanovita.ro\/blog\/?p=5276"},"modified":"2024-04-02T17:01:08","modified_gmt":"2024-04-02T14:01:08","slug":"tarte-cu-fructe-si-karob","status":"publish","type":"post","link":"https:\/\/beta.sanovita.ro\/blog\/tarte-cu-fructe-si-karob\/","title":{"rendered":"Tarte cu fructe si karob"},"content":{"rendered":"<section class=\"wpb-content-wrapper\"><p class=\"recipe-summary\" style=\"text-align: justify;\">Reteta de tarte cu fructe si karob se va dovedi un desert racoritor si usor, foarte potrivit pentru masa ta de sarbatori sau in orice alta ocazie in care vrei sa transformi o zi obisnuita intr-una speciala. Tartele cu fructe nu se pregatesc greu si sunt delicioase. De fapt, vorbim aici despre niste mini-tarte, pentru ca aceasta este forma pe care am ales-o noi, dar cu exact aceeasi reteta poti sa pregatesti si o tarta cu fructe mare, pe care sa o tai felii si sa o servesti invitatilor tai.<\/p>\n<div class=\"td_text_columns_two_cols\">\n<p style=\"text-align: center;\"><span style=\"font-size: 10pt;\"><strong>TIMP PREPARARE \u00a0<\/strong>\u00a0<span style=\"color: #ff0000;\">60 minute<\/span><br \/>\n<\/span><\/p>\n<p style=\"text-align: center;\"><span style=\"font-size: 10pt;\"><strong>PORTII \u00a0 <\/strong><span style=\"color: #ff0000;\">8<\/span><\/span><\/p>\n<p style=\"text-align: center;\"><span style=\"font-size: 10pt;\"><strong>TIP RETETA \u00a0 <\/strong><span style=\"color: #ff0000;\">Desert<\/span><\/span><\/p>\n<p style=\"text-align: center;\"><span style=\"font-size: 10pt;\"><strong>DIFICULTATE \u00a0<\/strong> <span style=\"color: #ff0000;\">Medie<\/span><br \/>\n<\/span><\/p>\n<p style=\"text-align: center;\"><span style=\"font-size: 10pt;\"><strong>PRINTEAZA RETETA<\/strong> <\/span><\/p>\n<p style=\"text-align: center;\"><span style=\"font-size: 10pt;\"><span style=\"color: #000000;\"><div class=\"printfriendly pf-button  pf-aligncenter\">\n                    <a href=\"https:\/\/beta.sanovita.ro\/blog\/tarte-cu-fructe-si-karob\/?pfstyle=wp\" rel=\"nofollow\" onclick=\"\" title=\"Printer Friendly, PDF & Email\">\n                    <img decoding=\"async\" class=\"pf-button-img\" src=\"https:\/\/cdn.printfriendly.com\/buttons\/printfriendly-pdf-button.png\" alt=\"Print Friendly, PDF & Email\" style=\"width: 112px;height: 24px;\"  \/>\n                    <\/a>\n                <\/div><\/span><br \/>\n<\/span><\/p>\n<\/div>\n<hr \/>\n<h3 style=\"text-align: left;\"><i class=\"fa fa-shopping-basket \" ><\/i> \u00a0 Ingrediente reteta Tarte cu fructe si karob<\/h3>\n<div class=\"blog-info\">\n<div class=\"description\">\n<div class=\"inner\">\n<p><strong>ALUAT:\u00a0<\/strong><\/p>\n<ul>\n<li>1 cana apa calda<\/li>\n<li>1 cana\u00a0<strong><a href=\"https:\/\/www.sanovita.ro\/ulei-de-cocos-ecologic-200-ml-698.html?utm_medium=blog&amp;utm_source=retetablog-tarte-cu-fructe-si-carob\" target=\"_blank\" rel=\"noopener noreferrer\">ulei de cocos<\/a><\/strong><\/li>\n<li>1 praf de <a href=\"https:\/\/www.sanovita.ro\/sare-de-mare-fina-iodata-1-kg-37.html?utm_medium=blog&amp;utm_source=retetablog-tarte-cu-fructe-si-carob\" target=\"_blank\" rel=\"noopener noreferrer\"><strong>sare<\/strong><\/a><\/li>\n<li>10 g drojdie<\/li>\n<li>faina cat cuprinde<\/li>\n<\/ul>\n<p><strong>CREMA DE FRUCTE:<\/strong><\/p>\n<ul>\n<li>1 cana apa<\/li>\n<li>1 lingura cu varf de <a href=\"https:\/\/www.sanovita.ro\/amidon-din-porumb-250g-248.html?utm_medium=blog&amp;utm_source=retetablog-tarte-cu-fructe-si-carob\" target=\"_blank\" rel=\"noopener noreferrer\"><strong>amidon<\/strong><\/a><\/li>\n<li>2 linguri <a href=\"https:\/\/www.sanovita.ro\/zahar-brut-din-trestie-500g-117.html?utm_medium=blog&amp;utm_source=retetablog-tarte-cu-fructe-si-carob\" target=\"_blank\" rel=\"noopener noreferrer\"><strong>zahar brut<\/strong><\/a><\/li>\n<li>1 plic vanilie<\/li>\n<li>2 cani fructe tocate (capsuni, zmeura, caise, afine)<\/li>\n<\/ul>\n<p><strong>CREMA DE KAROB:<\/strong><\/p>\n<ul>\n<li>1 cana <a href=\"https:\/\/www.sanovita.ro\/eco-lapte-de-soia-fara-zahar-1l-769.html?utm_medium=blog&amp;utm_source=retetablog-tarte-cu-fructe-si-carob\" target=\"_blank\" rel=\"noopener noreferrer\"><strong>lapte de soia<\/strong><\/a><\/li>\n<li>3-4 linguri <a href=\"https:\/\/www.sanovita.ro\/zahar-brut-din-trestie-500g-117.html?utm_medium=blog&amp;utm_source=retetablog-tarte-cu-fructe-si-carob\" target=\"_blank\" rel=\"noopener noreferrer\"><strong>zahar brut<\/strong><\/a><\/li>\n<li>2 linguri <a href=\"https:\/\/www.sanovita.ro\/pudra-de-roscove-250g-162.html?utm_medium=blog&amp;utm_source=retetablog-tarte-cu-fructe-si-carob\" target=\"_blank\" rel=\"noopener noreferrer\"><strong>karob<\/strong><\/a> (pudra de roscove)<\/li>\n<\/ul>\n<div id=\"tdi_1\" class=\"tdc-row\"><div class=\"vc_row tdi_2  wpb_row td-pb-row\" >\n<style scoped>\n\n\/* custom css *\/\n.tdi_2,\r\n                .tdi_2 .tdc-columns{\r\n                    min-height: 0;\r\n                }.tdi_2,\r\n\t\t\t\t.tdi_2 .tdc-columns{\r\n\t\t\t\t    display: block;\r\n\t\t\t\t}.tdi_2 .tdc-columns{\r\n\t\t\t\t    width: 100%;\r\n\t\t\t\t}\n<\/style><div class=\"vc_column tdi_4  wpb_column vc_column_container tdc-column td-pb-span12\">\n<style scoped>\n\n\/* custom css *\/\n.tdi_4{\r\n                    vertical-align: baseline;\r\n                }.tdi_4 > .wpb_wrapper,\r\n\t\t\t\t.tdi_4 > .wpb_wrapper > .tdc-elements{\r\n\t\t\t\t    display: block;\r\n\t\t\t\t}.tdi_4 > .wpb_wrapper > .tdc-elements{\r\n\t\t\t\t    width: 100%;\r\n\t\t\t\t}.tdi_4 > .wpb_wrapper > .vc_row_inner{\r\n\t\t\t\t    width: auto;\r\n\t\t\t\t}.tdi_4 > .wpb_wrapper{\r\n\t\t\t\t    width: auto;\r\n\t\t\t\t    height: auto;\r\n\t\t\t\t}\n<\/style><div class=\"wpb_wrapper\" >[vc_custom_heading text=&#8221;Vrei sa pregatesti reteta? Cumpara produsele!&#8221; font_container=&#8221;tag:h2|text_align:center|color:%23dd3333&#8243; use_theme_fonts=&#8221;yes&#8221;]<\/div><\/div><\/div><\/div><div id=\"tdi_5\" class=\"tdc-row\"><div class=\"vc_row tdi_6  wpb_row td-pb-row\" >\n<style scoped>\n\n\/* custom css *\/\n.tdi_6,\r\n                .tdi_6 .tdc-columns{\r\n                    min-height: 0;\r\n                }.tdi_6,\r\n\t\t\t\t.tdi_6 .tdc-columns{\r\n\t\t\t\t    display: block;\r\n\t\t\t\t}.tdi_6 .tdc-columns{\r\n\t\t\t\t    width: 100%;\r\n\t\t\t\t}\n<\/style><div class=\"vc_column tdi_8  wpb_column vc_column_container tdc-column td-pb-span4\">\n<style scoped>\n\n\/* custom css *\/\n.tdi_8{\r\n                    vertical-align: baseline;\r\n                }.tdi_8 > .wpb_wrapper,\r\n\t\t\t\t.tdi_8 > .wpb_wrapper > .tdc-elements{\r\n\t\t\t\t    display: block;\r\n\t\t\t\t}.tdi_8 > .wpb_wrapper > .tdc-elements{\r\n\t\t\t\t    width: 100%;\r\n\t\t\t\t}.tdi_8 > .wpb_wrapper > .vc_row_inner{\r\n\t\t\t\t    width: auto;\r\n\t\t\t\t}.tdi_8 > .wpb_wrapper{\r\n\t\t\t\t    width: auto;\r\n\t\t\t\t    height: auto;\r\n\t\t\t\t}\n<\/style><div class=\"wpb_wrapper\" >[vc_cta h2=&#8221;&#8221; h4=&#8221;Zahar brut&#8221; txt_align=&#8221;center&#8221; color=&#8221;green&#8221; add_button=&#8221;bottom&#8221; btn_title=&#8221;Vezi detalii produs&#8221; btn_style=&#8221;classic&#8221; btn_color=&#8221;danger&#8221; btn_size=&#8221;sm&#8221; btn_align=&#8221;center&#8221; btn_link=&#8221;url:https%3A%2F%2Fwww.sanovita.ro%2Fzahar-brut-din-trestie-500g-117.html%3Futm_medium%3Dblog%26utm_source%3Dretetablog-tarte-cu-fructe-si-carob||target:%20_blank|rel:nofollow&#8221;]<a href=\"https:\/\/www.sanovita.ro\/zahar-brut-din-trestie-500g-117.html?utm_medium=blog&amp;utm_source=retetablog-tarte-cu-fructe-si-carob\"><img loading=\"lazy\" decoding=\"async\" class=\"aligncenter wp-image-5038 size-thumbnail\" src=\"https:\/\/www.sanovita.ro\/blog\/wp-content\/uploads\/2017\/10\/zahar-brut-din-trestie-500g-200x200.jpg\" alt=\"zahar-brut-din-trestie-500g\" width=\"200\" height=\"200\" srcset=\"https:\/\/beta.sanovita.ro\/blog\/wp-content\/uploads\/2017\/10\/zahar-brut-din-trestie-500g-200x200.jpg 200w, https:\/\/beta.sanovita.ro\/blog\/wp-content\/uploads\/2017\/10\/zahar-brut-din-trestie-500g-324x324.jpg 324w, https:\/\/beta.sanovita.ro\/blog\/wp-content\/uploads\/2017\/10\/zahar-brut-din-trestie-500g.jpg 458w\" sizes=\"auto, (max-width: 200px) 100vw, 200px\" \/><\/a>[\/vc_cta][vc_cta h2=&#8221;&#8221; h4=&#8221;Pudra de roscove&#8221; txt_align=&#8221;center&#8221; color=&#8221;green&#8221; add_button=&#8221;bottom&#8221; btn_title=&#8221;Vezi detalii produs&#8221; btn_style=&#8221;classic&#8221; btn_color=&#8221;danger&#8221; btn_size=&#8221;sm&#8221; btn_align=&#8221;center&#8221; btn_link=&#8221;url:https%3A%2F%2Fwww.sanovita.ro%2Fpudra-de-roscove-250g-162.html%3Futm_medium%3Dblog%26utm_source%3Dretetablog-tarte-cu-fructe-si-carob||target:%20_blank|rel:nofollow&#8221;]<a href=\"https:\/\/www.sanovita.ro\/pudra-de-roscove-250g-162.html?utm_medium=blog&amp;utm_source=retetablog-tarte-cu-fructe-si-carob\"><img loading=\"lazy\" decoding=\"async\" class=\"aligncenter wp-image-5073 size-thumbnail\" src=\"https:\/\/www.sanovita.ro\/blog\/wp-content\/uploads\/2017\/10\/pudra-de-roscove-250g-200x200.jpg\" alt=\"pudra-de-roscove-250g\" width=\"200\" height=\"200\" srcset=\"https:\/\/beta.sanovita.ro\/blog\/wp-content\/uploads\/2017\/10\/pudra-de-roscove-250g-200x200.jpg 200w, https:\/\/beta.sanovita.ro\/blog\/wp-content\/uploads\/2017\/10\/pudra-de-roscove-250g-324x324.jpg 324w, https:\/\/beta.sanovita.ro\/blog\/wp-content\/uploads\/2017\/10\/pudra-de-roscove-250g.jpg 458w\" sizes=\"auto, (max-width: 200px) 100vw, 200px\" \/><\/a>[\/vc_cta]<\/div><\/div><div class=\"vc_column tdi_10  wpb_column vc_column_container tdc-column td-pb-span4\">\n<style scoped>\n\n\/* custom css *\/\n.tdi_10{\r\n                    vertical-align: baseline;\r\n                }.tdi_10 > .wpb_wrapper,\r\n\t\t\t\t.tdi_10 > .wpb_wrapper > .tdc-elements{\r\n\t\t\t\t    display: block;\r\n\t\t\t\t}.tdi_10 > .wpb_wrapper > .tdc-elements{\r\n\t\t\t\t    width: 100%;\r\n\t\t\t\t}.tdi_10 > .wpb_wrapper > .vc_row_inner{\r\n\t\t\t\t    width: auto;\r\n\t\t\t\t}.tdi_10 > .wpb_wrapper{\r\n\t\t\t\t    width: auto;\r\n\t\t\t\t    height: auto;\r\n\t\t\t\t}\n<\/style><div class=\"wpb_wrapper\" >[vc_cta h2=&#8221;&#8221; h4=&#8221;Amidon din porumb&#8221; txt_align=&#8221;center&#8221; color=&#8221;green&#8221; add_button=&#8221;bottom&#8221; btn_title=&#8221;Vezi detalii produs&#8221; btn_style=&#8221;classic&#8221; btn_color=&#8221;danger&#8221; btn_size=&#8221;sm&#8221; btn_align=&#8221;center&#8221; btn_link=&#8221;url:https%3A%2F%2Fwww.sanovita.ro%2Famidon-din-porumb-250g-248.html%3Futm_medium%3Dblog%26utm_source%3Dretetablog-tarte-cu-fructe-si-carob||target:%20_blank|rel:nofollow&#8221;]<a href=\"https:\/\/www.sanovita.ro\/amidon-din-porumb-250g-248.html?utm_medium=blog&amp;utm_source=retetablog-tarte-cu-fructe-si-carob\"><img loading=\"lazy\" decoding=\"async\" class=\"aligncenter wp-image-5973 size-thumbnail\" src=\"https:\/\/www.sanovita.ro\/blog\/wp-content\/uploads\/2017\/04\/amidon-din-porumb-250g-200x200.jpg\" alt=\"amidon-din-porumb-250g\" width=\"200\" height=\"200\" srcset=\"https:\/\/beta.sanovita.ro\/blog\/wp-content\/uploads\/2017\/04\/amidon-din-porumb-250g-200x200.jpg 200w, https:\/\/beta.sanovita.ro\/blog\/wp-content\/uploads\/2017\/04\/amidon-din-porumb-250g-324x324.jpg 324w, https:\/\/beta.sanovita.ro\/blog\/wp-content\/uploads\/2017\/04\/amidon-din-porumb-250g.jpg 458w\" sizes=\"auto, (max-width: 200px) 100vw, 200px\" \/><\/a>[\/vc_cta][vc_cta h2=&#8221;&#8221; h4=&#8221;Lapte de soia&#8221; txt_align=&#8221;center&#8221; color=&#8221;green&#8221; add_button=&#8221;bottom&#8221; btn_title=&#8221;Vezi detalii produs&#8221; btn_style=&#8221;classic&#8221; btn_color=&#8221;danger&#8221; btn_size=&#8221;sm&#8221; btn_align=&#8221;center&#8221; btn_link=&#8221;url:https%3A%2F%2Fwww.sanovita.ro%2Feco-lapte-de-soia-fara-zahar-1l-769.html%3Futm_medium%3Dblog%26utm_source%3Dretetablog-tarte-cu-fructe-si-carob||target:%20_blank|rel:nofollow&#8221;]<a href=\"https:\/\/www.sanovita.ro\/eco-lapte-de-soia-fara-zahar-1l-769.html?utm_medium=blog&amp;utm_source=retetablog-tarte-cu-fructe-si-carob\"><img loading=\"lazy\" decoding=\"async\" class=\"aligncenter wp-image-9696 size-thumbnail\" src=\"https:\/\/www.sanovita.ro\/blog\/wp-content\/uploads\/2018\/07\/eco-lapte-de-soia-fara-zahar-1l-200x200.jpg\" alt=\"lapte de soia\" width=\"200\" height=\"200\" srcset=\"https:\/\/beta.sanovita.ro\/blog\/wp-content\/uploads\/2018\/07\/eco-lapte-de-soia-fara-zahar-1l-200x200.jpg 200w, https:\/\/beta.sanovita.ro\/blog\/wp-content\/uploads\/2018\/07\/eco-lapte-de-soia-fara-zahar-1l-324x324.jpg 324w, https:\/\/beta.sanovita.ro\/blog\/wp-content\/uploads\/2018\/07\/eco-lapte-de-soia-fara-zahar-1l.jpg 458w\" sizes=\"auto, (max-width: 200px) 100vw, 200px\" \/><\/a>[\/vc_cta]<\/div><\/div><div class=\"vc_column tdi_12  wpb_column vc_column_container tdc-column td-pb-span4\">\n<style scoped>\n\n\/* custom css *\/\n.tdi_12{\r\n                    vertical-align: baseline;\r\n                }.tdi_12 > .wpb_wrapper,\r\n\t\t\t\t.tdi_12 > .wpb_wrapper > .tdc-elements{\r\n\t\t\t\t    display: block;\r\n\t\t\t\t}.tdi_12 > .wpb_wrapper > .tdc-elements{\r\n\t\t\t\t    width: 100%;\r\n\t\t\t\t}.tdi_12 > .wpb_wrapper > .vc_row_inner{\r\n\t\t\t\t    width: auto;\r\n\t\t\t\t}.tdi_12 > .wpb_wrapper{\r\n\t\t\t\t    width: auto;\r\n\t\t\t\t    height: auto;\r\n\t\t\t\t}\n<\/style><div class=\"wpb_wrapper\" >[vc_cta h2=&#8221;&#8221; h4=&#8221;Ulei de cocos ecologic&#8221; txt_align=&#8221;center&#8221; color=&#8221;green&#8221; add_button=&#8221;bottom&#8221; btn_title=&#8221;Vezi detalii produs&#8221; btn_style=&#8221;classic&#8221; btn_color=&#8221;danger&#8221; btn_size=&#8221;sm&#8221; btn_align=&#8221;center&#8221; btn_link=&#8221;url:https%3A%2F%2Fwww.sanovita.ro%2Fulei-de-cocos-ecologic-200-ml-698.html%3Futm_medium%3Dblog%26utm_source%3Dretetablog-tarte-cu-fructe-si-carob||target:%20_blank|rel:nofollow&#8221;]<a href=\"https:\/\/www.sanovita.ro\/ulei-de-cocos-ecologic-200-ml-698.html?utm_medium=blog&amp;utm_source=retetablog-tarte-cu-fructe-si-carob\"><img loading=\"lazy\" decoding=\"async\" class=\"aligncenter wp-image-8942 size-thumbnail\" src=\"https:\/\/www.sanovita.ro\/blog\/wp-content\/uploads\/2018\/04\/Ulei_de_cocos_200ml-200x200.png\" alt=\"Ulei_de_cocos_200ml\" width=\"200\" height=\"200\" srcset=\"https:\/\/beta.sanovita.ro\/blog\/wp-content\/uploads\/2018\/04\/Ulei_de_cocos_200ml-200x200.png 200w, https:\/\/beta.sanovita.ro\/blog\/wp-content\/uploads\/2018\/04\/Ulei_de_cocos_200ml-324x324.png 324w, https:\/\/beta.sanovita.ro\/blog\/wp-content\/uploads\/2018\/04\/Ulei_de_cocos_200ml-768x768.png 768w, https:\/\/beta.sanovita.ro\/blog\/wp-content\/uploads\/2018\/04\/Ulei_de_cocos_200ml-486x486.png 486w, https:\/\/beta.sanovita.ro\/blog\/wp-content\/uploads\/2018\/04\/Ulei_de_cocos_200ml.png 1000w\" sizes=\"auto, (max-width: 200px) 100vw, 200px\" \/><\/a>[\/vc_cta]<\/div><\/div><\/div><\/div><div id=\"tdi_13\" class=\"tdc-row\"><div class=\"vc_row tdi_14  wpb_row td-pb-row\" >\n<style scoped>\n\n\/* custom css *\/\n.tdi_14,\r\n                .tdi_14 .tdc-columns{\r\n                    min-height: 0;\r\n                }.tdi_14,\r\n\t\t\t\t.tdi_14 .tdc-columns{\r\n\t\t\t\t    display: block;\r\n\t\t\t\t}.tdi_14 .tdc-columns{\r\n\t\t\t\t    width: 100%;\r\n\t\t\t\t}\n<\/style><div class=\"vc_column tdi_16  wpb_column vc_column_container tdc-column td-pb-span12\">\n<style scoped>\n\n\/* custom css *\/\n.tdi_16{\r\n                    vertical-align: baseline;\r\n                }.tdi_16 > .wpb_wrapper,\r\n\t\t\t\t.tdi_16 > .wpb_wrapper > .tdc-elements{\r\n\t\t\t\t    display: block;\r\n\t\t\t\t}.tdi_16 > .wpb_wrapper > .tdc-elements{\r\n\t\t\t\t    width: 100%;\r\n\t\t\t\t}.tdi_16 > .wpb_wrapper > .vc_row_inner{\r\n\t\t\t\t    width: auto;\r\n\t\t\t\t}.tdi_16 > .wpb_wrapper{\r\n\t\t\t\t    width: auto;\r\n\t\t\t\t    height: auto;\r\n\t\t\t\t}\n<\/style><div class=\"wpb_wrapper\" >[vc_column_text]<\/p>\n<h3 style=\"text-align: left;\"><i class=\"fa fa-cutlery \" ><\/i> \u00a0 Mod de preparare reteta Tarte cu fructe si karob<\/h3>\n<ul style=\"text-align: justify;\">\n<li>Din apa, sare, ulei de cocos, faina si drojdie se face un aluat potrivit de moale si se lasa 10-15 minute.<\/li>\n<\/ul>\n<ul style=\"text-align: justify;\">\n<li>Se intinde o foaie subtire (0,5 cm grosime) ai se decupeaza forme rotunde care se pun in formele de tarte.<\/li>\n<\/ul>\n<ul style=\"text-align: justify;\">\n<li>Se inteapa aluatul din loc in loc cu o furculita, apoi se coc 20-25 minute.<\/li>\n<\/ul>\n<ul style=\"text-align: justify;\">\n<li>In timp ce baza tartelor este la cuptor, poti sa pregatesti cele doua creme. Pentru crema cu fructe: combini intr-o cratita apa, amidonul si zaharul si le pui la fiert. Amesteci compozitia pana se ingroasa destul de mult si o lasi putin la racit inainte de a o pune in cosuletele de aluat.<\/li>\n<\/ul>\n<ul style=\"text-align: justify;\">\n<li>Tai fructele marunt, iar cand opresti focul la siropul de mai sus, vei adauga fructele tocate.<\/li>\n<\/ul>\n<ul style=\"text-align: justify;\">\n<li>Pentru crema cu karob: Se amesteca toate ingredientele (laptele de soia, karobul, zaharul si uleiul de cocos) \u0219i apoi se fierb pana se ingroasa compozitia suficient.<\/li>\n<\/ul>\n<ul style=\"text-align: justify;\">\n<li>Umplem tartele cu aceste doua creme.<\/li>\n<\/ul>\n<\/div>\n<\/div>\n<\/div>\n<h3 style=\"text-align: left;\"><i class=\"fa fa-cutlery \" ><\/i> \u00a0 Observatii reteta\u00a0Tarte cu fructe si karob<\/h3>\n<ul style=\"text-align: justify;\">\n<li style=\"text-align: justify;\">Este de preferat ca, in momentul in care umpli tartele, baza de aluat sa fie rece, iar compozitia doar putin calduta, ca sa nu se inmoaie aluatul si sa ti se rupa in mana atunci cand il vei manca (iar continutul tartei sa ajunga pe camasa sau pantalonii tai).<\/li>\n<\/ul>\n<ul style=\"text-align: justify;\">\n<li>Felul in care combini cele doua creme ramane in intregime la latitudinea ta. Noi am umplut tarta cu crema de fructe si deasupra am ornat cu crema de karob. Tu poti sa faci tarte cu fructe si tarte cu crema de karob separate, de exemplu.<\/li>\n<\/ul>\n<ul style=\"text-align: justify;\">\n<li>Fructele pentru aceste tarte pot fi proaspete sau congelate, ceea ce inseamna ca ai ocazia sa o pregatesti absolut in orice sezon.<\/li>\n<\/ul>\n<h3 style=\"text-align: left;\"><i class=\"fa fa-lightbulb-o \" ><\/i>\u00a0 Stiai ca?<\/h3>\n<ul style=\"text-align: justify;\">\n<li>Roscovele sunt cunoscute inca din cele mai vechi timpuri? Se pare ca Sfantul Ioan Botezatorul ar fi supravietuit in pustietate datorita acestor fructe, de aceea au si fost denumite popular &#8222;painea Sfantului Ioan&#8221;.<\/li>\n<\/ul>\n<ul style=\"text-align: justify;\">\n<li>In timp ce pudra de cacao nu este recomandata copiilor mici decat dupa varsta de 3 ani, intrucat contine cofeina, roscovele poti fi consumate si cu mult inainte de implinirea acestei varste?<\/li>\n<\/ul>\n<p>[\/vc_column_text]<\/div><\/div><\/div><\/div>\n<\/section>","protected":false},"excerpt":{"rendered":"<p>Reteta de tarte cu fructe si karob se va dovedi un desert racoritor si usor, foarte potrivit pentru masa ta de sarbatori sau in orice alta ocazie in care vrei sa transformi o zi obisnuita intr-una speciala. Tartele cu fructe nu se pregatesc greu si sunt delicioase. De fapt, vorbim aici despre niste mini-tarte, pentru [&hellip;]<\/p>\n","protected":false},"author":12,"featured_media":5536,"comment_status":"open","ping_status":"open","sticky":false,"template":"","format":"standard","meta":{"jetpack_post_was_ever_published":false,"_jetpack_newsletter_access":"","_jetpack_dont_email_post_to_subs":false,"_jetpack_newsletter_tier_id":0,"_jetpack_memberships_contains_paywalled_content":false,"_jetpack_memberships_contains_paid_content":false,"footnotes":"","jetpack_publicize_message":"","jetpack_publicize_feature_enabled":true,"jetpack_social_post_already_shared":true,"jetpack_social_options":{"image_generator_settings":{"template":"highway","enabled":false},"version":2}},"categories":[8],"tags":[115,1072,1348,128,126,71,35,217,1235,118,87,29],"class_list":{"0":"post-5276","1":"post","2":"type-post","3":"status-publish","4":"format-standard","5":"has-post-thumbnail","7":"category-deserturi","8":"tag-amidon-de-porumb","9":"tag-desert-de-post","10":"tag-deserturi-si-dulciuri-de-post","11":"tag-drojdie","12":"tag-faina-alba","13":"tag-fructe","14":"tag-lapte-de-soia","15":"tag-pudra-de-roscove","16":"tag-retete-de-post","17":"tag-ulei-de-cocos","18":"tag-vanilie","19":"tag-zahar-brut"},"yoast_head":"<!-- This site is optimized with the Yoast SEO plugin v19.14 - https:\/\/yoast.com\/wordpress\/plugins\/seo\/ -->\n<title>Reteta Tarte cu fructe si karob &ndash; Zi de zi mai bine - SanoVita<\/title>\n<meta name=\"description\" content=\"Reteta de tarte cu fructe se va dovedi un desert racoritor si usor, foarte potrivit pentru masa ta de sarbatori sau in orice alta ocazie obisnuita sau speciala. Tartele cu fructele nu se pregatesc greu si sunt delicioase. De fapt vorbim despre niste minitarte, dar cu aceeasi reteta poti pregati si o tarta mare\" \/>\n<meta name=\"robots\" content=\"index, follow, max-snippet:-1, max-image-preview:large, max-video-preview:-1\" \/>\n<link rel=\"canonical\" href=\"https:\/\/beta.sanovita.ro\/blog\/tarte-cu-fructe-si-karob\/\" \/>\n<meta property=\"og:locale\" content=\"ro_RO\" \/>\n<meta property=\"og:type\" content=\"article\" \/>\n<meta property=\"og:title\" content=\"Reteta Tarte cu fructe si karob &ndash; Zi de zi mai bine - SanoVita\" \/>\n<meta property=\"og:description\" content=\"Reteta de tarte cu fructe se va dovedi un desert racoritor si usor, foarte potrivit pentru masa ta de sarbatori sau in orice alta ocazie obisnuita sau speciala. Tartele cu fructele nu se pregatesc greu si sunt delicioase. De fapt vorbim despre niste minitarte, dar cu aceeasi reteta poti pregati si o tarta mare\" \/>\n<meta property=\"og:url\" content=\"https:\/\/beta.sanovita.ro\/blog\/tarte-cu-fructe-si-karob\/\" \/>\n<meta property=\"og:site_name\" content=\"Zi de zi mai bine - SanoVita\" \/>\n<meta property=\"article:publisher\" content=\"https:\/\/www.facebook.com\/SanoVita\/\" \/>\n<meta property=\"article:author\" content=\"https:\/\/www.facebook.com\/SanoVita\/\" \/>\n<meta property=\"article:published_time\" content=\"2017-12-12T17:36:22+00:00\" \/>\n<meta property=\"article:modified_time\" content=\"2024-04-02T14:01:08+00:00\" \/>\n<meta property=\"og:image\" content=\"https:\/\/beta.sanovita.ro\/blog\/wp-content\/uploads\/2017\/11\/Tarte-cu-fructe-de-sezon.jpg\" \/>\n\t<meta property=\"og:image:width\" content=\"2592\" \/>\n\t<meta property=\"og:image:height\" content=\"1728\" \/>\n\t<meta property=\"og:image:type\" content=\"image\/jpeg\" \/>\n<meta name=\"author\" content=\"Expertul SanoVita\" \/>\n<meta name=\"twitter:card\" content=\"summary_large_image\" \/>\n<meta name=\"twitter:creator\" content=\"@https:\/\/twitter.com\/sanovitaoficial\" \/>\n<meta name=\"twitter:site\" content=\"@SanoVitaOficial\" \/>\n<meta name=\"twitter:label1\" content=\"Scris de\" \/>\n\t<meta name=\"twitter:data1\" content=\"Expertul SanoVita\" \/>\n\t<meta name=\"twitter:label2\" content=\"Timp estimat pentru citire\" \/>\n\t<meta name=\"twitter:data2\" content=\"4 minute\" \/>\n<script type=\"application\/ld+json\" class=\"yoast-schema-graph\">{\"@context\":\"https:\/\/schema.org\",\"@graph\":[{\"@type\":\"Article\",\"@id\":\"https:\/\/beta.sanovita.ro\/blog\/tarte-cu-fructe-si-karob\/#article\",\"isPartOf\":{\"@id\":\"https:\/\/beta.sanovita.ro\/blog\/tarte-cu-fructe-si-karob\/\"},\"author\":{\"name\":\"Expertul SanoVita\",\"@id\":\"https:\/\/beta.sanovita.ro\/blog\/#\/schema\/person\/9f87f9806cd9a47de966c1dce4829b60\"},\"headline\":\"Tarte cu fructe si karob\",\"datePublished\":\"2017-12-12T17:36:22+00:00\",\"dateModified\":\"2024-04-02T14:01:08+00:00\",\"mainEntityOfPage\":{\"@id\":\"https:\/\/beta.sanovita.ro\/blog\/tarte-cu-fructe-si-karob\/\"},\"wordCount\":884,\"commentCount\":0,\"publisher\":{\"@id\":\"https:\/\/beta.sanovita.ro\/blog\/#organization\"},\"keywords\":[\"amidon de porumb\",\"Deserturi de post\",\"Deserturi \u0219i dulciuri de post\",\"drojdie\",\"faina alba\",\"fructe\",\"lapte de soia\",\"pudra de roscove\",\"Re\u021bete de post\",\"ulei de cocos\",\"vanilie\",\"zahar brut\"],\"articleSection\":[\"Deserturi s\u0103n\u0103toase\"],\"inLanguage\":\"ro-RO\",\"potentialAction\":[{\"@type\":\"CommentAction\",\"name\":\"Comment\",\"target\":[\"https:\/\/beta.sanovita.ro\/blog\/tarte-cu-fructe-si-karob\/#respond\"]}]},{\"@type\":\"WebPage\",\"@id\":\"https:\/\/beta.sanovita.ro\/blog\/tarte-cu-fructe-si-karob\/\",\"url\":\"https:\/\/beta.sanovita.ro\/blog\/tarte-cu-fructe-si-karob\/\",\"name\":\"Reteta Tarte cu fructe si karob &ndash; Zi de zi mai bine - SanoVita\",\"isPartOf\":{\"@id\":\"https:\/\/beta.sanovita.ro\/blog\/#website\"},\"datePublished\":\"2017-12-12T17:36:22+00:00\",\"dateModified\":\"2024-04-02T14:01:08+00:00\",\"description\":\"Reteta de tarte cu fructe se va dovedi un desert racoritor si usor, foarte potrivit pentru masa ta de sarbatori sau in orice alta ocazie obisnuita sau speciala. Tartele cu fructele nu se pregatesc greu si sunt delicioase. De fapt vorbim despre niste minitarte, dar cu aceeasi reteta poti pregati si o tarta mare\",\"inLanguage\":\"ro-RO\",\"potentialAction\":[{\"@type\":\"ReadAction\",\"target\":[\"https:\/\/beta.sanovita.ro\/blog\/tarte-cu-fructe-si-karob\/\"]}]},{\"@type\":\"WebSite\",\"@id\":\"https:\/\/beta.sanovita.ro\/blog\/#website\",\"url\":\"https:\/\/beta.sanovita.ro\/blog\/\",\"name\":\"Zi de zi mai bine\",\"description\":\"Zi de zi mai bine!\",\"publisher\":{\"@id\":\"https:\/\/beta.sanovita.ro\/blog\/#organization\"},\"potentialAction\":[{\"@type\":\"SearchAction\",\"target\":{\"@type\":\"EntryPoint\",\"urlTemplate\":\"https:\/\/beta.sanovita.ro\/blog\/?s={search_term_string}\"},\"query-input\":\"required name=search_term_string\"}],\"inLanguage\":\"ro-RO\"},{\"@type\":\"Organization\",\"@id\":\"https:\/\/beta.sanovita.ro\/blog\/#organization\",\"name\":\"Sano Vita\",\"url\":\"https:\/\/beta.sanovita.ro\/blog\/\",\"logo\":{\"@type\":\"ImageObject\",\"inLanguage\":\"ro-RO\",\"@id\":\"https:\/\/beta.sanovita.ro\/blog\/#\/schema\/logo\/image\/\",\"url\":\"https:\/\/sanovita.ro\/blog\/wp-content\/uploads\/2021\/05\/sanovita-new.png\",\"contentUrl\":\"https:\/\/sanovita.ro\/blog\/wp-content\/uploads\/2021\/05\/sanovita-new.png\",\"width\":546,\"height\":110,\"caption\":\"Sano Vita\"},\"image\":{\"@id\":\"https:\/\/beta.sanovita.ro\/blog\/#\/schema\/logo\/image\/\"},\"sameAs\":[\"https:\/\/www.instagram.com\/sano_vita\",\"https:\/\/www.facebook.com\/SanoVita\/\",\"https:\/\/twitter.com\/SanoVitaOficial\"]},{\"@type\":\"Person\",\"@id\":\"https:\/\/beta.sanovita.ro\/blog\/#\/schema\/person\/9f87f9806cd9a47de966c1dce4829b60\",\"name\":\"Expertul SanoVita\",\"image\":{\"@type\":\"ImageObject\",\"inLanguage\":\"ro-RO\",\"@id\":\"https:\/\/beta.sanovita.ro\/blog\/#\/schema\/person\/image\/\",\"url\":\"https:\/\/www.sanovita.ro\/blog\/wp-content\/uploads\/2021\/08\/expert-sano-2-96x96.png\",\"contentUrl\":\"https:\/\/www.sanovita.ro\/blog\/wp-content\/uploads\/2021\/08\/expert-sano-2-96x96.png\",\"caption\":\"Expertul SanoVita\"},\"description\":\"Viziunea SanoVita este c\u0103, promov\u00e2nd hrana s\u0103n\u0103toas\u0103, nu doar vom asista la o \u00eembun\u0103t\u0103\u021bire a s\u0103n\u0103t\u0103\u021bii rom\u00e2nilor, ci, mai mult de at\u00e2t, vom fi unul dintre factorii care particip\u0103 activ la schimbarea \u00een bine. Ne dorim s\u0103 contribuim la o lume mai bun\u0103, mai con\u0219tient\u0103 de ceea ce m\u0103n\u00e2nc\u0103, de oportunit\u0103\u021bile care exist\u0103 \u00een c\u0103mara fiec\u0103ruia \u0219i s\u0103 d\u0103m idei pentru o alimenta\u021bie s\u0103n\u0103toas\u0103 \u0219i, \u00een acela\u0219i timp, gustoas\u0103.\",\"sameAs\":[\"https:\/\/www.sanovita.ro\/\",\"https:\/\/www.facebook.com\/SanoVita\/\",\"https:\/\/www.instagram.com\/sano_vita\/\",\"https:\/\/twitter.com\/https:\/\/twitter.com\/sanovitaoficial\",\"https:\/\/www.youtube.com\/channel\/UCBKoqOSEJxjRCSiZcoi_1NA\"],\"url\":\"https:\/\/beta.sanovita.ro\/blog\/author\/expertul-sanovita\/\"}]}<\/script>\n<!-- \/ Yoast SEO plugin. -->","yoast_head_json":{"title":"Reteta Tarte cu fructe si karob &ndash; Zi de zi mai bine - SanoVita","description":"Reteta de tarte cu fructe se va dovedi un desert racoritor si usor, foarte potrivit pentru masa ta de sarbatori sau in orice alta ocazie obisnuita sau speciala. Tartele cu fructele nu se pregatesc greu si sunt delicioase. De fapt vorbim despre niste minitarte, dar cu aceeasi reteta poti pregati si o tarta mare","robots":{"index":"index","follow":"follow","max-snippet":"max-snippet:-1","max-image-preview":"max-image-preview:large","max-video-preview":"max-video-preview:-1"},"canonical":"https:\/\/beta.sanovita.ro\/blog\/tarte-cu-fructe-si-karob\/","og_locale":"ro_RO","og_type":"article","og_title":"Reteta Tarte cu fructe si karob &ndash; Zi de zi mai bine - SanoVita","og_description":"Reteta de tarte cu fructe se va dovedi un desert racoritor si usor, foarte potrivit pentru masa ta de sarbatori sau in orice alta ocazie obisnuita sau speciala. Tartele cu fructele nu se pregatesc greu si sunt delicioase. De fapt vorbim despre niste minitarte, dar cu aceeasi reteta poti pregati si o tarta mare","og_url":"https:\/\/beta.sanovita.ro\/blog\/tarte-cu-fructe-si-karob\/","og_site_name":"Zi de zi mai bine - SanoVita","article_publisher":"https:\/\/www.facebook.com\/SanoVita\/","article_author":"https:\/\/www.facebook.com\/SanoVita\/","article_published_time":"2017-12-12T17:36:22+00:00","article_modified_time":"2024-04-02T14:01:08+00:00","og_image":[{"width":2592,"height":1728,"url":"https:\/\/beta.sanovita.ro\/blog\/wp-content\/uploads\/2017\/11\/Tarte-cu-fructe-de-sezon.jpg","type":"image\/jpeg"}],"author":"Expertul SanoVita","twitter_card":"summary_large_image","twitter_creator":"@https:\/\/twitter.com\/sanovitaoficial","twitter_site":"@SanoVitaOficial","twitter_misc":{"Scris de":"Expertul SanoVita","Timp estimat pentru citire":"4 minute"},"schema":{"@context":"https:\/\/schema.org","@graph":[{"@type":"Article","@id":"https:\/\/beta.sanovita.ro\/blog\/tarte-cu-fructe-si-karob\/#article","isPartOf":{"@id":"https:\/\/beta.sanovita.ro\/blog\/tarte-cu-fructe-si-karob\/"},"author":{"name":"Expertul SanoVita","@id":"https:\/\/beta.sanovita.ro\/blog\/#\/schema\/person\/9f87f9806cd9a47de966c1dce4829b60"},"headline":"Tarte cu fructe si karob","datePublished":"2017-12-12T17:36:22+00:00","dateModified":"2024-04-02T14:01:08+00:00","mainEntityOfPage":{"@id":"https:\/\/beta.sanovita.ro\/blog\/tarte-cu-fructe-si-karob\/"},"wordCount":884,"commentCount":0,"publisher":{"@id":"https:\/\/beta.sanovita.ro\/blog\/#organization"},"keywords":["amidon de porumb","Deserturi de post","Deserturi \u0219i dulciuri de post","drojdie","faina alba","fructe","lapte de soia","pudra de roscove","Re\u021bete de post","ulei de cocos","vanilie","zahar brut"],"articleSection":["Deserturi s\u0103n\u0103toase"],"inLanguage":"ro-RO","potentialAction":[{"@type":"CommentAction","name":"Comment","target":["https:\/\/beta.sanovita.ro\/blog\/tarte-cu-fructe-si-karob\/#respond"]}]},{"@type":"WebPage","@id":"https:\/\/beta.sanovita.ro\/blog\/tarte-cu-fructe-si-karob\/","url":"https:\/\/beta.sanovita.ro\/blog\/tarte-cu-fructe-si-karob\/","name":"Reteta Tarte cu fructe si karob &ndash; Zi de zi mai bine - SanoVita","isPartOf":{"@id":"https:\/\/beta.sanovita.ro\/blog\/#website"},"datePublished":"2017-12-12T17:36:22+00:00","dateModified":"2024-04-02T14:01:08+00:00","description":"Reteta de tarte cu fructe se va dovedi un desert racoritor si usor, foarte potrivit pentru masa ta de sarbatori sau in orice alta ocazie obisnuita sau speciala. Tartele cu fructele nu se pregatesc greu si sunt delicioase. De fapt vorbim despre niste minitarte, dar cu aceeasi reteta poti pregati si o tarta mare","inLanguage":"ro-RO","potentialAction":[{"@type":"ReadAction","target":["https:\/\/beta.sanovita.ro\/blog\/tarte-cu-fructe-si-karob\/"]}]},{"@type":"WebSite","@id":"https:\/\/beta.sanovita.ro\/blog\/#website","url":"https:\/\/beta.sanovita.ro\/blog\/","name":"Zi de zi mai bine","description":"Zi de zi mai bine!","publisher":{"@id":"https:\/\/beta.sanovita.ro\/blog\/#organization"},"potentialAction":[{"@type":"SearchAction","target":{"@type":"EntryPoint","urlTemplate":"https:\/\/beta.sanovita.ro\/blog\/?s={search_term_string}"},"query-input":"required name=search_term_string"}],"inLanguage":"ro-RO"},{"@type":"Organization","@id":"https:\/\/beta.sanovita.ro\/blog\/#organization","name":"Sano Vita","url":"https:\/\/beta.sanovita.ro\/blog\/","logo":{"@type":"ImageObject","inLanguage":"ro-RO","@id":"https:\/\/beta.sanovita.ro\/blog\/#\/schema\/logo\/image\/","url":"https:\/\/sanovita.ro\/blog\/wp-content\/uploads\/2021\/05\/sanovita-new.png","contentUrl":"https:\/\/sanovita.ro\/blog\/wp-content\/uploads\/2021\/05\/sanovita-new.png","width":546,"height":110,"caption":"Sano Vita"},"image":{"@id":"https:\/\/beta.sanovita.ro\/blog\/#\/schema\/logo\/image\/"},"sameAs":["https:\/\/www.instagram.com\/sano_vita","https:\/\/www.facebook.com\/SanoVita\/","https:\/\/twitter.com\/SanoVitaOficial"]},{"@type":"Person","@id":"https:\/\/beta.sanovita.ro\/blog\/#\/schema\/person\/9f87f9806cd9a47de966c1dce4829b60","name":"Expertul SanoVita","image":{"@type":"ImageObject","inLanguage":"ro-RO","@id":"https:\/\/beta.sanovita.ro\/blog\/#\/schema\/person\/image\/","url":"https:\/\/www.sanovita.ro\/blog\/wp-content\/uploads\/2021\/08\/expert-sano-2-96x96.png","contentUrl":"https:\/\/www.sanovita.ro\/blog\/wp-content\/uploads\/2021\/08\/expert-sano-2-96x96.png","caption":"Expertul SanoVita"},"description":"Viziunea SanoVita este c\u0103, promov\u00e2nd hrana s\u0103n\u0103toas\u0103, nu doar vom asista la o \u00eembun\u0103t\u0103\u021bire a s\u0103n\u0103t\u0103\u021bii rom\u00e2nilor, ci, mai mult de at\u00e2t, vom fi unul dintre factorii care particip\u0103 activ la schimbarea \u00een bine. Ne dorim s\u0103 contribuim la o lume mai bun\u0103, mai con\u0219tient\u0103 de ceea ce m\u0103n\u00e2nc\u0103, de oportunit\u0103\u021bile care exist\u0103 \u00een c\u0103mara fiec\u0103ruia \u0219i s\u0103 d\u0103m idei pentru o alimenta\u021bie s\u0103n\u0103toas\u0103 \u0219i, \u00een acela\u0219i timp, gustoas\u0103.","sameAs":["https:\/\/www.sanovita.ro\/","https:\/\/www.facebook.com\/SanoVita\/","https:\/\/www.instagram.com\/sano_vita\/","https:\/\/twitter.com\/https:\/\/twitter.com\/sanovitaoficial","https:\/\/www.youtube.com\/channel\/UCBKoqOSEJxjRCSiZcoi_1NA"],"url":"https:\/\/beta.sanovita.ro\/blog\/author\/expertul-sanovita\/"}]}},"jetpack_publicize_connections":[],"jetpack_featured_media_url":"https:\/\/beta.sanovita.ro\/blog\/wp-content\/uploads\/2017\/11\/Tarte-cu-fructe-de-sezon.jpg","featured_image_src":"https:\/\/beta.sanovita.ro\/blog\/wp-content\/uploads\/2017\/11\/Tarte-cu-fructe-de-sezon-729x486.jpg","jetpack_shortlink":"https:\/\/wp.me\/p8JCYA-1n6","jetpack_sharing_enabled":true,"_links":{"self":[{"href":"https:\/\/beta.sanovita.ro\/blog\/wp-json\/wp\/v2\/posts\/5276","targetHints":{"allow":["GET"]}}],"collection":[{"href":"https:\/\/beta.sanovita.ro\/blog\/wp-json\/wp\/v2\/posts"}],"about":[{"href":"https:\/\/beta.sanovita.ro\/blog\/wp-json\/wp\/v2\/types\/post"}],"author":[{"embeddable":true,"href":"https:\/\/beta.sanovita.ro\/blog\/wp-json\/wp\/v2\/users\/12"}],"replies":[{"embeddable":true,"href":"https:\/\/beta.sanovita.ro\/blog\/wp-json\/wp\/v2\/comments?post=5276"}],"version-history":[{"count":7,"href":"https:\/\/beta.sanovita.ro\/blog\/wp-json\/wp\/v2\/posts\/5276\/revisions"}],"predecessor-version":[{"id":21968,"href":"https:\/\/beta.sanovita.ro\/blog\/wp-json\/wp\/v2\/posts\/5276\/revisions\/21968"}],"wp:featuredmedia":[{"embeddable":true,"href":"https:\/\/beta.sanovita.ro\/blog\/wp-json\/wp\/v2\/media\/5536"}],"wp:attachment":[{"href":"https:\/\/beta.sanovita.ro\/blog\/wp-json\/wp\/v2\/media?parent=5276"}],"wp:term":[{"taxonomy":"category","embeddable":true,"href":"https:\/\/beta.sanovita.ro\/blog\/wp-json\/wp\/v2\/categories?post=5276"},{"taxonomy":"post_tag","embeddable":true,"href":"https:\/\/beta.sanovita.ro\/blog\/wp-json\/wp\/v2\/tags?post=5276"}],"curies":[{"name":"wp","href":"https:\/\/api.w.org\/{rel}","templated":true}]}}