{"id":450,"date":"2017-04-26T22:02:38","date_gmt":"2017-04-26T19:02:38","guid":{"rendered":"http:\/\/beta.sanovita.ro\/blog\/?p=450"},"modified":"2024-04-02T17:09:27","modified_gmt":"2024-04-02T14:09:27","slug":"tort-de-portocale-si-mac","status":"publish","type":"post","link":"https:\/\/beta.sanovita.ro\/blog\/tort-de-portocale-si-mac\/","title":{"rendered":"Tort de portocale si mac"},"content":{"rendered":"<section class=\"wpb-content-wrapper\"><p style=\"text-align: justify;\">Reteta de tort de portocale si mac va fi pe placul oricarui gurmand, in orice perioada a anului. Fie ca tii post, dar iti doresti sa mananci un desert dulce, fie ca vrei sa pregatesti ceva bun pentru familia ta, acest preparat este cel potrivit. Se poate savura iarna cu o ceasca de ceai alaturi sau vara, alaturi de un fresh racoritor: e la fel de bun oricand!<\/p>\n<div class=\"td_text_columns_two_cols\">\n<p style=\"text-align: center;\"><span style=\"font-size: 10pt;\"><strong>TIMP PREPARARE \u00a0 <\/strong><span style=\"color: #ff0000;\">75 minute<\/span><br \/>\n<\/span><\/p>\n<p style=\"text-align: center;\"><span style=\"font-size: 10pt;\"><strong>PORTII\u00a0\u00a0 <\/strong><span style=\"color: #ff0000;\">8<\/span><\/span><\/p>\n<p style=\"text-align: center;\"><span style=\"font-size: 10pt;\"><strong>TIP RETETA\u00a0 <\/strong><span style=\"color: #ff0000;\">Desert<\/span><\/span><\/p>\n<p style=\"text-align: center;\"><span style=\"font-size: 10pt;\"><strong>DIFICULTATE <\/strong> <span style=\"color: #ff0000;\">Medie<\/span><br \/>\n<\/span><\/p>\n<p style=\"text-align: center;\"><span style=\"font-size: 10pt;\"><strong>PRINTEAZA RETETA<\/strong> <\/span><\/p>\n<p style=\"text-align: center;\"><span style=\"font-size: 10pt;\"><span style=\"color: #000000;\"><div class=\"printfriendly pf-button  pf-aligncenter\">\n                    <a href=\"https:\/\/beta.sanovita.ro\/blog\/tort-de-portocale-si-mac\/?pfstyle=wp\" rel=\"nofollow\" onclick=\"\" title=\"Printer Friendly, PDF & Email\">\n                    <img decoding=\"async\" class=\"pf-button-img\" src=\"https:\/\/cdn.printfriendly.com\/buttons\/printfriendly-pdf-button.png\" alt=\"Print Friendly, PDF & Email\" style=\"width: 112px;height: 24px;\"  \/>\n                    <\/a>\n                <\/div><\/span><br \/>\n<\/span><\/p>\n<\/div>\n<hr \/>\n<h3 style=\"text-align: left;\"><i class=\"fa fa-shopping-basket \" ><\/i> Ingrediente reteta Tort de portocale si mac<\/h3>\n<div class=\"blog-info\">\n<div class=\"description\">\n<div class=\"inner\">\n<ul>\n<li>1 ceasca\u00a0<a href=\"https:\/\/sanovita.ro\/bautura-vegetala-de-orez-1l-67.html\"><strong>b\u0103utur\u0103 de orez<\/strong><\/a><\/li>\n<li>1 ceasca ulei de masline<\/li>\n<li>1 ceasca\u00a0<a href=\"https:\/\/www.sanovita.ro\/zahar-brut-din-trestie-500g-117.html?utm_medium=blog&amp;utm_source=retetablog-tort-de-portocale-si-mac\" target=\"_blank\" rel=\"noopener noreferrer\"><strong>zahar brut<\/strong><\/a><\/li>\n<li>1 ceasca\u00a0<a href=\"https:\/\/www.sanovita.ro\/migdale-500g-86.html?utm_medium=blog&amp;utm_source=retetablog-tort-de-portocale-si-mac\" target=\"_blank\" rel=\"noopener noreferrer\"><strong>migdale<\/strong><\/a> decojite rasnite<\/li>\n<li>2 linguri de zeama de lamaie<\/li>\n<li>coaja rasa de la o portocala<\/li>\n<li>1 praf de copt<\/li>\n<li>2 cesti faina alba<\/li>\n<li>1 ceasca\u00a0<strong><a href=\"https:\/\/www.sanovita.ro\/faina-integrala-de-grau-1-kg-17.html?utm_medium=blog&amp;utm_source=retetablog-tort-de-portocale-si-mac\" target=\"_blank\" rel=\"noopener noreferrer\">faina de grau integrala<\/a><\/strong><\/li>\n<li>2 linguri de seminte de mac<\/li>\n<\/ul>\n<ul>\n<li style=\"list-style-type: none;\"><strong>Op\u021bional, pentru sirop:<\/strong><\/li>\n<li>zeama\u00a0de la o portocala<\/li>\n<li>2 linguri de zahar<\/li>\n<\/ul>\n<\/div>\n<\/div>\n<\/div>\n<p>[\/vc_cta][vc_cta h2=&#8221;&#8221; h4=&#8221;Migdale&#8221; txt_align=&#8221;center&#8221; color=&#8221;green&#8221; add_button=&#8221;bottom&#8221; btn_title=&#8221;Vezi detalii produs&#8221; btn_style=&#8221;classic&#8221; btn_color=&#8221;danger&#8221; btn_size=&#8221;sm&#8221; btn_align=&#8221;center&#8221; btn_link=&#8221;url:https%3A%2F%2Fwww.sanovita.ro%2Fmigdale-500g-86.html%3Futm_medium%3Dblog%26utm_source%3Dretetablog-tort-de-portocale-si-mac||target:%20_blank|rel:nofollow&#8221;]<a href=\"https:\/\/www.sanovita.ro\/migdale-500g-86.html?utm_medium=blog&amp;utm_source=retetablog-tort-de-portocale-si-mac\"><img loading=\"lazy\" decoding=\"async\" class=\"aligncenter wp-image-5185 size-thumbnail\" src=\"https:\/\/www.sanovita.ro\/blog\/wp-content\/uploads\/2017\/11\/migdale-500g-200x200.jpg\" alt=\"migdale-500g\" width=\"200\" height=\"200\" srcset=\"https:\/\/beta.sanovita.ro\/blog\/wp-content\/uploads\/2017\/11\/migdale-500g-200x200.jpg 200w, https:\/\/beta.sanovita.ro\/blog\/wp-content\/uploads\/2017\/11\/migdale-500g-324x324.jpg 324w, https:\/\/beta.sanovita.ro\/blog\/wp-content\/uploads\/2017\/11\/migdale-500g.jpg 458w\" sizes=\"auto, (max-width: 200px) 100vw, 200px\" \/><\/a>[\/vc_cta][\/vc_column]<div class=\"vc_column tdi_2  wpb_column vc_column_container tdc-column td-pb-span6\">\n<style scoped>\n\n\/* custom css *\/\n.tdi_2{\r\n                    vertical-align: baseline;\r\n                }.tdi_2 > .wpb_wrapper,\r\n\t\t\t\t.tdi_2 > .wpb_wrapper > .tdc-elements{\r\n\t\t\t\t    display: block;\r\n\t\t\t\t}.tdi_2 > .wpb_wrapper > .tdc-elements{\r\n\t\t\t\t    width: 100%;\r\n\t\t\t\t}.tdi_2 > .wpb_wrapper > .vc_row_inner{\r\n\t\t\t\t    width: auto;\r\n\t\t\t\t}.tdi_2 > .wpb_wrapper{\r\n\t\t\t\t    width: auto;\r\n\t\t\t\t    height: auto;\r\n\t\t\t\t}\n<\/style><div class=\"wpb_wrapper\" >[vc_cta h2=&#8221;&#8221; h4=&#8221;Zahar brut&#8221; txt_align=&#8221;center&#8221; color=&#8221;green&#8221; add_button=&#8221;bottom&#8221; btn_title=&#8221;Vezi detalii produs&#8221; btn_style=&#8221;classic&#8221; btn_color=&#8221;danger&#8221; btn_size=&#8221;sm&#8221; btn_align=&#8221;center&#8221; btn_link=&#8221;url:https%3A%2F%2Fwww.sanovita.ro%2Fzahar-brut-din-trestie-500g-117.html%3Futm_medium%3Dblog%26utm_source%3Dretetablog-tort-de-portocale-si-mac||target:%20_blank|rel:nofollow&#8221;]<a href=\"https:\/\/www.sanovita.ro\/zahar-brut-din-trestie-500g-117.html?utm_medium=blog&amp;utm_source=retetablog-tort-de-portocale-si-mac\"><img loading=\"lazy\" decoding=\"async\" class=\"aligncenter wp-image-5038 size-thumbnail\" src=\"https:\/\/www.sanovita.ro\/blog\/wp-content\/uploads\/2017\/10\/zahar-brut-din-trestie-500g-200x200.jpg\" alt=\"zahar-brut-din-trestie-500g\" width=\"200\" height=\"200\" srcset=\"https:\/\/beta.sanovita.ro\/blog\/wp-content\/uploads\/2017\/10\/zahar-brut-din-trestie-500g-200x200.jpg 200w, https:\/\/beta.sanovita.ro\/blog\/wp-content\/uploads\/2017\/10\/zahar-brut-din-trestie-500g-324x324.jpg 324w, https:\/\/beta.sanovita.ro\/blog\/wp-content\/uploads\/2017\/10\/zahar-brut-din-trestie-500g.jpg 458w\" sizes=\"auto, (max-width: 200px) 100vw, 200px\" \/><\/a>[\/vc_cta][vc_cta h2=&#8221;&#8221; h4=&#8221;Faina de grau integrala&#8221; txt_align=&#8221;center&#8221; color=&#8221;green&#8221; add_button=&#8221;bottom&#8221; btn_title=&#8221;Vezi detalii produs&#8221; btn_style=&#8221;classic&#8221; btn_color=&#8221;danger&#8221; btn_size=&#8221;sm&#8221; btn_align=&#8221;center&#8221; btn_link=&#8221;url:https%3A%2F%2Fwww.sanovita.ro%2Ffaina-integrala-de-grau-1-kg-17.html%3Futm_medium%3Dblog%26utm_source%3Dretetablog-tort-de-portocale-si-mac||target:%20_blank|rel:nofollow&#8221;]<a href=\"https:\/\/www.sanovita.ro\/faina-integrala-de-grau-1-kg-17.html?utm_medium=blog&amp;utm_source=retetablog-tort-de-portocale-si-mac\"><img loading=\"lazy\" decoding=\"async\" class=\"aligncenter wp-image-6003 size-thumbnail\" src=\"https:\/\/www.sanovita.ro\/blog\/wp-content\/uploads\/2017\/07\/faina-integrala-de-grau-1-kg-200x200.jpg\" alt=\"faina-integrala-de-grau-1-kg\" width=\"200\" height=\"200\" srcset=\"https:\/\/beta.sanovita.ro\/blog\/wp-content\/uploads\/2017\/07\/faina-integrala-de-grau-1-kg-200x200.jpg 200w, https:\/\/beta.sanovita.ro\/blog\/wp-content\/uploads\/2017\/07\/faina-integrala-de-grau-1-kg-324x324.jpg 324w, https:\/\/beta.sanovita.ro\/blog\/wp-content\/uploads\/2017\/07\/faina-integrala-de-grau-1-kg.jpg 458w\" sizes=\"auto, (max-width: 200px) 100vw, 200px\" \/><\/a>[\/vc_cta]<\/div><\/div>[\/vc_row]<div id=\"tdi_3\" class=\"tdc-row\"><div class=\"vc_row tdi_4  wpb_row td-pb-row\" >\n<style scoped>\n\n\/* custom css *\/\n.tdi_4,\r\n                .tdi_4 .tdc-columns{\r\n                    min-height: 0;\r\n                }.tdi_4,\r\n\t\t\t\t.tdi_4 .tdc-columns{\r\n\t\t\t\t    display: block;\r\n\t\t\t\t}.tdi_4 .tdc-columns{\r\n\t\t\t\t    width: 100%;\r\n\t\t\t\t}\n<\/style><div class=\"vc_column tdi_6  wpb_column vc_column_container tdc-column td-pb-span12\">\n<style scoped>\n\n\/* custom css *\/\n.tdi_6{\r\n                    vertical-align: baseline;\r\n                }.tdi_6 > .wpb_wrapper,\r\n\t\t\t\t.tdi_6 > .wpb_wrapper > .tdc-elements{\r\n\t\t\t\t    display: block;\r\n\t\t\t\t}.tdi_6 > .wpb_wrapper > .tdc-elements{\r\n\t\t\t\t    width: 100%;\r\n\t\t\t\t}.tdi_6 > .wpb_wrapper > .vc_row_inner{\r\n\t\t\t\t    width: auto;\r\n\t\t\t\t}.tdi_6 > .wpb_wrapper{\r\n\t\t\t\t    width: auto;\r\n\t\t\t\t    height: auto;\r\n\t\t\t\t}\n<\/style><div class=\"wpb_wrapper\" >[vc_column_text]<\/p>\n<h3 style=\"text-align: left;\"><i class=\"fa fa-cutlery \" ><\/i> Mod de preparare reteta Tort de portocale si mac<\/h3>\n<ul style=\"text-align: justify;\">\n<li>Se incalzeste putin b\u0103utura vegetal\u0103 si in ea se topeste zaharul amestecand continuu.<\/li>\n<\/ul>\n<ul style=\"text-align: justify;\">\n<li>Intr-un castron adaugam toate ingredientele si le amestecam bine, pana cand devin o coca moale, asemanatoare compozitiei de chec.<\/li>\n<\/ul>\n<ul style=\"text-align: justify;\">\n<li>Se pregateste o tava rotunda, tapetand-o cu hartie de copt si in ea vom pune compozitia de tort.<\/li>\n<\/ul>\n<ul style=\"text-align: justify;\">\n<li>Dam tortul la cuptorul preincalzit la 180 grade C.<\/li>\n<\/ul>\n<ul style=\"text-align: justify;\">\n<li>Il vom lasa la copt aproximativ 40 de minute, verificand cu o scobitoare daca s-a copt.<\/li>\n<\/ul>\n<ul style=\"text-align: justify;\">\n<li>In continuare, vom pregati siropul: punem la incalzit pe foc mic zeama de portocala si zaharul, amestecand continuu pana cand zaharul se dizolva.<\/li>\n<\/ul>\n<ul style=\"text-align: justify;\">\n<li>Se inteapa blatul in partea de sus de mai multe ori cu o scobitoare si se toarna siropul deasupra. Intepand in acest fel ne vom asigura ca siropul va patrunde in toata adancimea blatului si acesta nu ramane uscat sau inecacios.<\/li>\n<\/ul>\n<ul style=\"text-align: justify;\">\n<li>Ornam tortul cu felii de portocale si il putem servi alaturi de o ceasca de ceai.<\/li>\n<\/ul>\n<h3 style=\"text-align: left;\"><i class=\"fa fa-cutlery \" ><\/i> Observatii reteta Tort de portocale si mac<\/h3>\n<ul style=\"text-align: justify;\">\n<li style=\"text-align: justify;\">Acest tort este preparat integral din produse de origine vegetala, deci poate fi consumat atat de vegetarieni, cat si de persoanele care tin post sau de cei care, din motive de sanatate, doresc sa reduca aportul de produsele animale din alimentatie.<\/li>\n<\/ul>\n<ul style=\"text-align: justify;\">\n<li>Portocala folosita atat in compozitie (coaja), cat si pentru insiropat (sucul) si pentru ornat (feliile intregi sau bucati) ii vor da o aroma fresh si racoritoare.<\/li>\n<\/ul>\n<h3 style=\"text-align: left;\"><i class=\"fa fa-lightbulb-o \" ><\/i> Stiai ca?<\/h3>\n<ul style=\"text-align: justify;\">\n<li>Dat fiind ca blatul tortului este pregatit cu b\u0103utur\u0103 vegetal\u0103, care nu contine lactoza, el se constituie ca o varianta foarte buna de desert pentru cei care sufera de intoleranta la proteina din lapte?<\/li>\n<\/ul>\n<ul style=\"text-align: justify;\">\n<li>B\u0103uturile vegetale sunt asemanatoare la textur\u0103 \u0219i culoare cu laptele de vaca, in schimb iti aduc foarte multe vitamine si minerale, cu rol benefic pentru sanatatea ta? In plus, b\u0103uturile vegetale nu doar ca nu contin colesterol, dar, pot fi un \u00eenlocuitor aproape la fel de bun al laptelui, \u00een orice re\u021bet\u0103.<\/li>\n<\/ul>\n<ul style=\"text-align: justify;\">\n<li>Faina integrala din reteta acestui tort cu portocale si mac iti va imbunatati, datorita continutului ridicat de fibre, digestia si, in acelsi timp, va reduce aportul caloric al preparatului?<\/li>\n<\/ul>\n<p>[\/vc_column_text]<\/div><\/div><\/div><\/div>\n<\/section>","protected":false},"excerpt":{"rendered":"<p>Reteta de tort de portocale si mac va fi pe placul oricarui gurmand, in orice perioada a anului. Fie ca tii post, dar iti doresti sa mananci un desert dulce, fie ca vrei sa pregatesti ceva bun pentru familia ta, acest preparat este cel potrivit. Se poate savura iarna cu o ceasca de ceai alaturi [&hellip;]<\/p>\n","protected":false},"author":12,"featured_media":2468,"comment_status":"open","ping_status":"open","sticky":false,"template":"","format":"standard","meta":{"jetpack_post_was_ever_published":false,"_jetpack_newsletter_access":"","_jetpack_dont_email_post_to_subs":false,"_jetpack_newsletter_tier_id":0,"_jetpack_memberships_contains_paywalled_content":false,"_jetpack_memberships_contains_paid_content":false,"footnotes":"","jetpack_publicize_message":"","jetpack_publicize_feature_enabled":true,"jetpack_social_post_already_shared":false,"jetpack_social_options":{"image_generator_settings":{"template":"highway","enabled":false},"version":2}},"categories":[8],"tags":[1072,126,142,12,35,41,125,1345,1235,146,100,29,666],"class_list":{"0":"post-450","1":"post","2":"type-post","3":"status-publish","4":"format-standard","5":"has-post-thumbnail","7":"category-deserturi","8":"tag-desert-de-post","9":"tag-faina-alba","10":"tag-faina-de-grau-integrala","11":"tag-lamaie","12":"tag-lapte-de-soia","13":"tag-migdale","14":"tag-portocala","15":"tag-prajituri-de-post","16":"tag-retete-de-post","17":"tag-seminte-de-mac","18":"tag-ulei-de-masline","19":"tag-zahar-brut","20":"tag-zb5"},"yoast_head":"<!-- This site is optimized with the Yoast SEO plugin v19.14 - https:\/\/yoast.com\/wordpress\/plugins\/seo\/ -->\n<title>Reteta Tort de portocale si mac &ndash; Zi de zi mai bine - SanoVita<\/title>\n<meta name=\"description\" content=\"Reteta de tort de portocale si mac va fi pe placul oricarui gurmand, in orice perioada a anului. Fie ca tii post, dar iti doresti sa mananci un desert dulce, fie ca vrei sa pregatesti ceva bun pentru familia ta, acest preparat este cel potrivit. Se poate savura iarna cu o ceasca de ceai alaturi sau vara\" \/>\n<meta name=\"robots\" content=\"index, follow, max-snippet:-1, max-image-preview:large, max-video-preview:-1\" \/>\n<link rel=\"canonical\" href=\"https:\/\/beta.sanovita.ro\/blog\/tort-de-portocale-si-mac\/\" \/>\n<meta property=\"og:locale\" content=\"ro_RO\" \/>\n<meta property=\"og:type\" content=\"article\" \/>\n<meta property=\"og:title\" content=\"Reteta Tort de portocale si mac &ndash; Zi de zi mai bine - SanoVita\" \/>\n<meta property=\"og:description\" content=\"Reteta de tort de portocale si mac va fi pe placul oricarui gurmand, in orice perioada a anului. Fie ca tii post, dar iti doresti sa mananci un desert dulce, fie ca vrei sa pregatesti ceva bun pentru familia ta, acest preparat este cel potrivit. Se poate savura iarna cu o ceasca de ceai alaturi sau vara\" \/>\n<meta property=\"og:url\" content=\"https:\/\/beta.sanovita.ro\/blog\/tort-de-portocale-si-mac\/\" \/>\n<meta property=\"og:site_name\" content=\"Zi de zi mai bine - SanoVita\" \/>\n<meta property=\"article:publisher\" content=\"https:\/\/www.facebook.com\/SanoVita\/\" \/>\n<meta property=\"article:author\" content=\"https:\/\/www.facebook.com\/SanoVita\/\" \/>\n<meta property=\"article:published_time\" content=\"2017-04-26T19:02:38+00:00\" \/>\n<meta property=\"article:modified_time\" content=\"2024-04-02T14:09:27+00:00\" \/>\n<meta property=\"og:image\" content=\"https:\/\/beta.sanovita.ro\/blog\/wp-content\/uploads\/2017\/04\/Tort-de-portocale-si-mac-e1496080790641.jpg\" \/>\n\t<meta property=\"og:image:width\" content=\"1500\" \/>\n\t<meta property=\"og:image:height\" content=\"1000\" \/>\n\t<meta property=\"og:image:type\" content=\"image\/jpeg\" \/>\n<meta name=\"author\" content=\"Expertul SanoVita\" \/>\n<meta name=\"twitter:card\" content=\"summary_large_image\" \/>\n<meta name=\"twitter:creator\" content=\"@https:\/\/twitter.com\/sanovitaoficial\" \/>\n<meta name=\"twitter:site\" content=\"@SanoVitaOficial\" \/>\n<meta name=\"twitter:label1\" content=\"Scris de\" \/>\n\t<meta name=\"twitter:data1\" content=\"Expertul SanoVita\" \/>\n\t<meta name=\"twitter:label2\" content=\"Timp estimat pentru citire\" \/>\n\t<meta name=\"twitter:data2\" content=\"4 minute\" \/>\n<script type=\"application\/ld+json\" class=\"yoast-schema-graph\">{\"@context\":\"https:\/\/schema.org\",\"@graph\":[{\"@type\":\"Article\",\"@id\":\"https:\/\/beta.sanovita.ro\/blog\/tort-de-portocale-si-mac\/#article\",\"isPartOf\":{\"@id\":\"https:\/\/beta.sanovita.ro\/blog\/tort-de-portocale-si-mac\/\"},\"author\":{\"name\":\"Expertul SanoVita\",\"@id\":\"https:\/\/beta.sanovita.ro\/blog\/#\/schema\/person\/9f87f9806cd9a47de966c1dce4829b60\"},\"headline\":\"Tort de portocale si mac\",\"datePublished\":\"2017-04-26T19:02:38+00:00\",\"dateModified\":\"2024-04-02T14:09:27+00:00\",\"mainEntityOfPage\":{\"@id\":\"https:\/\/beta.sanovita.ro\/blog\/tort-de-portocale-si-mac\/\"},\"wordCount\":714,\"commentCount\":2,\"publisher\":{\"@id\":\"https:\/\/beta.sanovita.ro\/blog\/#organization\"},\"keywords\":[\"Deserturi de post\",\"faina alba\",\"faina de grau integrala\",\"lamaie\",\"lapte de soia\",\"migdale\",\"portocala\",\"Pr\u0103jituri de post\",\"Re\u021bete de post\",\"seminte de mac\",\"ulei de masline\",\"zahar brut\",\"ZB5\"],\"articleSection\":[\"Deserturi s\u0103n\u0103toase\"],\"inLanguage\":\"ro-RO\",\"potentialAction\":[{\"@type\":\"CommentAction\",\"name\":\"Comment\",\"target\":[\"https:\/\/beta.sanovita.ro\/blog\/tort-de-portocale-si-mac\/#respond\"]}]},{\"@type\":\"WebPage\",\"@id\":\"https:\/\/beta.sanovita.ro\/blog\/tort-de-portocale-si-mac\/\",\"url\":\"https:\/\/beta.sanovita.ro\/blog\/tort-de-portocale-si-mac\/\",\"name\":\"Reteta Tort de portocale si mac &ndash; Zi de zi mai bine - SanoVita\",\"isPartOf\":{\"@id\":\"https:\/\/beta.sanovita.ro\/blog\/#website\"},\"datePublished\":\"2017-04-26T19:02:38+00:00\",\"dateModified\":\"2024-04-02T14:09:27+00:00\",\"description\":\"Reteta de tort de portocale si mac va fi pe placul oricarui gurmand, in orice perioada a anului. Fie ca tii post, dar iti doresti sa mananci un desert dulce, fie ca vrei sa pregatesti ceva bun pentru familia ta, acest preparat este cel potrivit. Se poate savura iarna cu o ceasca de ceai alaturi sau vara\",\"inLanguage\":\"ro-RO\",\"potentialAction\":[{\"@type\":\"ReadAction\",\"target\":[\"https:\/\/beta.sanovita.ro\/blog\/tort-de-portocale-si-mac\/\"]}]},{\"@type\":\"WebSite\",\"@id\":\"https:\/\/beta.sanovita.ro\/blog\/#website\",\"url\":\"https:\/\/beta.sanovita.ro\/blog\/\",\"name\":\"Zi de zi mai bine\",\"description\":\"Zi de zi mai bine!\",\"publisher\":{\"@id\":\"https:\/\/beta.sanovita.ro\/blog\/#organization\"},\"potentialAction\":[{\"@type\":\"SearchAction\",\"target\":{\"@type\":\"EntryPoint\",\"urlTemplate\":\"https:\/\/beta.sanovita.ro\/blog\/?s={search_term_string}\"},\"query-input\":\"required name=search_term_string\"}],\"inLanguage\":\"ro-RO\"},{\"@type\":\"Organization\",\"@id\":\"https:\/\/beta.sanovita.ro\/blog\/#organization\",\"name\":\"Sano Vita\",\"url\":\"https:\/\/beta.sanovita.ro\/blog\/\",\"logo\":{\"@type\":\"ImageObject\",\"inLanguage\":\"ro-RO\",\"@id\":\"https:\/\/beta.sanovita.ro\/blog\/#\/schema\/logo\/image\/\",\"url\":\"https:\/\/sanovita.ro\/blog\/wp-content\/uploads\/2021\/05\/sanovita-new.png\",\"contentUrl\":\"https:\/\/sanovita.ro\/blog\/wp-content\/uploads\/2021\/05\/sanovita-new.png\",\"width\":546,\"height\":110,\"caption\":\"Sano Vita\"},\"image\":{\"@id\":\"https:\/\/beta.sanovita.ro\/blog\/#\/schema\/logo\/image\/\"},\"sameAs\":[\"https:\/\/www.instagram.com\/sano_vita\",\"https:\/\/www.facebook.com\/SanoVita\/\",\"https:\/\/twitter.com\/SanoVitaOficial\"]},{\"@type\":\"Person\",\"@id\":\"https:\/\/beta.sanovita.ro\/blog\/#\/schema\/person\/9f87f9806cd9a47de966c1dce4829b60\",\"name\":\"Expertul SanoVita\",\"image\":{\"@type\":\"ImageObject\",\"inLanguage\":\"ro-RO\",\"@id\":\"https:\/\/beta.sanovita.ro\/blog\/#\/schema\/person\/image\/\",\"url\":\"https:\/\/www.sanovita.ro\/blog\/wp-content\/uploads\/2021\/08\/expert-sano-2-96x96.png\",\"contentUrl\":\"https:\/\/www.sanovita.ro\/blog\/wp-content\/uploads\/2021\/08\/expert-sano-2-96x96.png\",\"caption\":\"Expertul SanoVita\"},\"description\":\"Viziunea SanoVita este c\u0103, promov\u00e2nd hrana s\u0103n\u0103toas\u0103, nu doar vom asista la o \u00eembun\u0103t\u0103\u021bire a s\u0103n\u0103t\u0103\u021bii rom\u00e2nilor, ci, mai mult de at\u00e2t, vom fi unul dintre factorii care particip\u0103 activ la schimbarea \u00een bine. Ne dorim s\u0103 contribuim la o lume mai bun\u0103, mai con\u0219tient\u0103 de ceea ce m\u0103n\u00e2nc\u0103, de oportunit\u0103\u021bile care exist\u0103 \u00een c\u0103mara fiec\u0103ruia \u0219i s\u0103 d\u0103m idei pentru o alimenta\u021bie s\u0103n\u0103toas\u0103 \u0219i, \u00een acela\u0219i timp, gustoas\u0103.\",\"sameAs\":[\"https:\/\/www.sanovita.ro\/\",\"https:\/\/www.facebook.com\/SanoVita\/\",\"https:\/\/www.instagram.com\/sano_vita\/\",\"https:\/\/twitter.com\/https:\/\/twitter.com\/sanovitaoficial\",\"https:\/\/www.youtube.com\/channel\/UCBKoqOSEJxjRCSiZcoi_1NA\"],\"url\":\"https:\/\/beta.sanovita.ro\/blog\/author\/expertul-sanovita\/\"}]}<\/script>\n<!-- \/ Yoast SEO plugin. -->","yoast_head_json":{"title":"Reteta Tort de portocale si mac &ndash; Zi de zi mai bine - SanoVita","description":"Reteta de tort de portocale si mac va fi pe placul oricarui gurmand, in orice perioada a anului. Fie ca tii post, dar iti doresti sa mananci un desert dulce, fie ca vrei sa pregatesti ceva bun pentru familia ta, acest preparat este cel potrivit. Se poate savura iarna cu o ceasca de ceai alaturi sau vara","robots":{"index":"index","follow":"follow","max-snippet":"max-snippet:-1","max-image-preview":"max-image-preview:large","max-video-preview":"max-video-preview:-1"},"canonical":"https:\/\/beta.sanovita.ro\/blog\/tort-de-portocale-si-mac\/","og_locale":"ro_RO","og_type":"article","og_title":"Reteta Tort de portocale si mac &ndash; Zi de zi mai bine - SanoVita","og_description":"Reteta de tort de portocale si mac va fi pe placul oricarui gurmand, in orice perioada a anului. Fie ca tii post, dar iti doresti sa mananci un desert dulce, fie ca vrei sa pregatesti ceva bun pentru familia ta, acest preparat este cel potrivit. Se poate savura iarna cu o ceasca de ceai alaturi sau vara","og_url":"https:\/\/beta.sanovita.ro\/blog\/tort-de-portocale-si-mac\/","og_site_name":"Zi de zi mai bine - SanoVita","article_publisher":"https:\/\/www.facebook.com\/SanoVita\/","article_author":"https:\/\/www.facebook.com\/SanoVita\/","article_published_time":"2017-04-26T19:02:38+00:00","article_modified_time":"2024-04-02T14:09:27+00:00","og_image":[{"width":1500,"height":1000,"url":"https:\/\/beta.sanovita.ro\/blog\/wp-content\/uploads\/2017\/04\/Tort-de-portocale-si-mac-e1496080790641.jpg","type":"image\/jpeg"}],"author":"Expertul SanoVita","twitter_card":"summary_large_image","twitter_creator":"@https:\/\/twitter.com\/sanovitaoficial","twitter_site":"@SanoVitaOficial","twitter_misc":{"Scris de":"Expertul SanoVita","Timp estimat pentru citire":"4 minute"},"schema":{"@context":"https:\/\/schema.org","@graph":[{"@type":"Article","@id":"https:\/\/beta.sanovita.ro\/blog\/tort-de-portocale-si-mac\/#article","isPartOf":{"@id":"https:\/\/beta.sanovita.ro\/blog\/tort-de-portocale-si-mac\/"},"author":{"name":"Expertul SanoVita","@id":"https:\/\/beta.sanovita.ro\/blog\/#\/schema\/person\/9f87f9806cd9a47de966c1dce4829b60"},"headline":"Tort de portocale si mac","datePublished":"2017-04-26T19:02:38+00:00","dateModified":"2024-04-02T14:09:27+00:00","mainEntityOfPage":{"@id":"https:\/\/beta.sanovita.ro\/blog\/tort-de-portocale-si-mac\/"},"wordCount":714,"commentCount":2,"publisher":{"@id":"https:\/\/beta.sanovita.ro\/blog\/#organization"},"keywords":["Deserturi de post","faina alba","faina de grau integrala","lamaie","lapte de soia","migdale","portocala","Pr\u0103jituri de post","Re\u021bete de post","seminte de mac","ulei de masline","zahar brut","ZB5"],"articleSection":["Deserturi s\u0103n\u0103toase"],"inLanguage":"ro-RO","potentialAction":[{"@type":"CommentAction","name":"Comment","target":["https:\/\/beta.sanovita.ro\/blog\/tort-de-portocale-si-mac\/#respond"]}]},{"@type":"WebPage","@id":"https:\/\/beta.sanovita.ro\/blog\/tort-de-portocale-si-mac\/","url":"https:\/\/beta.sanovita.ro\/blog\/tort-de-portocale-si-mac\/","name":"Reteta Tort de portocale si mac &ndash; Zi de zi mai bine - SanoVita","isPartOf":{"@id":"https:\/\/beta.sanovita.ro\/blog\/#website"},"datePublished":"2017-04-26T19:02:38+00:00","dateModified":"2024-04-02T14:09:27+00:00","description":"Reteta de tort de portocale si mac va fi pe placul oricarui gurmand, in orice perioada a anului. Fie ca tii post, dar iti doresti sa mananci un desert dulce, fie ca vrei sa pregatesti ceva bun pentru familia ta, acest preparat este cel potrivit. Se poate savura iarna cu o ceasca de ceai alaturi sau vara","inLanguage":"ro-RO","potentialAction":[{"@type":"ReadAction","target":["https:\/\/beta.sanovita.ro\/blog\/tort-de-portocale-si-mac\/"]}]},{"@type":"WebSite","@id":"https:\/\/beta.sanovita.ro\/blog\/#website","url":"https:\/\/beta.sanovita.ro\/blog\/","name":"Zi de zi mai bine","description":"Zi de zi mai bine!","publisher":{"@id":"https:\/\/beta.sanovita.ro\/blog\/#organization"},"potentialAction":[{"@type":"SearchAction","target":{"@type":"EntryPoint","urlTemplate":"https:\/\/beta.sanovita.ro\/blog\/?s={search_term_string}"},"query-input":"required name=search_term_string"}],"inLanguage":"ro-RO"},{"@type":"Organization","@id":"https:\/\/beta.sanovita.ro\/blog\/#organization","name":"Sano Vita","url":"https:\/\/beta.sanovita.ro\/blog\/","logo":{"@type":"ImageObject","inLanguage":"ro-RO","@id":"https:\/\/beta.sanovita.ro\/blog\/#\/schema\/logo\/image\/","url":"https:\/\/sanovita.ro\/blog\/wp-content\/uploads\/2021\/05\/sanovita-new.png","contentUrl":"https:\/\/sanovita.ro\/blog\/wp-content\/uploads\/2021\/05\/sanovita-new.png","width":546,"height":110,"caption":"Sano Vita"},"image":{"@id":"https:\/\/beta.sanovita.ro\/blog\/#\/schema\/logo\/image\/"},"sameAs":["https:\/\/www.instagram.com\/sano_vita","https:\/\/www.facebook.com\/SanoVita\/","https:\/\/twitter.com\/SanoVitaOficial"]},{"@type":"Person","@id":"https:\/\/beta.sanovita.ro\/blog\/#\/schema\/person\/9f87f9806cd9a47de966c1dce4829b60","name":"Expertul SanoVita","image":{"@type":"ImageObject","inLanguage":"ro-RO","@id":"https:\/\/beta.sanovita.ro\/blog\/#\/schema\/person\/image\/","url":"https:\/\/www.sanovita.ro\/blog\/wp-content\/uploads\/2021\/08\/expert-sano-2-96x96.png","contentUrl":"https:\/\/www.sanovita.ro\/blog\/wp-content\/uploads\/2021\/08\/expert-sano-2-96x96.png","caption":"Expertul SanoVita"},"description":"Viziunea SanoVita este c\u0103, promov\u00e2nd hrana s\u0103n\u0103toas\u0103, nu doar vom asista la o \u00eembun\u0103t\u0103\u021bire a s\u0103n\u0103t\u0103\u021bii rom\u00e2nilor, ci, mai mult de at\u00e2t, vom fi unul dintre factorii care particip\u0103 activ la schimbarea \u00een bine. Ne dorim s\u0103 contribuim la o lume mai bun\u0103, mai con\u0219tient\u0103 de ceea ce m\u0103n\u00e2nc\u0103, de oportunit\u0103\u021bile care exist\u0103 \u00een c\u0103mara fiec\u0103ruia \u0219i s\u0103 d\u0103m idei pentru o alimenta\u021bie s\u0103n\u0103toas\u0103 \u0219i, \u00een acela\u0219i timp, gustoas\u0103.","sameAs":["https:\/\/www.sanovita.ro\/","https:\/\/www.facebook.com\/SanoVita\/","https:\/\/www.instagram.com\/sano_vita\/","https:\/\/twitter.com\/https:\/\/twitter.com\/sanovitaoficial","https:\/\/www.youtube.com\/channel\/UCBKoqOSEJxjRCSiZcoi_1NA"],"url":"https:\/\/beta.sanovita.ro\/blog\/author\/expertul-sanovita\/"}]}},"jetpack_publicize_connections":[],"jetpack_featured_media_url":"https:\/\/beta.sanovita.ro\/blog\/wp-content\/uploads\/2017\/04\/Tort-de-portocale-si-mac-e1496080790641.jpg","featured_image_src":"https:\/\/beta.sanovita.ro\/blog\/wp-content\/uploads\/2017\/04\/Tort-de-portocale-si-mac-e1496080790641-729x486.jpg","jetpack_shortlink":"https:\/\/wp.me\/p8JCYA-7g","jetpack_sharing_enabled":true,"_links":{"self":[{"href":"https:\/\/beta.sanovita.ro\/blog\/wp-json\/wp\/v2\/posts\/450","targetHints":{"allow":["GET"]}}],"collection":[{"href":"https:\/\/beta.sanovita.ro\/blog\/wp-json\/wp\/v2\/posts"}],"about":[{"href":"https:\/\/beta.sanovita.ro\/blog\/wp-json\/wp\/v2\/types\/post"}],"author":[{"embeddable":true,"href":"https:\/\/beta.sanovita.ro\/blog\/wp-json\/wp\/v2\/users\/12"}],"replies":[{"embeddable":true,"href":"https:\/\/beta.sanovita.ro\/blog\/wp-json\/wp\/v2\/comments?post=450"}],"version-history":[{"count":7,"href":"https:\/\/beta.sanovita.ro\/blog\/wp-json\/wp\/v2\/posts\/450\/revisions"}],"predecessor-version":[{"id":21982,"href":"https:\/\/beta.sanovita.ro\/blog\/wp-json\/wp\/v2\/posts\/450\/revisions\/21982"}],"wp:featuredmedia":[{"embeddable":true,"href":"https:\/\/beta.sanovita.ro\/blog\/wp-json\/wp\/v2\/media\/2468"}],"wp:attachment":[{"href":"https:\/\/beta.sanovita.ro\/blog\/wp-json\/wp\/v2\/media?parent=450"}],"wp:term":[{"taxonomy":"category","embeddable":true,"href":"https:\/\/beta.sanovita.ro\/blog\/wp-json\/wp\/v2\/categories?post=450"},{"taxonomy":"post_tag","embeddable":true,"href":"https:\/\/beta.sanovita.ro\/blog\/wp-json\/wp\/v2\/tags?post=450"}],"curies":[{"name":"wp","href":"https:\/\/api.w.org\/{rel}","templated":true}]}}