{"id":23461,"date":"2025-08-06T11:22:36","date_gmt":"2025-08-06T08:22:36","guid":{"rendered":"https:\/\/beta.sanovita.ro\/blog\/?p=23461"},"modified":"2025-08-06T11:22:36","modified_gmt":"2025-08-06T08:22:36","slug":"introvertit-dar-nu-izolat-cum-sa-ti-construiesti-relatii-pe-termen-lung","status":"publish","type":"post","link":"https:\/\/beta.sanovita.ro\/blog\/introvertit-dar-nu-izolat-cum-sa-ti-construiesti-relatii-pe-termen-lung\/","title":{"rendered":"Introvertit, dar nu izolat: cum s\u0103-\u021bi construie\u0219ti rela\u021bii pe termen lung"},"content":{"rendered":"<section class=\"wpb-content-wrapper\"><div id=\"tdi_1\" class=\"tdc-row\"><div class=\"vc_row tdi_2  wpb_row td-pb-row\" >\n<style scoped>\n\n\/* custom css *\/\n.tdi_2,\r\n                .tdi_2 .tdc-columns{\r\n                    min-height: 0;\r\n                }.tdi_2,\r\n\t\t\t\t.tdi_2 .tdc-columns{\r\n\t\t\t\t    display: block;\r\n\t\t\t\t}.tdi_2 .tdc-columns{\r\n\t\t\t\t    width: 100%;\r\n\t\t\t\t}\n<\/style><div class=\"vc_column tdi_4  wpb_column vc_column_container tdc-column td-pb-span12\">\n<style scoped>\n\n\/* custom css *\/\n.tdi_4{\r\n                    vertical-align: baseline;\r\n                }.tdi_4 > .wpb_wrapper,\r\n\t\t\t\t.tdi_4 > .wpb_wrapper > .tdc-elements{\r\n\t\t\t\t    display: block;\r\n\t\t\t\t}.tdi_4 > .wpb_wrapper > .tdc-elements{\r\n\t\t\t\t    width: 100%;\r\n\t\t\t\t}.tdi_4 > .wpb_wrapper > .vc_row_inner{\r\n\t\t\t\t    width: auto;\r\n\t\t\t\t}.tdi_4 > .wpb_wrapper{\r\n\t\t\t\t    width: auto;\r\n\t\t\t\t    height: auto;\r\n\t\t\t\t}\n<\/style><div class=\"wpb_wrapper\" >[vc_column_text]Este cunoscut faptul c\u0103 o via\u021b\u0103 social\u0103 activ\u0103 este un \u201emedicament\u201d bun pentru corp \u0219i creier, deoarece a fost asociat\u0103 cu un risc mai sc\u0103zut de boli cornice, demen\u021b\u0103 \u0219i deficien\u021be cognitive u\u0219oare. <strong>Social wellbeing<\/strong> sau starea de bine \u00eemp\u0103rt\u0103\u0219it\u0103 cu al\u021bii este actul de a avea grij\u0103 de noi \u00een\u0219ine, de ceilal\u021bi \u0219i de rela\u021biile noastre.<\/p>\n<p>Studiile neurologice au demonstrat c\u0103 socializarea elibereaz\u0103 substan\u021be benefice \u00een creier, precum <strong>dopamina<\/strong> \u0219i <strong>oxitocina<\/strong>. De exemplu, recenzii din literatura de specialitate arat\u0103 c\u0103 ambele sunt activate simultan \u00een urma interac\u021biunilor sociale, contribuind la sentimente de pl\u0103cere \u0219i \u00eencredere \u0219i av\u00e2nd ca efect <strong>reducerea anxiet\u0103\u021bii<\/strong>. \u00cen plus, dovezile epidemiologice arat\u0103 c\u0103 seniorii care men\u021bin rela\u021bii sociale active au risc semnificativ redus de declin cognitiv \u0219i demen\u021b\u0103. De exemplu, o meta-analiz\u0103 a 34 de studii longitudinale a g\u0103sit c\u0103 pierderea sprijinului social cre\u0219te riscul de declin cognitiv cu aproximativ 11\u201315% (vezi <a href=\"https:\/\/www.researchgate.net\/publication\/358535972_The_effect_of_social_relationships_on_cognitive_decline_in_older_adults_an_updated_systematic_review_and_meta-analysis_of_longitudinal_cohort_studies\">sursa<\/a>). Mai mult, persisten\u021ba sentimentului de singur\u0103tate a fost asociat\u0103 cu o cre\u0219tere de 31\u202f% a riscului de demen\u021b\u0103 \u00een analiza a peste 600.000 de persoane.<\/p>\n<p>Aceste mecanisme demonstreaz\u0103 c\u0103 nu doar emo\u021biile, ci \u0219i structura biologic\u0103 a creierului se hr\u0103nesc din conexiunile sociale &#8211; de la eliberarea de hormoni care ne fac s\u0103 ne sim\u021bim bine, la protec\u021bia \u00eempotriva deterior\u0103rii cognitive pe termen lung.[\/vc_column_text]<\/div><\/div><\/div><\/div><div id=\"tdi_5\" class=\"tdc-row\"><div class=\"vc_row tdi_6  wpb_row td-pb-row\" >\n<style scoped>\n\n\/* custom css *\/\n.tdi_6,\r\n                .tdi_6 .tdc-columns{\r\n                    min-height: 0;\r\n                }.tdi_6,\r\n\t\t\t\t.tdi_6 .tdc-columns{\r\n\t\t\t\t    display: block;\r\n\t\t\t\t}.tdi_6 .tdc-columns{\r\n\t\t\t\t    width: 100%;\r\n\t\t\t\t}\n<\/style><div class=\"vc_column tdi_8  wpb_column vc_column_container tdc-column td-pb-span12\">\n<style scoped>\n\n\/* custom css *\/\n.tdi_8{\r\n                    vertical-align: baseline;\r\n                }.tdi_8 > .wpb_wrapper,\r\n\t\t\t\t.tdi_8 > .wpb_wrapper > .tdc-elements{\r\n\t\t\t\t    display: block;\r\n\t\t\t\t}.tdi_8 > .wpb_wrapper > .tdc-elements{\r\n\t\t\t\t    width: 100%;\r\n\t\t\t\t}.tdi_8 > .wpb_wrapper > .vc_row_inner{\r\n\t\t\t\t    width: auto;\r\n\t\t\t\t}.tdi_8 > .wpb_wrapper{\r\n\t\t\t\t    width: auto;\r\n\t\t\t\t    height: auto;\r\n\t\t\t\t}\n<\/style><div class=\"wpb_wrapper\" >[vc_column_text el_id=&#8221;ancora-1&#8243; el_class=&#8221;the-post-section-title&#8221;]Dar ce se \u00eent\u00e2mpl\u0103 dac\u0103 nu te sim\u021bi confortabil \u00een compania celorlal\u021bi?[\/vc_column_text][vc_column_text]Pentru introverti\u021bii care se bucur\u0103 de singur\u0103tate, socializarea poate fi o provocare. De\u0219i introverti\u021bii se bucur\u0103 de timpul petrecut singuri, acest lucru poate fi o capcan\u0103: ei pot suferi efectele adverse ale izol\u0103rii f\u0103r\u0103 s\u0103-\u0219i dea seama. Mai mult, un <a href=\"https:\/\/pmc.ncbi.nlm.nih.gov\/articles\/PMC10328046\/?utm_source=chatgpt.com\">studiu<\/a> publicat \u00een 2023 \u00een <em>Health Psychology Open<a href=\"#_ftn1\" name=\"_ftnref1\"><strong>[1]<\/strong><\/a><\/em> a ar\u0103tat c\u0103, de\u0219i introver\u021bii sunt convin\u0219i c\u0103 socializarea nu li se potrive\u0219te, de fapt ei simt niveluri mai ridicate de fericire dup\u0103 conexiunile sociale dec\u00e2t persoanele care se considerau foarte extrovertite.<\/p>\n<p><a href=\"#_ftnref1\" name=\"_ftn1\">[1]<\/a> \u201cAre social support, loneliness, and social connection differentially associated with happiness across levels of introversion\u2013extraversion?\u201d &#8211; Kiffer G. Card &amp; Shayna Skakoon\u2011Sparling, Health Psychology Open, 2023, 949 participants[\/vc_column_text][vc_column_text el_id=&#8221;ancora-2&#8243; el_class=&#8221;the-post-section-title&#8221;]Ce \u00eenseamn\u0103 \u201esocializare\u201d pentru un introvertit? [\/vc_column_text][vc_column_text]Pentru introverti\u021bii care se bucur\u0103 de singur\u0103tate, socializarea poate fi o provocare. De\u0219i introverti\u021bii se bucur\u0103 de timpul petrecut singuri, acest lucru poate fi o capcan\u0103: ei pot suferi efectele adverse ale izol\u0103rii f\u0103r\u0103 s\u0103-\u0219i dea seama. Mai mult, un studiu publicat \u00een 2023 \u00een Health Psychology Open a ar\u0103tat c\u0103, de\u0219i introver\u021bii sunt convin\u0219i c\u0103 socializarea nu li se potrive\u0219te, de fapt ei simt niveluri mai ridicate de fericire dup\u0103 conexiunile sociale dec\u00e2t persoanele care se considerau foarte extrovertite.[\/vc_column_text][vc_column_text el_id=&#8221;ancora-3&#8243; el_class=&#8221;the-post-section-title&#8221;]C\u00e2t de mult\u0103 interac\u021biune social\u0103 regulat\u0103 trebuie s\u0103 aib\u0103 oamenii pentru a se bucura de beneficiile sale pentru s\u0103n\u0103tate?[\/vc_column_text][vc_column_text]R\u0103spunsul \u021bine de limit\u0103rile \u0219i dorin\u021bele fiec\u0103ruia. Dar pentru cei care se identific\u0103 drept introverti\u021bi, dar sunt dispu\u0219i totu\u0219i s\u0103 \u00ee\u0219i construiasc\u0103 \u0219i o via\u021b\u0103 social\u0103, pot exersa mai multe posibile <strong>strategii \u0219i tactici<\/strong>.<\/p>\n<ol>\n<li><strong>G\u0103sirea zonei de confort. <\/strong>\u00cencepe\u021bi cu pu\u021bin \u0219i extinde\u021bi-v\u0103 doar la niveluri de interac\u021biune \u00een care v\u0103 sim\u021bi\u021bi confortabil. Dar \u00eencerca\u021bi s\u0103 face\u021bi din aceste interac\u021biuni o parte regulat\u0103 a vie\u021bii voastre.<\/li>\n<li><strong>Conecta\u021bi-v\u0103 cu vechii prieteni.<\/strong> Dac\u0103 cercul vostru social s-a mic\u0219orat, \u00eencerca\u021bi s\u0103 v\u0103 reconecta\u021bi cu prietenii cu care a\u021bi pierdut leg\u0103tura. Exist\u0103 \u0219anse mari ca \u0219i ei s\u0103 \u00ee\u0219i doreasc\u0103 acela\u0219i lucru, dat fiind c\u0103 avea\u021bi o conexiune anterioar\u0103, ceea ce va face reluarea leg\u0103turii mai u\u0219oar\u0103 \u0219i nu trebuie s\u0103 v\u0103 confrunta\u021bi neap\u0103rat cu st\u00e2njeneala \u0219i incertitudinea de a \u00eent\u00e2lni pe cineva nou.<\/li>\n<li><strong>Participa\u021bi la un curs.<\/strong> V\u0103 poate ajuta s\u0103 v\u0103 concentra\u021bi pe \u00eenv\u0103\u021barea a ceva nou, mai degrab\u0103 dec\u00e2t pe simpla conversa\u021bie cu ceilal\u021bi, care va decurge firesc. Acest mediu v\u0103 permite s\u0103 alege\u021bi c\u00e2nd \u0219i c\u00e2t de mult socializa\u021bi.<\/li>\n<li><strong>Stabili\u021bi rutine.<\/strong> Introverti\u021bii nu r\u0103spund \u00eentotdeauna bine la angajamentele programate, dar uneori acestea sunt necesare pentru motiva\u021bie. \u00cencerca\u021bi s\u0103 stabili\u021bi o \u00eent\u00e2lnire fix\u0103 \u200b\u200bcu un prieten sau o mic\u0103 reuniune \u00eentr-o anumit\u0103 zi, cum ar fi o discu\u021bie luni diminea\u021ba la o cafenea din cartier sau un brunch s\u00e2mb\u0103ta. C\u00e2nd socializarea devine parte din rutin\u0103, ie\u0219irile pot p\u0103rea mai pu\u021bin descurajante.<\/li>\n<li><strong>Al\u0103tura\u021bi-v\u0103 unor grupuri.<\/strong> G\u0103si\u021bi grupuri formate pe interesele sau hobby-urile dvs., cum ar fi o comunitate de montaniarzi sau un grup de voluntariat. Este adesea mai u\u0219or s\u0103 interac\u021biona\u021bi cu oameni care v\u0103 \u00eemp\u0103rt\u0103\u0219esc pasiunile. Astfel de comunit\u0103\u021bi ofer\u0103, de regul\u0103, programe structurate, cu intervale de timp stabilite, pe care introverti\u021bii le solicit\u0103 adesea.<\/li>\n<li><strong>Socializa\u021bi solo.<\/strong> Astfel, e\u0219ti \u00een preajma altor oameni, dar nu trebuie s\u0103 interac\u021bionezi cu ei, cum ar fi atunci c\u00e2nd participi la un meci de fotbal, mergi la film sau la teatru. \u201eAi puterea de a interac\u021biona sau nu. \u0218i uneori, simpla prezen\u021b\u0103 \u00een preajma oamenilor este suficient\u0103.<\/li>\n<li><strong>Alege activit\u0103\u021bi fizice care \u00eencurajeaz\u0103 conexiuni naturale. <\/strong>Dac\u0103 preferi interac\u021biunea social\u0103 \u00eentr-un cadru activ, \u00eenscrierea la un curs de fitness, dans sau yoga poate fi o alegere inspirat\u0103. Aceste activit\u0103\u021bi nu doar c\u0103 stimuleaz\u0103 buna dispozi\u021bie prin eliberarea de endorfine, dar ofer\u0103 \u0219i ocazia de a socializa \u00eentr-un mod natural, f\u0103r\u0103 presiune. \u00cen plus, participarea constant\u0103 la astfel de cursuri poate crea un sentiment de apartenen\u021b\u0103 \u0219i rutin\u0103 \u2013 dou\u0103 elemente care \u00eei ajut\u0103 pe introverti\u021bi s\u0103 se simt\u0103 mai \u00een largul lor \u00een prezen\u021ba celorlal\u021bi.<\/li>\n<\/ol>\n<p>[\/vc_column_text][vc_column_text el_id=&#8221;ancora-4&#8243; el_class=&#8221;the-post-section-title&#8221;]Respectarea propriilor limite este tot o form\u0103 de socializare s\u0103n\u0103toas\u0103[\/vc_column_text][vc_column_text]Nu orice invita\u021bie trebuie acceptat\u0103 \u0219i nu orice \u00eent\u00e2lnire aduce beneficii reale. A spune \u201enu\u201d este o abilitate esen\u021bial\u0103 \u2013 nu un semn de sl\u0103biciune sau izolare. Dac\u0103 sim\u021bi epuizare dup\u0103 o interac\u021biune, ai dreptul s\u0103 iei o pauz\u0103 f\u0103r\u0103 vinov\u0103\u021bie. Ascultarea propriilor nevoi \u0219i stabilirea unor limite clare te ajut\u0103 s\u0103 r\u0103m\u00e2i conectat cu ceilal\u021bi f\u0103r\u0103 a te pierde pe tine. Socializarea autentic\u0103 nu \u00eenseamn\u0103 frecven\u021b\u0103, ci calitate \u2013 iar, uneori, o pauz\u0103 este exact ce ai nevoie pentru a reveni cu mai mult\u0103 energie \u0219i disponibilitate emo\u021bional\u0103.[\/vc_column_text][vc_column_text el_class=&#8221;the-post-section-title&#8221;]Cum gestionezi anxietatea social\u0103 f\u0103r\u0103 a te autoizola[\/vc_column_text][vc_column_text]Este important s\u0103 diferen\u021biem introversiunea de anxietatea social\u0103. Prima este o tr\u0103s\u0103tur\u0103 de personalitate, ce reflect\u0103 preferin\u021ba pentru contexte lini\u0219tite. A doua este o reac\u021bie de team\u0103 sau disconfort intens \u00een preajma altora. Dac\u0103 ai tendin\u021ba s\u0103 te critici sau s\u0103-\u021bi faci griji obsesive dup\u0103 interac\u021biuni sociale, tehnici de autoreglare precum respira\u021bia con\u0219tient\u0103 sau ancorarea \u00een prezent te pot ajuta. Iar uneori, sprijinul unui terapeut este cel mai bun punct de plecare.[\/vc_column_text][vc_column_text el_class=&#8221;the-post-section-title&#8221;]Alege ce \u021bi se potrive\u0219te \u0219i fii bl\u00e2nd cu tine[\/vc_column_text][vc_column_text]Socializarea nu are un singur model, iar echilibrul dintre lini\u0219te \u0219i conexiune poate ar\u0103ta diferit pentru fiecare. \u00cencearc\u0103 o sugestie din cele de mai sus, observ\u0103 cum te sim\u021bi \u0219i ajusteaz\u0103 \u00een ritmul t\u0103u. Fiecare pas mic c\u0103tre ceilal\u021bi este, de fapt, \u0219i un pas spre tine[\/vc_column_text]<\/div><\/div><\/div><\/div>\n<\/section>","protected":false},"excerpt":{"rendered":"[vc_column_text]Este cunoscut faptul c\u0103 o via\u021b\u0103 social\u0103 activ\u0103 este un \u201emedicament\u201d bun pentru corp \u0219i creier, deoarece a fost asociat\u0103 cu un risc mai sc\u0103zut de boli cornice, demen\u021b\u0103 \u0219i deficien\u021be cognitive u\u0219oare. Social wellbeing sau starea de bine \u00eemp\u0103rt\u0103\u0219it\u0103 cu al\u021bii este actul de a avea grij\u0103 de noi \u00een\u0219ine, de ceilal\u021bi \u0219i de [...]","protected":false},"author":40,"featured_media":23464,"comment_status":"open","ping_status":"open","sticky":false,"template":"","format":"standard","meta":{"jetpack_post_was_ever_published":false,"_jetpack_newsletter_access":"","_jetpack_dont_email_post_to_subs":false,"_jetpack_newsletter_tier_id":0,"_jetpack_memberships_contains_paywalled_content":false,"_jetpack_memberships_contains_paid_content":false,"footnotes":"","jetpack_publicize_message":"","jetpack_publicize_feature_enabled":true,"jetpack_social_post_already_shared":true,"jetpack_social_options":{"image_generator_settings":{"template":"highway","enabled":false},"version":2}},"categories":[1375],"tags":[],"class_list":{"0":"post-23461","1":"post","2":"type-post","3":"status-publish","4":"format-standard","5":"has-post-thumbnail","7":"category-socializare"},"yoast_head":"<!-- This site is optimized with the Yoast SEO plugin v19.14 - https:\/\/yoast.com\/wordpress\/plugins\/seo\/ -->\n<title>Introvertit, dar nu izolat: cum s\u0103-\u021bi construie\u0219ti rela\u021bii pe termen lung &ndash; Zi de zi mai bine - SanoVita<\/title>\n<meta name=\"robots\" content=\"index, follow, max-snippet:-1, max-image-preview:large, max-video-preview:-1\" \/>\n<link rel=\"canonical\" href=\"https:\/\/beta.sanovita.ro\/blog\/introvertit-dar-nu-izolat-cum-sa-ti-construiesti-relatii-pe-termen-lung\/\" \/>\n<meta property=\"og:locale\" content=\"ro_RO\" \/>\n<meta property=\"og:type\" content=\"article\" \/>\n<meta property=\"og:title\" content=\"Introvertit, dar nu izolat: cum s\u0103-\u021bi construie\u0219ti rela\u021bii pe termen lung &ndash; Zi de zi mai bine - SanoVita\" \/>\n<meta property=\"og:url\" content=\"https:\/\/beta.sanovita.ro\/blog\/introvertit-dar-nu-izolat-cum-sa-ti-construiesti-relatii-pe-termen-lung\/\" \/>\n<meta property=\"og:site_name\" content=\"Zi de zi mai bine - SanoVita\" \/>\n<meta property=\"article:publisher\" content=\"https:\/\/www.facebook.com\/SanoVita\/\" \/>\n<meta property=\"article:published_time\" content=\"2025-08-06T08:22:36+00:00\" \/>\n<meta property=\"og:image\" content=\"https:\/\/beta.sanovita.ro\/blog\/wp-content\/uploads\/2025\/08\/Socializare-Social-wellbeing-1-1.png\" \/>\n\t<meta property=\"og:image:width\" content=\"2560\" \/>\n\t<meta property=\"og:image:height\" content=\"1440\" \/>\n\t<meta property=\"og:image:type\" content=\"image\/png\" \/>\n<meta name=\"author\" content=\"Neagu Tudorel\" \/>\n<meta name=\"twitter:card\" content=\"summary_large_image\" \/>\n<meta name=\"twitter:creator\" content=\"@SanoVitaOficial\" \/>\n<meta name=\"twitter:site\" content=\"@SanoVitaOficial\" \/>\n<meta name=\"twitter:label1\" content=\"Scris de\" \/>\n\t<meta name=\"twitter:data1\" content=\"Neagu Tudorel\" \/>\n\t<meta name=\"twitter:label2\" content=\"Timp estimat pentru citire\" \/>\n\t<meta name=\"twitter:data2\" content=\"7 minute\" \/>\n<script type=\"application\/ld+json\" class=\"yoast-schema-graph\">{\"@context\":\"https:\/\/schema.org\",\"@graph\":[{\"@type\":\"Article\",\"@id\":\"https:\/\/beta.sanovita.ro\/blog\/introvertit-dar-nu-izolat-cum-sa-ti-construiesti-relatii-pe-termen-lung\/#article\",\"isPartOf\":{\"@id\":\"https:\/\/beta.sanovita.ro\/blog\/introvertit-dar-nu-izolat-cum-sa-ti-construiesti-relatii-pe-termen-lung\/\"},\"author\":{\"name\":\"Neagu Tudorel\",\"@id\":\"https:\/\/beta.sanovita.ro\/blog\/#\/schema\/person\/87d4138ac51742c4ce60d174c4b823ca\"},\"headline\":\"Introvertit, dar nu izolat: cum s\u0103-\u021bi construie\u0219ti rela\u021bii pe termen lung\",\"datePublished\":\"2025-08-06T08:22:36+00:00\",\"dateModified\":\"2025-08-06T08:22:36+00:00\",\"mainEntityOfPage\":{\"@id\":\"https:\/\/beta.sanovita.ro\/blog\/introvertit-dar-nu-izolat-cum-sa-ti-construiesti-relatii-pe-termen-lung\/\"},\"wordCount\":1399,\"commentCount\":0,\"publisher\":{\"@id\":\"https:\/\/beta.sanovita.ro\/blog\/#organization\"},\"articleSection\":[\"Socializare\"],\"inLanguage\":\"ro-RO\",\"potentialAction\":[{\"@type\":\"CommentAction\",\"name\":\"Comment\",\"target\":[\"https:\/\/beta.sanovita.ro\/blog\/introvertit-dar-nu-izolat-cum-sa-ti-construiesti-relatii-pe-termen-lung\/#respond\"]}]},{\"@type\":\"WebPage\",\"@id\":\"https:\/\/beta.sanovita.ro\/blog\/introvertit-dar-nu-izolat-cum-sa-ti-construiesti-relatii-pe-termen-lung\/\",\"url\":\"https:\/\/beta.sanovita.ro\/blog\/introvertit-dar-nu-izolat-cum-sa-ti-construiesti-relatii-pe-termen-lung\/\",\"name\":\"Introvertit, dar nu izolat: cum s\u0103-\u021bi construie\u0219ti rela\u021bii pe termen lung &ndash; Zi de zi mai bine - SanoVita\",\"isPartOf\":{\"@id\":\"https:\/\/beta.sanovita.ro\/blog\/#website\"},\"datePublished\":\"2025-08-06T08:22:36+00:00\",\"dateModified\":\"2025-08-06T08:22:36+00:00\",\"inLanguage\":\"ro-RO\",\"potentialAction\":[{\"@type\":\"ReadAction\",\"target\":[\"https:\/\/beta.sanovita.ro\/blog\/introvertit-dar-nu-izolat-cum-sa-ti-construiesti-relatii-pe-termen-lung\/\"]}]},{\"@type\":\"WebSite\",\"@id\":\"https:\/\/beta.sanovita.ro\/blog\/#website\",\"url\":\"https:\/\/beta.sanovita.ro\/blog\/\",\"name\":\"Zi de zi mai bine\",\"description\":\"Zi de zi mai bine!\",\"publisher\":{\"@id\":\"https:\/\/beta.sanovita.ro\/blog\/#organization\"},\"potentialAction\":[{\"@type\":\"SearchAction\",\"target\":{\"@type\":\"EntryPoint\",\"urlTemplate\":\"https:\/\/beta.sanovita.ro\/blog\/?s={search_term_string}\"},\"query-input\":\"required name=search_term_string\"}],\"inLanguage\":\"ro-RO\"},{\"@type\":\"Organization\",\"@id\":\"https:\/\/beta.sanovita.ro\/blog\/#organization\",\"name\":\"Sano Vita\",\"url\":\"https:\/\/beta.sanovita.ro\/blog\/\",\"logo\":{\"@type\":\"ImageObject\",\"inLanguage\":\"ro-RO\",\"@id\":\"https:\/\/beta.sanovita.ro\/blog\/#\/schema\/logo\/image\/\",\"url\":\"https:\/\/sanovita.ro\/blog\/wp-content\/uploads\/2021\/05\/sanovita-new.png\",\"contentUrl\":\"https:\/\/sanovita.ro\/blog\/wp-content\/uploads\/2021\/05\/sanovita-new.png\",\"width\":546,\"height\":110,\"caption\":\"Sano Vita\"},\"image\":{\"@id\":\"https:\/\/beta.sanovita.ro\/blog\/#\/schema\/logo\/image\/\"},\"sameAs\":[\"https:\/\/www.instagram.com\/sano_vita\",\"https:\/\/www.facebook.com\/SanoVita\/\",\"https:\/\/twitter.com\/SanoVitaOficial\"]},{\"@type\":\"Person\",\"@id\":\"https:\/\/beta.sanovita.ro\/blog\/#\/schema\/person\/87d4138ac51742c4ce60d174c4b823ca\",\"name\":\"Neagu Tudorel\",\"image\":{\"@type\":\"ImageObject\",\"inLanguage\":\"ro-RO\",\"@id\":\"https:\/\/beta.sanovita.ro\/blog\/#\/schema\/person\/image\/\",\"url\":\"https:\/\/secure.gravatar.com\/avatar\/39ef1fecbcd71e7693bfba2a75665fe49838408402c6d4057e709679b4d9b778?s=96&d=mm&r=g\",\"contentUrl\":\"https:\/\/secure.gravatar.com\/avatar\/39ef1fecbcd71e7693bfba2a75665fe49838408402c6d4057e709679b4d9b778?s=96&d=mm&r=g\",\"caption\":\"Neagu Tudorel\"},\"url\":\"https:\/\/beta.sanovita.ro\/blog\/author\/tudorel\/\"}]}<\/script>\n<!-- \/ Yoast SEO plugin. -->","yoast_head_json":{"title":"Introvertit, dar nu izolat: cum s\u0103-\u021bi construie\u0219ti rela\u021bii pe termen lung &ndash; Zi de zi mai bine - SanoVita","robots":{"index":"index","follow":"follow","max-snippet":"max-snippet:-1","max-image-preview":"max-image-preview:large","max-video-preview":"max-video-preview:-1"},"canonical":"https:\/\/beta.sanovita.ro\/blog\/introvertit-dar-nu-izolat-cum-sa-ti-construiesti-relatii-pe-termen-lung\/","og_locale":"ro_RO","og_type":"article","og_title":"Introvertit, dar nu izolat: cum s\u0103-\u021bi construie\u0219ti rela\u021bii pe termen lung &ndash; Zi de zi mai bine - SanoVita","og_url":"https:\/\/beta.sanovita.ro\/blog\/introvertit-dar-nu-izolat-cum-sa-ti-construiesti-relatii-pe-termen-lung\/","og_site_name":"Zi de zi mai bine - SanoVita","article_publisher":"https:\/\/www.facebook.com\/SanoVita\/","article_published_time":"2025-08-06T08:22:36+00:00","og_image":[{"width":2560,"height":1440,"url":"https:\/\/beta.sanovita.ro\/blog\/wp-content\/uploads\/2025\/08\/Socializare-Social-wellbeing-1-1.png","type":"image\/png"}],"author":"Neagu Tudorel","twitter_card":"summary_large_image","twitter_creator":"@SanoVitaOficial","twitter_site":"@SanoVitaOficial","twitter_misc":{"Scris de":"Neagu Tudorel","Timp estimat pentru citire":"7 minute"},"schema":{"@context":"https:\/\/schema.org","@graph":[{"@type":"Article","@id":"https:\/\/beta.sanovita.ro\/blog\/introvertit-dar-nu-izolat-cum-sa-ti-construiesti-relatii-pe-termen-lung\/#article","isPartOf":{"@id":"https:\/\/beta.sanovita.ro\/blog\/introvertit-dar-nu-izolat-cum-sa-ti-construiesti-relatii-pe-termen-lung\/"},"author":{"name":"Neagu Tudorel","@id":"https:\/\/beta.sanovita.ro\/blog\/#\/schema\/person\/87d4138ac51742c4ce60d174c4b823ca"},"headline":"Introvertit, dar nu izolat: cum s\u0103-\u021bi construie\u0219ti rela\u021bii pe termen lung","datePublished":"2025-08-06T08:22:36+00:00","dateModified":"2025-08-06T08:22:36+00:00","mainEntityOfPage":{"@id":"https:\/\/beta.sanovita.ro\/blog\/introvertit-dar-nu-izolat-cum-sa-ti-construiesti-relatii-pe-termen-lung\/"},"wordCount":1399,"commentCount":0,"publisher":{"@id":"https:\/\/beta.sanovita.ro\/blog\/#organization"},"articleSection":["Socializare"],"inLanguage":"ro-RO","potentialAction":[{"@type":"CommentAction","name":"Comment","target":["https:\/\/beta.sanovita.ro\/blog\/introvertit-dar-nu-izolat-cum-sa-ti-construiesti-relatii-pe-termen-lung\/#respond"]}]},{"@type":"WebPage","@id":"https:\/\/beta.sanovita.ro\/blog\/introvertit-dar-nu-izolat-cum-sa-ti-construiesti-relatii-pe-termen-lung\/","url":"https:\/\/beta.sanovita.ro\/blog\/introvertit-dar-nu-izolat-cum-sa-ti-construiesti-relatii-pe-termen-lung\/","name":"Introvertit, dar nu izolat: cum s\u0103-\u021bi construie\u0219ti rela\u021bii pe termen lung &ndash; Zi de zi mai bine - SanoVita","isPartOf":{"@id":"https:\/\/beta.sanovita.ro\/blog\/#website"},"datePublished":"2025-08-06T08:22:36+00:00","dateModified":"2025-08-06T08:22:36+00:00","inLanguage":"ro-RO","potentialAction":[{"@type":"ReadAction","target":["https:\/\/beta.sanovita.ro\/blog\/introvertit-dar-nu-izolat-cum-sa-ti-construiesti-relatii-pe-termen-lung\/"]}]},{"@type":"WebSite","@id":"https:\/\/beta.sanovita.ro\/blog\/#website","url":"https:\/\/beta.sanovita.ro\/blog\/","name":"Zi de zi mai bine","description":"Zi de zi mai bine!","publisher":{"@id":"https:\/\/beta.sanovita.ro\/blog\/#organization"},"potentialAction":[{"@type":"SearchAction","target":{"@type":"EntryPoint","urlTemplate":"https:\/\/beta.sanovita.ro\/blog\/?s={search_term_string}"},"query-input":"required name=search_term_string"}],"inLanguage":"ro-RO"},{"@type":"Organization","@id":"https:\/\/beta.sanovita.ro\/blog\/#organization","name":"Sano Vita","url":"https:\/\/beta.sanovita.ro\/blog\/","logo":{"@type":"ImageObject","inLanguage":"ro-RO","@id":"https:\/\/beta.sanovita.ro\/blog\/#\/schema\/logo\/image\/","url":"https:\/\/sanovita.ro\/blog\/wp-content\/uploads\/2021\/05\/sanovita-new.png","contentUrl":"https:\/\/sanovita.ro\/blog\/wp-content\/uploads\/2021\/05\/sanovita-new.png","width":546,"height":110,"caption":"Sano Vita"},"image":{"@id":"https:\/\/beta.sanovita.ro\/blog\/#\/schema\/logo\/image\/"},"sameAs":["https:\/\/www.instagram.com\/sano_vita","https:\/\/www.facebook.com\/SanoVita\/","https:\/\/twitter.com\/SanoVitaOficial"]},{"@type":"Person","@id":"https:\/\/beta.sanovita.ro\/blog\/#\/schema\/person\/87d4138ac51742c4ce60d174c4b823ca","name":"Neagu Tudorel","image":{"@type":"ImageObject","inLanguage":"ro-RO","@id":"https:\/\/beta.sanovita.ro\/blog\/#\/schema\/person\/image\/","url":"https:\/\/secure.gravatar.com\/avatar\/39ef1fecbcd71e7693bfba2a75665fe49838408402c6d4057e709679b4d9b778?s=96&d=mm&r=g","contentUrl":"https:\/\/secure.gravatar.com\/avatar\/39ef1fecbcd71e7693bfba2a75665fe49838408402c6d4057e709679b4d9b778?s=96&d=mm&r=g","caption":"Neagu Tudorel"},"url":"https:\/\/beta.sanovita.ro\/blog\/author\/tudorel\/"}]}},"jetpack_publicize_connections":[],"jetpack_featured_media_url":"https:\/\/beta.sanovita.ro\/blog\/wp-content\/uploads\/2025\/08\/Socializare-Social-wellbeing-1-1.png","featured_image_src":"https:\/\/beta.sanovita.ro\/blog\/wp-content\/uploads\/2025\/08\/Socializare-Social-wellbeing-1-1-741x417.png","jetpack_shortlink":"https:\/\/wp.me\/p8JCYA-66p","jetpack_sharing_enabled":true,"_links":{"self":[{"href":"https:\/\/beta.sanovita.ro\/blog\/wp-json\/wp\/v2\/posts\/23461","targetHints":{"allow":["GET"]}}],"collection":[{"href":"https:\/\/beta.sanovita.ro\/blog\/wp-json\/wp\/v2\/posts"}],"about":[{"href":"https:\/\/beta.sanovita.ro\/blog\/wp-json\/wp\/v2\/types\/post"}],"author":[{"embeddable":true,"href":"https:\/\/beta.sanovita.ro\/blog\/wp-json\/wp\/v2\/users\/40"}],"replies":[{"embeddable":true,"href":"https:\/\/beta.sanovita.ro\/blog\/wp-json\/wp\/v2\/comments?post=23461"}],"version-history":[{"count":1,"href":"https:\/\/beta.sanovita.ro\/blog\/wp-json\/wp\/v2\/posts\/23461\/revisions"}],"predecessor-version":[{"id":23465,"href":"https:\/\/beta.sanovita.ro\/blog\/wp-json\/wp\/v2\/posts\/23461\/revisions\/23465"}],"wp:featuredmedia":[{"embeddable":true,"href":"https:\/\/beta.sanovita.ro\/blog\/wp-json\/wp\/v2\/media\/23464"}],"wp:attachment":[{"href":"https:\/\/beta.sanovita.ro\/blog\/wp-json\/wp\/v2\/media?parent=23461"}],"wp:term":[{"taxonomy":"category","embeddable":true,"href":"https:\/\/beta.sanovita.ro\/blog\/wp-json\/wp\/v2\/categories?post=23461"},{"taxonomy":"post_tag","embeddable":true,"href":"https:\/\/beta.sanovita.ro\/blog\/wp-json\/wp\/v2\/tags?post=23461"}],"curies":[{"name":"wp","href":"https:\/\/api.w.org\/{rel}","templated":true}]}}