{"id":23455,"date":"2025-08-06T11:22:51","date_gmt":"2025-08-06T08:22:51","guid":{"rendered":"https:\/\/beta.sanovita.ro\/blog\/?p=23455"},"modified":"2025-08-06T11:28:17","modified_gmt":"2025-08-06T08:28:17","slug":"mancam-impreuna-traim-mai-conectati","status":"publish","type":"post","link":"https:\/\/beta.sanovita.ro\/blog\/mancam-impreuna-traim-mai-conectati\/","title":{"rendered":"M\u00e2nc\u0103m \u00eempreun\u0103, tr\u0103im mai conecta\u021bi"},"content":{"rendered":"<section class=\"wpb-content-wrapper\"><div id=\"tdi_1\" class=\"tdc-row\"><div class=\"vc_row tdi_2  wpb_row td-pb-row\" >\n<style scoped>\n\n\/* custom css *\/\n.tdi_2,\r\n                .tdi_2 .tdc-columns{\r\n                    min-height: 0;\r\n                }.tdi_2,\r\n\t\t\t\t.tdi_2 .tdc-columns{\r\n\t\t\t\t    display: block;\r\n\t\t\t\t}.tdi_2 .tdc-columns{\r\n\t\t\t\t    width: 100%;\r\n\t\t\t\t}\n<\/style><div class=\"vc_column tdi_4  wpb_column vc_column_container tdc-column td-pb-span12\">\n<style scoped>\n\n\/* custom css *\/\n.tdi_4{\r\n                    vertical-align: baseline;\r\n                }.tdi_4 > .wpb_wrapper,\r\n\t\t\t\t.tdi_4 > .wpb_wrapper > .tdc-elements{\r\n\t\t\t\t    display: block;\r\n\t\t\t\t}.tdi_4 > .wpb_wrapper > .tdc-elements{\r\n\t\t\t\t    width: 100%;\r\n\t\t\t\t}.tdi_4 > .wpb_wrapper > .vc_row_inner{\r\n\t\t\t\t    width: auto;\r\n\t\t\t\t}.tdi_4 > .wpb_wrapper{\r\n\t\t\t\t    width: auto;\r\n\t\t\t\t    height: auto;\r\n\t\t\t\t}\n<\/style><div class=\"wpb_wrapper\" ><\/div><\/div><\/div><\/div><div id=\"tdi_5\" class=\"tdc-row\"><div class=\"vc_row tdi_6  wpb_row td-pb-row\" >\n<style scoped>\n\n\/* custom css *\/\n.tdi_6,\r\n                .tdi_6 .tdc-columns{\r\n                    min-height: 0;\r\n                }.tdi_6,\r\n\t\t\t\t.tdi_6 .tdc-columns{\r\n\t\t\t\t    display: block;\r\n\t\t\t\t}.tdi_6 .tdc-columns{\r\n\t\t\t\t    width: 100%;\r\n\t\t\t\t}\n<\/style><div class=\"vc_column tdi_8  wpb_column vc_column_container tdc-column td-pb-span12\">\n<style scoped>\n\n\/* custom css *\/\n.tdi_8{\r\n                    vertical-align: baseline;\r\n                }.tdi_8 > .wpb_wrapper,\r\n\t\t\t\t.tdi_8 > .wpb_wrapper > .tdc-elements{\r\n\t\t\t\t    display: block;\r\n\t\t\t\t}.tdi_8 > .wpb_wrapper > .tdc-elements{\r\n\t\t\t\t    width: 100%;\r\n\t\t\t\t}.tdi_8 > .wpb_wrapper > .vc_row_inner{\r\n\t\t\t\t    width: auto;\r\n\t\t\t\t}.tdi_8 > .wpb_wrapper{\r\n\t\t\t\t    width: auto;\r\n\t\t\t\t    height: auto;\r\n\t\t\t\t}\n<\/style><div class=\"wpb_wrapper\" ><\/div><\/div><\/div><\/div><div id=\"tdi_9\" class=\"tdc-row\"><div class=\"vc_row tdi_10  wpb_row td-pb-row\" >\n<style scoped>\n\n\/* custom css *\/\n.tdi_10,\r\n                .tdi_10 .tdc-columns{\r\n                    min-height: 0;\r\n                }.tdi_10,\r\n\t\t\t\t.tdi_10 .tdc-columns{\r\n\t\t\t\t    display: block;\r\n\t\t\t\t}.tdi_10 .tdc-columns{\r\n\t\t\t\t    width: 100%;\r\n\t\t\t\t}\n<\/style><div class=\"vc_column tdi_12  wpb_column vc_column_container tdc-column td-pb-span12\">\n<style scoped>\n\n\/* custom css *\/\n.tdi_12{\r\n                    vertical-align: baseline;\r\n                }.tdi_12 > .wpb_wrapper,\r\n\t\t\t\t.tdi_12 > .wpb_wrapper > .tdc-elements{\r\n\t\t\t\t    display: block;\r\n\t\t\t\t}.tdi_12 > .wpb_wrapper > .tdc-elements{\r\n\t\t\t\t    width: 100%;\r\n\t\t\t\t}.tdi_12 > .wpb_wrapper > .vc_row_inner{\r\n\t\t\t\t    width: auto;\r\n\t\t\t\t}.tdi_12 > .wpb_wrapper{\r\n\t\t\t\t    width: auto;\r\n\t\t\t\t    height: auto;\r\n\t\t\t\t}\n<\/style><div class=\"wpb_wrapper\" ><div class=\"wpb_wrapper td_block_separator td_block_wrap vc_separator vc_custom_1754063237164 tdi_14 the-border-separator  td_separator_solid td_separator_center\"><span style=\"border-color:custom;border-width:1px;width:100%;\"><\/span>\n<style scoped>\n\n\/* tdc_composer_block - inline css att *\/\n.vc_custom_1754063237164{margin-top: 25px !important;margin-bottom: 30px !important;}\n\/* custom css *\/\n.td_block_separator{\r\n                  width: 100%;\r\n                  align-items: center;\r\n                  margin-bottom: 38px;\r\n                  padding-bottom: 10px;\r\n                }.td_block_separator span{\r\n                  position: relative;\r\n                  display: block;\r\n                  margin: 0 auto;\r\n                  width: 100%;\r\n                  height: 1px;\r\n                  border-top: 1px solid #EBEBEB;\r\n                }.td_separator_align_left span{\r\n                  margin-left: 0;\r\n                }.td_separator_align_right span{\r\n                  margin-right: 0;\r\n                }.td_separator_dashed span{\r\n                  border-top-style: dashed;\r\n                }.td_separator_dotted span{\r\n                  border-top-style: dotted;\r\n                }.td_separator_double span{\r\n                  height: 3px;\r\n                  border-bottom: 1px solid #EBEBEB;\r\n                }.td_separator_shadow > span{\r\n                  position: relative;\r\n                  height: 20px;\r\n                  overflow: hidden;\r\n                  border: 0;\r\n                  color: #EBEBEB;\r\n                }.td_separator_shadow > span > span{\r\n                  position: absolute;\r\n                  top: -30px;\r\n                  left: 0;\r\n                  right: 0;\r\n                  margin: 0 auto;\r\n                  height: 13px;\r\n                  width: 98%;\r\n                  border-radius: 100%;\r\n                }html :where([style*='border-width']){\r\n                    border-style: none;\r\n                }\n<\/style><\/div><div class=\"wpb_wrapper td_block_separator td_block_wrap vc_separator vc_custom_1754063249732 tdi_16 the-border-separator  td_separator_solid td_separator_center\"><span style=\"border-color:custom;border-width:1px;width:100%;\"><\/span>\n<style scoped>\n\n\/* tdc_composer_block - inline css att *\/\n.vc_custom_1754063249732{margin-top: 30px !important;margin-bottom: 25px !important;}\n<\/style><\/div>[vc_column_text]\u00cenc\u0103 de la \u00eenceputul timpurilor, m\u00e2ncarea a fost un ingredient cheie \u00een via\u021ba noastr\u0103 social\u0103 \u0219i cultural\u0103. \u00cen toate societ\u0103\u021bile, mesele \u0219i osp\u0103\u021burile comune au reunit familii, prieteni \u0219i vecini \u00een s\u0103rb\u0103toarea m\u00e2nc\u0103rii.<\/p>\n<p>G\u0103titul \u0219i luarea mesei cu alte persoane, cum ar fi membrii familiei, prietenii sau colegii pot p\u0103rea activit\u0103\u021bi familiare, obi\u0219nuite, care par s\u0103 aib\u0103 un impact redus asupra calit\u0103\u021bii vie\u021bii. Cu toate acestea, rezultatele unui <a href=\"https:\/\/news.gallup.com\/opinion\/gallup\/544667\/cooking-eating-together-key-ingredients-wellbeing.aspx\">sondaj<\/a> realizat de Gallup sugereaz\u0103 contrariul: cei c\u0103rora le place s\u0103 g\u0103teasc\u0103 \u0219i m\u0103n\u00e2nc\u0103 frecvent cu al\u021bii \u00ee\u0219i pot hr\u0103ni nu doar corpul, ci \u0219i starea de bine.[\/vc_column_text]<\/div><\/div><\/div><\/div><div id=\"tdi_17\" class=\"tdc-row\"><div class=\"vc_row tdi_18  wpb_row td-pb-row\" >\n<style scoped>\n\n\/* custom css *\/\n.tdi_18,\r\n                .tdi_18 .tdc-columns{\r\n                    min-height: 0;\r\n                }.tdi_18,\r\n\t\t\t\t.tdi_18 .tdc-columns{\r\n\t\t\t\t    display: block;\r\n\t\t\t\t}.tdi_18 .tdc-columns{\r\n\t\t\t\t    width: 100%;\r\n\t\t\t\t}\n<\/style><div class=\"vc_column tdi_20  wpb_column vc_column_container tdc-column td-pb-span12\">\n<style scoped>\n\n\/* custom css *\/\n.tdi_20{\r\n                    vertical-align: baseline;\r\n                }.tdi_20 > .wpb_wrapper,\r\n\t\t\t\t.tdi_20 > .wpb_wrapper > .tdc-elements{\r\n\t\t\t\t    display: block;\r\n\t\t\t\t}.tdi_20 > .wpb_wrapper > .tdc-elements{\r\n\t\t\t\t    width: 100%;\r\n\t\t\t\t}.tdi_20 > .wpb_wrapper > .vc_row_inner{\r\n\t\t\t\t    width: auto;\r\n\t\t\t\t}.tdi_20 > .wpb_wrapper{\r\n\t\t\t\t    width: auto;\r\n\t\t\t\t    height: auto;\r\n\t\t\t\t}\n<\/style><div class=\"wpb_wrapper\" >[vc_column_text el_id=&#8221;ancora-3&#8243; el_class=&#8221;the-post-section-title&#8221;]M\u00e2nc\u0103m \u00eempreun\u0103, suntem mai ferici\u021bi[\/vc_column_text][vc_column_text]Studiul Gallup confirm\u0103: la nivel global, persoanele care iau regulat cina cu cunoscu\u021bi (de peste 4 ori pe s\u0103pt\u0103m\u00e2n\u0103) ob\u021bin un scor mai mare la \u201eGallup Positive Experience Index\u201d, ceea ce \u00eenseamn\u0103 c\u0103 sunt mai predispuse s\u0103 experimenteze bucurie, r\u00e2d sau z\u00e2mbesc mult \u0219i sunt mai deschi\u0219i s\u0103 \u00eenve\u021be ceva nou zilnic.<\/p>\n<p>Dac\u0103 m\u00e2ncatul frecvent \u00eempreun\u0103 cu al\u021bii poate fi o surs\u0103 de schimbare pozitiv\u0103 \u00een via\u021ba unei persoane, se pare, de asemenea, c\u0103 mesele regulate pe cont propriu &#8211; sau ceea ce este uneori denumit \u201em\u00e2ncat solitar\u201d \u2013 pot avea o influen\u021b\u0103 negativ\u0103 asupra calit\u0103\u021bii vie\u021bii, \u00een special atunci c\u00e2nd oamenii m\u0103n\u00e2nc\u0103 singuri involuntar sau pentru c\u0103 nu au prieteni sau membri ai familiei cu care s\u0103 ia masa \u00een mod regulat. Cercet\u0103rile sugereaz\u0103 c\u0103 persoanele care iau masa singure prezint\u0103 un risc mai mare de a suferi de probleme de s\u0103n\u0103tate fizic\u0103 \u0219i atitudini depresive.[\/vc_column_text][vc_column_text el_id=&#8221;ancora-2&#8243; el_class=&#8221;the-post-section-title&#8221;]De ce mesele \u00een familie sunt esen\u021biale?[\/vc_column_text][vc_column_text]Via\u021ba de familie aglomerat\u0103 poate face dificil\u0103 luarea unei mese \u00eempreun\u0103. Programele de lucru diferite, activit\u0103\u021bile de dup\u0103 \u0219coal\u0103, oboseala copiilor \u0219i a p\u0103rin\u021bilor pot \u00eensemna adesea o cin\u0103 gr\u0103bit\u0103 la masa din buc\u0103t\u0103rie sau mese decalate pentru a se potrivi cu antrenamentele de balet sau baschet. Dar importan\u021ba lor este mult mai mare dec\u00e2t am putea crede.<\/p>\n<p>Vestea bun\u0103 este c\u0103 nu trebuie s\u0103 lua\u021bi cina \u00eempreun\u0103 \u00een fiecare sear\u0103 pentru a v\u0103 bucura de o mas\u0103 \u00een familie. \u00cencerca\u021bi s\u0103 \u00eencepe\u021bi cu weekendurile, c\u00e2nd lucrurile nu sunt la fel de aglomerate, sau alege\u021bi o sear\u0103 mai pu\u021bin aglomerat\u0103 \u00een timpul s\u0103pt\u0103m\u00e2nii.[\/vc_column_text][vc_column_text el_class=&#8221;the-post-section-title&#8221;]M\u00e2nc\u0103m \u00eempreun\u0103, m\u00e2nc\u0103m mai s\u0103n\u0103tos[\/vc_column_text][vc_column_text]Cercet\u0103rile arat\u0103 c\u0103 exist\u0103 numeroase asocieri nutri\u021bionale pozitive \u00eentre frecven\u021ba meselor \u00een familie \u0219i dietele mai s\u0103n\u0103toase la copii, inclusiv un aport mai mare de fructe \u0219i legume, calciu, fier \u0219i diverse vitamine.<\/p>\n<p>Copiii care nu iau cina cu p\u0103rin\u021bii cel pu\u021bin de dou\u0103 ori pe s\u0103pt\u0103m\u00e2n\u0103 au un risc cu 40% mai mare de a deveni supraponderali \u00een compara\u021bie cu cei care o fac.[\/vc_column_text][vc_column_text el_id=&#8221;ancora-4&#8243; el_class=&#8221;the-post-section-title&#8221;]Mesele \u00een familie \u0219i impactul asupra copiilor[\/vc_column_text][vc_column_text]Actul de a \u00eemp\u0103rt\u0103\u0219i mesele dep\u0103\u0219e\u0219te simpla nutri\u021bie &#8211; acesta integreaz\u0103 elemente esen\u021biale de acceptare, sprijin \u0219i conexiune, vitale pentru existen\u021ba uman\u0103. Exist\u0103 studii care au demonstrat chiar beneficii surprinz\u0103toare ale m\u00e2ncatului \u00een familie pentru copii, cum ar fi vocabularul \u00eembog\u0103\u021bit, succesul academic \u0219i insuflarea unor valori familiale pozitive.<\/p>\n<p>De asemenea, copiii care iau cina cu p\u0103rin\u021bii cinci sau mai multe zile pe s\u0103pt\u0103m\u00e2n\u0103 au mai pu\u021bine probleme cu drogurile \u0219i alcoolul, potrivit unui studiu realizat de Centrul Na\u021bional pentru Dependen\u021b\u0103 \u0219i Abuz de Substan\u021be de la Universitatea Columbia.[\/vc_column_text][vc_column_text el_class=&#8221;the-post-section-title&#8221;]M\u00e2nc\u0103m \u00eempreun\u0103, suntem mai conecta\u021bi [\/vc_column_text][vc_column_text]Mesele regulate \u00een familie sunt asociate cu apropierea familiei \u0219i cu bun\u0103starea emo\u021bional\u0103 a tuturor membrilor familiei. Mesele \u00een familie servesc drept baz\u0103 pentru \u201eamintirile legate de m\u00e2ncare\u201d care se formeaz\u0103 devreme \u00een copil\u0103rie \u0219i continu\u0103 pe tot parcursul vie\u021bii.<br \/>\nCopiii mai mici care beneficiaz\u0103 de rutina meselor \u00een familie au un sentiment de apartenen\u021b\u0103 \u0219i securitate emo\u021bional\u0103. Copiii care \u00ee\u0219i cunosc istoria familiei prin discu\u021bii despre mesele \u00een familie \u0219i alte interac\u021biuni au raportat c\u0103 au avut rela\u021bii mai str\u00e2nse cu membrii familiei, o stim\u0103 de sine mai mare \u0219i un sentiment mai mare de control asupra vie\u021bii lor.[\/vc_column_text][vc_column_text el_class=&#8221;the-post-section-title&#8221;]Mese hibride: conectare \u00een era digital\u0103[\/vc_column_text][vc_column_text]\u00cen contextul stilului de via\u021b\u0103 modern, nu toate mesele \u00eempreun\u0103 pot avea loc la aceea\u0219i mas\u0103 fizic\u0103 \u2013 \u00eens\u0103 conectarea r\u0103m\u00e2ne posibil\u0103. Multe familii sau grupuri de prieteni aleg s\u0103 transforme tehnologia \u00eentr-un aliat \u0219i organizeaz\u0103 \u201emese virtuale\u201d prin apeluri video. Fie c\u0103 este vorba de bunici care iau micul dejun \u00eempreun\u0103 cu nepo\u021bii pe Zoom, colegi care \u00ee\u0219i programeaz\u0103 o pauz\u0103 de pr\u00e2nz online sau fra\u021bi care locuiesc \u00een ora\u0219e diferite \u0219i se rev\u0103d la o cafea prin FaceTime, aceste gesturi digitale contribuie la men\u021binerea leg\u0103turilor emo\u021bionale. De\u0219i nu \u00eenlocuiesc complet interac\u021biunile fa\u021b\u0103 \u00een fa\u021b\u0103, pot reduce sentimentul de izolare \u0219i pot crea un sentiment de rutin\u0103 afectiv\u0103, mai ales \u00een perioade aglomerate sau \u00een cazul familiilor dispersate geografic.[\/vc_column_text][vc_column_text el_class=&#8221;the-post-section-title&#8221;]Satisfac\u021bia p\u0103rin\u021bilor la locul de munc\u0103 legat\u0103 de mesele \u00een familie[\/vc_column_text][vc_column_text]Mesele \u00een familie joac\u0103 un rol important \u0219i \u00een bun\u0103starea p\u0103rin\u021bilor. Cercet\u0103rile au identificat faptul c\u0103 p\u0103rin\u021bii al c\u0103ror loc de munc\u0103 a interferat cu mesele \u00een familie au raportat o nemul\u021bumire mai mare fa\u021b\u0103 de locul de munc\u0103 \u0219i viitorul lor profesional. P\u0103rin\u021bii care au avut locuri de munc\u0103 care nu au interferat cu mesele \u00een familie au raportat o rela\u021bie mai puternic\u0103 cu copiii \u0219i so\u021bul\/so\u021bia. [\/vc_column_text][vc_column_text el_class=&#8221;the-post-section-title&#8221;]Mesele la locul de munc\u0103 pot \u00eembun\u0103t\u0103\u021bi productivitatea<br \/>\n[\/vc_column_text][vc_column_text]A m\u00e2nca \u00eempreun\u0103 cu colegii ofer\u0103 mai multe beneficii dec\u00e2t ai putea crede &#8211; nu doar pentru angaja\u021bi, ci \u0219i pentru angajatori. Aceste avantaje pot include rela\u021bii mai puternice cu angaja\u021bii, precum \u0219i o implicare sporit\u0103, incluziune, moral ridicat pentru echip\u0103.<\/p>\n<p>A m\u00e2nca \u00eempreun\u0103 poate \u00eencuraja, de asemenea, cooperarea. \u00cen timpul meselor se poate produce mult\u0103 comunicare informal\u0103. Chiar \u0219i a\u0219a-numitele \u201ediscu\u021bii m\u0103runte\u201d pot stimula performan\u021ba.[\/vc_column_text][vc_column_text el_class=&#8221;the-post-section-title&#8221;]Idei simple pentru a \u00eencepe mese comune \u00een familie sau la birou[\/vc_column_text][vc_column_text]A face din mesele comune o prioritate nu trebuie s\u0103 fie complicat sau costisitor. Poate \u00eencepe cu un singur moment stabilit pe s\u0103pt\u0103m\u00e2n\u0103: o sear\u0103 de vineri \u00een care familia g\u0103te\u0219te \u00eempreun\u0103, un mic dejun de duminic\u0103 \u00een care fiecare aduce ceva la mas\u0103 sau o pauz\u0103 de pr\u00e2nz comun\u0103 la birou, \u00een afara calculatorului. Planificarea \u00eempreun\u0103 a meniului, rotirea responsabilit\u0103\u021bilor de g\u0103tit sau chiar ideea de \u201ecin\u0103 tematic\u0103\u201d (de exemplu, sear\u0103 italian\u0103, sear\u0103 vegetarian\u0103) pot transforma mesele \u00eentr-un moment a\u0219teptat, nu impus. La serviciu, un spa\u021biu amenajat pentru pauze de mas\u0103, f\u0103r\u0103 presiunea muncii, poate \u00eencuraja colegii s\u0103 rela\u021bioneze natural \u0219i s\u0103 creeze o atmosfer\u0103 de echip\u0103. Cheia este regularitatea \u2013 chiar \u0219i rare, mesele recurente pot deveni o ancor\u0103 afectiv\u0103 important\u0103.<\/p>\n<p>Mesele comune nu sunt doar despre m\u00e2ncare \u2013 sunt despre apartenen\u021b\u0103. Nu conteaz\u0103 c\u00e2t de simple sunt preparatele, ci faptul c\u0103 sunt \u00eemp\u0103rt\u0103\u0219ite. \u00centr-o lume din ce \u00een ce mai gr\u0103bit\u0103, a m\u00e2nca \u00eempreun\u0103 este un act de grij\u0103, o form\u0103 de conectare care las\u0103 urme ad\u00e2nci. \u00cencepe cu o mas\u0103 pe s\u0103pt\u0103m\u00e2n\u0103 \u2013 \u0219i vezi ce se schimb\u0103.[\/vc_column_text]<\/div><\/div><\/div><\/div>\n<\/section>","protected":false},"excerpt":{"rendered":"[vc_column_text]\u00cenc\u0103 de la \u00eenceputul timpurilor, m\u00e2ncarea a fost un ingredient cheie \u00een via\u021ba noastr\u0103 social\u0103 \u0219i cultural\u0103. \u00cen toate societ\u0103\u021bile, mesele \u0219i osp\u0103\u021burile comune au reunit familii, prieteni \u0219i vecini \u00een s\u0103rb\u0103toarea m\u00e2nc\u0103rii. G\u0103titul \u0219i luarea mesei cu alte persoane, cum ar fi membrii familiei, prietenii sau colegii pot p\u0103rea activit\u0103\u021bi familiare, obi\u0219nuite, care par [...]","protected":false},"author":40,"featured_media":23456,"comment_status":"open","ping_status":"open","sticky":false,"template":"","format":"standard","meta":{"jetpack_post_was_ever_published":false,"_jetpack_newsletter_access":"","_jetpack_dont_email_post_to_subs":false,"_jetpack_newsletter_tier_id":0,"_jetpack_memberships_contains_paywalled_content":false,"_jetpack_memberships_contains_paid_content":false,"footnotes":"","jetpack_publicize_message":"","jetpack_publicize_feature_enabled":true,"jetpack_social_post_already_shared":true,"jetpack_social_options":{"image_generator_settings":{"template":"highway","enabled":false},"version":2}},"categories":[1375],"tags":[],"class_list":{"0":"post-23455","1":"post","2":"type-post","3":"status-publish","4":"format-standard","5":"has-post-thumbnail","7":"category-socializare"},"yoast_head":"<!-- This site is optimized with the Yoast SEO plugin v19.14 - https:\/\/yoast.com\/wordpress\/plugins\/seo\/ -->\n<title>M\u00e2nc\u0103m \u00eempreun\u0103, tr\u0103im mai conecta\u021bi &ndash; Zi de zi mai bine - SanoVita<\/title>\n<meta name=\"robots\" content=\"index, follow, max-snippet:-1, max-image-preview:large, max-video-preview:-1\" \/>\n<link rel=\"canonical\" href=\"https:\/\/beta.sanovita.ro\/blog\/mancam-impreuna-traim-mai-conectati\/\" \/>\n<meta property=\"og:locale\" content=\"ro_RO\" \/>\n<meta property=\"og:type\" content=\"article\" \/>\n<meta property=\"og:title\" content=\"M\u00e2nc\u0103m \u00eempreun\u0103, tr\u0103im mai conecta\u021bi &ndash; Zi de zi mai bine - SanoVita\" \/>\n<meta property=\"og:url\" content=\"https:\/\/beta.sanovita.ro\/blog\/mancam-impreuna-traim-mai-conectati\/\" \/>\n<meta property=\"og:site_name\" content=\"Zi de zi mai bine - SanoVita\" \/>\n<meta property=\"article:publisher\" content=\"https:\/\/www.facebook.com\/SanoVita\/\" \/>\n<meta property=\"article:published_time\" content=\"2025-08-06T08:22:51+00:00\" \/>\n<meta property=\"article:modified_time\" content=\"2025-08-06T08:28:17+00:00\" \/>\n<meta property=\"og:image\" content=\"https:\/\/beta.sanovita.ro\/blog\/wp-content\/uploads\/2025\/08\/Socializare-Mancam-impreuna-1-scaled.png\" \/>\n\t<meta property=\"og:image:width\" content=\"2560\" \/>\n\t<meta property=\"og:image:height\" content=\"1440\" \/>\n\t<meta property=\"og:image:type\" content=\"image\/png\" \/>\n<meta name=\"author\" content=\"Neagu Tudorel\" \/>\n<meta name=\"twitter:card\" content=\"summary_large_image\" \/>\n<meta name=\"twitter:creator\" content=\"@SanoVitaOficial\" \/>\n<meta name=\"twitter:site\" content=\"@SanoVitaOficial\" \/>\n<meta name=\"twitter:label1\" content=\"Scris de\" \/>\n\t<meta name=\"twitter:data1\" content=\"Neagu Tudorel\" \/>\n\t<meta name=\"twitter:label2\" content=\"Timp estimat pentru citire\" \/>\n\t<meta name=\"twitter:data2\" content=\"7 minute\" \/>\n<script type=\"application\/ld+json\" class=\"yoast-schema-graph\">{\"@context\":\"https:\/\/schema.org\",\"@graph\":[{\"@type\":\"Article\",\"@id\":\"https:\/\/beta.sanovita.ro\/blog\/mancam-impreuna-traim-mai-conectati\/#article\",\"isPartOf\":{\"@id\":\"https:\/\/beta.sanovita.ro\/blog\/mancam-impreuna-traim-mai-conectati\/\"},\"author\":{\"name\":\"Neagu Tudorel\",\"@id\":\"https:\/\/beta.sanovita.ro\/blog\/#\/schema\/person\/87d4138ac51742c4ce60d174c4b823ca\"},\"headline\":\"M\u00e2nc\u0103m \u00eempreun\u0103, tr\u0103im mai conecta\u021bi\",\"datePublished\":\"2025-08-06T08:22:51+00:00\",\"dateModified\":\"2025-08-06T08:28:17+00:00\",\"mainEntityOfPage\":{\"@id\":\"https:\/\/beta.sanovita.ro\/blog\/mancam-impreuna-traim-mai-conectati\/\"},\"wordCount\":1501,\"commentCount\":0,\"publisher\":{\"@id\":\"https:\/\/beta.sanovita.ro\/blog\/#organization\"},\"articleSection\":[\"Socializare\"],\"inLanguage\":\"ro-RO\",\"potentialAction\":[{\"@type\":\"CommentAction\",\"name\":\"Comment\",\"target\":[\"https:\/\/beta.sanovita.ro\/blog\/mancam-impreuna-traim-mai-conectati\/#respond\"]}]},{\"@type\":\"WebPage\",\"@id\":\"https:\/\/beta.sanovita.ro\/blog\/mancam-impreuna-traim-mai-conectati\/\",\"url\":\"https:\/\/beta.sanovita.ro\/blog\/mancam-impreuna-traim-mai-conectati\/\",\"name\":\"M\u00e2nc\u0103m \u00eempreun\u0103, tr\u0103im mai conecta\u021bi &ndash; Zi de zi mai bine - SanoVita\",\"isPartOf\":{\"@id\":\"https:\/\/beta.sanovita.ro\/blog\/#website\"},\"datePublished\":\"2025-08-06T08:22:51+00:00\",\"dateModified\":\"2025-08-06T08:28:17+00:00\",\"inLanguage\":\"ro-RO\",\"potentialAction\":[{\"@type\":\"ReadAction\",\"target\":[\"https:\/\/beta.sanovita.ro\/blog\/mancam-impreuna-traim-mai-conectati\/\"]}]},{\"@type\":\"WebSite\",\"@id\":\"https:\/\/beta.sanovita.ro\/blog\/#website\",\"url\":\"https:\/\/beta.sanovita.ro\/blog\/\",\"name\":\"Zi de zi mai bine\",\"description\":\"Zi de zi mai bine!\",\"publisher\":{\"@id\":\"https:\/\/beta.sanovita.ro\/blog\/#organization\"},\"potentialAction\":[{\"@type\":\"SearchAction\",\"target\":{\"@type\":\"EntryPoint\",\"urlTemplate\":\"https:\/\/beta.sanovita.ro\/blog\/?s={search_term_string}\"},\"query-input\":\"required name=search_term_string\"}],\"inLanguage\":\"ro-RO\"},{\"@type\":\"Organization\",\"@id\":\"https:\/\/beta.sanovita.ro\/blog\/#organization\",\"name\":\"Sano Vita\",\"url\":\"https:\/\/beta.sanovita.ro\/blog\/\",\"logo\":{\"@type\":\"ImageObject\",\"inLanguage\":\"ro-RO\",\"@id\":\"https:\/\/beta.sanovita.ro\/blog\/#\/schema\/logo\/image\/\",\"url\":\"https:\/\/sanovita.ro\/blog\/wp-content\/uploads\/2021\/05\/sanovita-new.png\",\"contentUrl\":\"https:\/\/sanovita.ro\/blog\/wp-content\/uploads\/2021\/05\/sanovita-new.png\",\"width\":546,\"height\":110,\"caption\":\"Sano Vita\"},\"image\":{\"@id\":\"https:\/\/beta.sanovita.ro\/blog\/#\/schema\/logo\/image\/\"},\"sameAs\":[\"https:\/\/www.instagram.com\/sano_vita\",\"https:\/\/www.facebook.com\/SanoVita\/\",\"https:\/\/twitter.com\/SanoVitaOficial\"]},{\"@type\":\"Person\",\"@id\":\"https:\/\/beta.sanovita.ro\/blog\/#\/schema\/person\/87d4138ac51742c4ce60d174c4b823ca\",\"name\":\"Neagu Tudorel\",\"image\":{\"@type\":\"ImageObject\",\"inLanguage\":\"ro-RO\",\"@id\":\"https:\/\/beta.sanovita.ro\/blog\/#\/schema\/person\/image\/\",\"url\":\"https:\/\/secure.gravatar.com\/avatar\/39ef1fecbcd71e7693bfba2a75665fe49838408402c6d4057e709679b4d9b778?s=96&d=mm&r=g\",\"contentUrl\":\"https:\/\/secure.gravatar.com\/avatar\/39ef1fecbcd71e7693bfba2a75665fe49838408402c6d4057e709679b4d9b778?s=96&d=mm&r=g\",\"caption\":\"Neagu Tudorel\"},\"url\":\"https:\/\/beta.sanovita.ro\/blog\/author\/tudorel\/\"}]}<\/script>\n<!-- \/ Yoast SEO plugin. -->","yoast_head_json":{"title":"M\u00e2nc\u0103m \u00eempreun\u0103, tr\u0103im mai conecta\u021bi &ndash; Zi de zi mai bine - SanoVita","robots":{"index":"index","follow":"follow","max-snippet":"max-snippet:-1","max-image-preview":"max-image-preview:large","max-video-preview":"max-video-preview:-1"},"canonical":"https:\/\/beta.sanovita.ro\/blog\/mancam-impreuna-traim-mai-conectati\/","og_locale":"ro_RO","og_type":"article","og_title":"M\u00e2nc\u0103m \u00eempreun\u0103, tr\u0103im mai conecta\u021bi &ndash; Zi de zi mai bine - SanoVita","og_url":"https:\/\/beta.sanovita.ro\/blog\/mancam-impreuna-traim-mai-conectati\/","og_site_name":"Zi de zi mai bine - SanoVita","article_publisher":"https:\/\/www.facebook.com\/SanoVita\/","article_published_time":"2025-08-06T08:22:51+00:00","article_modified_time":"2025-08-06T08:28:17+00:00","og_image":[{"width":2560,"height":1440,"url":"https:\/\/beta.sanovita.ro\/blog\/wp-content\/uploads\/2025\/08\/Socializare-Mancam-impreuna-1-scaled.png","type":"image\/png"}],"author":"Neagu Tudorel","twitter_card":"summary_large_image","twitter_creator":"@SanoVitaOficial","twitter_site":"@SanoVitaOficial","twitter_misc":{"Scris de":"Neagu Tudorel","Timp estimat pentru citire":"7 minute"},"schema":{"@context":"https:\/\/schema.org","@graph":[{"@type":"Article","@id":"https:\/\/beta.sanovita.ro\/blog\/mancam-impreuna-traim-mai-conectati\/#article","isPartOf":{"@id":"https:\/\/beta.sanovita.ro\/blog\/mancam-impreuna-traim-mai-conectati\/"},"author":{"name":"Neagu Tudorel","@id":"https:\/\/beta.sanovita.ro\/blog\/#\/schema\/person\/87d4138ac51742c4ce60d174c4b823ca"},"headline":"M\u00e2nc\u0103m \u00eempreun\u0103, tr\u0103im mai conecta\u021bi","datePublished":"2025-08-06T08:22:51+00:00","dateModified":"2025-08-06T08:28:17+00:00","mainEntityOfPage":{"@id":"https:\/\/beta.sanovita.ro\/blog\/mancam-impreuna-traim-mai-conectati\/"},"wordCount":1501,"commentCount":0,"publisher":{"@id":"https:\/\/beta.sanovita.ro\/blog\/#organization"},"articleSection":["Socializare"],"inLanguage":"ro-RO","potentialAction":[{"@type":"CommentAction","name":"Comment","target":["https:\/\/beta.sanovita.ro\/blog\/mancam-impreuna-traim-mai-conectati\/#respond"]}]},{"@type":"WebPage","@id":"https:\/\/beta.sanovita.ro\/blog\/mancam-impreuna-traim-mai-conectati\/","url":"https:\/\/beta.sanovita.ro\/blog\/mancam-impreuna-traim-mai-conectati\/","name":"M\u00e2nc\u0103m \u00eempreun\u0103, tr\u0103im mai conecta\u021bi &ndash; Zi de zi mai bine - SanoVita","isPartOf":{"@id":"https:\/\/beta.sanovita.ro\/blog\/#website"},"datePublished":"2025-08-06T08:22:51+00:00","dateModified":"2025-08-06T08:28:17+00:00","inLanguage":"ro-RO","potentialAction":[{"@type":"ReadAction","target":["https:\/\/beta.sanovita.ro\/blog\/mancam-impreuna-traim-mai-conectati\/"]}]},{"@type":"WebSite","@id":"https:\/\/beta.sanovita.ro\/blog\/#website","url":"https:\/\/beta.sanovita.ro\/blog\/","name":"Zi de zi mai bine","description":"Zi de zi mai bine!","publisher":{"@id":"https:\/\/beta.sanovita.ro\/blog\/#organization"},"potentialAction":[{"@type":"SearchAction","target":{"@type":"EntryPoint","urlTemplate":"https:\/\/beta.sanovita.ro\/blog\/?s={search_term_string}"},"query-input":"required name=search_term_string"}],"inLanguage":"ro-RO"},{"@type":"Organization","@id":"https:\/\/beta.sanovita.ro\/blog\/#organization","name":"Sano Vita","url":"https:\/\/beta.sanovita.ro\/blog\/","logo":{"@type":"ImageObject","inLanguage":"ro-RO","@id":"https:\/\/beta.sanovita.ro\/blog\/#\/schema\/logo\/image\/","url":"https:\/\/sanovita.ro\/blog\/wp-content\/uploads\/2021\/05\/sanovita-new.png","contentUrl":"https:\/\/sanovita.ro\/blog\/wp-content\/uploads\/2021\/05\/sanovita-new.png","width":546,"height":110,"caption":"Sano Vita"},"image":{"@id":"https:\/\/beta.sanovita.ro\/blog\/#\/schema\/logo\/image\/"},"sameAs":["https:\/\/www.instagram.com\/sano_vita","https:\/\/www.facebook.com\/SanoVita\/","https:\/\/twitter.com\/SanoVitaOficial"]},{"@type":"Person","@id":"https:\/\/beta.sanovita.ro\/blog\/#\/schema\/person\/87d4138ac51742c4ce60d174c4b823ca","name":"Neagu Tudorel","image":{"@type":"ImageObject","inLanguage":"ro-RO","@id":"https:\/\/beta.sanovita.ro\/blog\/#\/schema\/person\/image\/","url":"https:\/\/secure.gravatar.com\/avatar\/39ef1fecbcd71e7693bfba2a75665fe49838408402c6d4057e709679b4d9b778?s=96&d=mm&r=g","contentUrl":"https:\/\/secure.gravatar.com\/avatar\/39ef1fecbcd71e7693bfba2a75665fe49838408402c6d4057e709679b4d9b778?s=96&d=mm&r=g","caption":"Neagu Tudorel"},"url":"https:\/\/beta.sanovita.ro\/blog\/author\/tudorel\/"}]}},"jetpack_publicize_connections":[],"jetpack_featured_media_url":"https:\/\/beta.sanovita.ro\/blog\/wp-content\/uploads\/2025\/08\/Socializare-Mancam-impreuna-1-scaled.png","featured_image_src":"https:\/\/beta.sanovita.ro\/blog\/wp-content\/uploads\/2025\/08\/Socializare-Mancam-impreuna-1-741x417.png","jetpack_shortlink":"https:\/\/wp.me\/p8JCYA-66j","jetpack_sharing_enabled":true,"_links":{"self":[{"href":"https:\/\/beta.sanovita.ro\/blog\/wp-json\/wp\/v2\/posts\/23455","targetHints":{"allow":["GET"]}}],"collection":[{"href":"https:\/\/beta.sanovita.ro\/blog\/wp-json\/wp\/v2\/posts"}],"about":[{"href":"https:\/\/beta.sanovita.ro\/blog\/wp-json\/wp\/v2\/types\/post"}],"author":[{"embeddable":true,"href":"https:\/\/beta.sanovita.ro\/blog\/wp-json\/wp\/v2\/users\/40"}],"replies":[{"embeddable":true,"href":"https:\/\/beta.sanovita.ro\/blog\/wp-json\/wp\/v2\/comments?post=23455"}],"version-history":[{"count":2,"href":"https:\/\/beta.sanovita.ro\/blog\/wp-json\/wp\/v2\/posts\/23455\/revisions"}],"predecessor-version":[{"id":23459,"href":"https:\/\/beta.sanovita.ro\/blog\/wp-json\/wp\/v2\/posts\/23455\/revisions\/23459"}],"wp:featuredmedia":[{"embeddable":true,"href":"https:\/\/beta.sanovita.ro\/blog\/wp-json\/wp\/v2\/media\/23456"}],"wp:attachment":[{"href":"https:\/\/beta.sanovita.ro\/blog\/wp-json\/wp\/v2\/media?parent=23455"}],"wp:term":[{"taxonomy":"category","embeddable":true,"href":"https:\/\/beta.sanovita.ro\/blog\/wp-json\/wp\/v2\/categories?post=23455"},{"taxonomy":"post_tag","embeddable":true,"href":"https:\/\/beta.sanovita.ro\/blog\/wp-json\/wp\/v2\/tags?post=23455"}],"curies":[{"name":"wp","href":"https:\/\/api.w.org\/{rel}","templated":true}]}}