{"id":19930,"date":"2022-08-12T11:36:58","date_gmt":"2022-08-12T08:36:58","guid":{"rendered":"https:\/\/sanovita.ro\/blog\/?p=19930"},"modified":"2024-03-20T12:34:49","modified_gmt":"2024-03-20T10:34:49","slug":"mousse-de-ciocolata-cu-avocado","status":"publish","type":"post","link":"https:\/\/beta.sanovita.ro\/blog\/mousse-de-ciocolata-cu-avocado\/","title":{"rendered":"Mousse de ciocolat\u0103 cu avocado"},"content":{"rendered":"<p><span style=\"font-weight: 400;\">Ce-ai zice de o spum\u0103 de ciocolat\u0103 rece, revigorant\u0103 \u0219i dulce at\u00e2t c\u00e2t trebuie pentru zilele c\u0103lduroase de var\u0103? Preg\u0103te\u0219ti acest mousse de ciocolat\u0103 cu avocado \u00een mai pu\u021bin de jum\u0103tate de or\u0103 \u0219i \u00eel savurezi al\u0103turi de cei dragi, atunci c\u00e2nd toat\u0103 lumea vrea o gustare delicioas\u0103, dar u\u0219oar\u0103, proasp\u0103t\u0103 \u0219i f\u0103r\u0103 prea mult zah\u0103r.<\/span><\/p>\n<p>&nbsp;<\/p>\n<div class=\"td_text_columns_two_cols\">\n<p style=\"text-align: center;\"><span style=\"font-size: 10pt;\"><strong>TIMP DE PREPARARE \u00a0<\/strong><span style=\"color: #ff0000;\"> 20<span style=\"font-weight: 400;\">\u00a0minute\u00a0<\/span><\/span><br \/>\n<\/span><\/p>\n<p style=\"text-align: center;\"><span style=\"font-size: 10pt;\"><strong>POR\u021aII\u00a0<\/strong><span style=\"color: #ff0000;\"> 6<\/span><\/span><\/p>\n<p style=\"text-align: center;\"><span style=\"font-size: 10pt;\"><strong>TIP RE\u021aET\u0102\u00a0 Desert<\/strong><\/span><\/p>\n<p style=\"text-align: center;\"><span style=\"font-size: 10pt;\"><strong>DIFICULTATE \u00a0<\/strong><span style=\"color: #ff0000;\"> Sc\u0103zut\u0103<\/span><br \/>\n<\/span><\/p>\n<p style=\"text-align: center;\"><span style=\"font-size: 10pt;\"><strong>PRINTEAZ\u0102 RE\u021aETA<\/strong> <\/span><\/p>\n<p style=\"text-align: center;\"><span style=\"font-size: 10pt;\"><span style=\"color: #000000;\"><div class=\"printfriendly pf-button  pf-aligncenter\">\n                    <a href=\"https:\/\/beta.sanovita.ro\/blog\/mousse-de-ciocolata-cu-avocado\/?pfstyle=wp\" rel=\"nofollow\" onclick=\"\" title=\"Printer Friendly, PDF & Email\">\n                    <img decoding=\"async\" class=\"pf-button-img\" src=\"https:\/\/cdn.printfriendly.com\/buttons\/printfriendly-pdf-button.png\" alt=\"Print Friendly, PDF & Email\" style=\"width: 112px;height: 24px;\"  \/>\n                    <\/a>\n                <\/div><\/span><br \/>\n<\/span><\/p>\n<\/div>\n<hr \/>\n<h3 style=\"text-align: left;\"><i class=\"fa fa-shopping-basket \" ><\/i><\/h3>\n<h4><strong>Ingrediente:<\/strong><\/h4>\n<ul>\n<li><span style=\"font-weight: 400;\">\u00bd can\u0103 de pudr\u0103 de cacao, crud\u0103 sau pr\u0103jit\u0103, ne\u00eendulcit\u0103<\/span><\/li>\n<li><span style=\"font-weight: 400;\">\u00bd can\u0103 de <\/span><a href=\"https:\/\/sanovita.ro\/pudra-de-roscove-250g-162.html\"><span style=\"font-weight: 400;\">pudr\u0103 de ro\u0219cove (karob)<\/span><\/a><\/li>\n<li><span style=\"font-weight: 400;\">4 avocado mari, bine cop\u021bi<\/span><\/li>\n<li><span style=\"font-weight: 400;\">\u00bd can\u0103 de <a href=\"https:\/\/sanovita.ro\/blog\/pasta-de-curmale\/\">past\u0103 de curmale<\/a>\u00a0<\/span><\/li>\n<li><span style=\"font-weight: 400;\">\u00bc can\u0103 de \u00eendulcitor lichid (sau po\u021bi ad\u0103uga pu\u021bin mai mult\u0103 past\u0103 de curmale)<\/span><\/li>\n<li><span style=\"font-weight: 400;\">1 linguri\u021b\u0103 de extract de vanilie<\/span><\/li>\n<li><span style=\"font-weight: 400;\">\u00bc linguri\u021b\u0103 de <\/span><a href=\"https:\/\/sanovita.ro\/sare-de-mare-grunjoasa-iodata-1-kg-116.html\"><span style=\"font-weight: 400;\">sare de mare<\/span><\/a><\/li>\n<li><span style=\"font-weight: 400;\">\u00bc can\u0103 de <\/span><a href=\"https:\/\/sanovita.ro\/bautura-vegetala-din-ovaz-bio-1l-1314.html\"><span style=\"font-weight: 400;\">b\u0103utur\u0103 de ov\u0103z<\/span><\/a><\/li>\n<li><span style=\"font-weight: 400;\">Fructe de p\u0103dure proaspete pentru decor<\/span><\/li>\n<\/ul>\n<p>&nbsp;<\/p>\n<h4><strong>Mod de preparare:<\/strong><\/h4>\n<ul>\n<li style=\"font-weight: 400;\" aria-level=\"1\"><span style=\"font-weight: 400;\">Pune pudra de cacao \u0219i pudra de ro\u0219cove \u00een vasul unui robot de buc\u0103t\u0103rie.<\/span><\/li>\n<li style=\"font-weight: 400;\" aria-level=\"1\"><span style=\"font-weight: 400;\">Ad\u0103ug\u0103 \u0219i avocado, pasta de curmale, \u00eendulcitorul, vanilia \u0219i sarea. Mixeaz\u0103 p\u00e2n\u0103 c\u00e2nd compozi\u021bia devine omogen\u0103.<\/span><\/li>\n<li style=\"font-weight: 400;\" aria-level=\"1\"><span style=\"font-weight: 400;\">Adaug\u0103 b\u0103utura de ov\u0103z \u0219i continu\u0103 s\u0103 mixezi p\u00e2n\u0103 la omogenizare. Cur\u0103\u021b\u0103 bine p\u0103r\u021bile laterale ale vasului pentru a te asigura c\u0103 amestecul s-a omogenizat bine.<\/span><\/li>\n<li style=\"font-weight: 400;\" aria-level=\"1\"><span style=\"font-weight: 400;\">C\u00e2nd este gata, pune mousse-ul astfel ob\u021binut \u00een pahare \u0219i orneaz\u0103-l cu fructe de p\u0103dure proaspete.<\/span><\/li>\n<li aria-level=\"1\">Las\u0103 la frigider pentru 1-2 ore \u00eenainte de servire.<\/li>\n<\/ul>\n<p>&nbsp;<\/p>\n<h4><strong style=\"color: #111111; font-family: Roboto, sans-serif; font-size: 19px;\">\u0218tiai c\u0103?<\/strong><\/h4>\n<ul>\n<li style=\"font-weight: 400;\" aria-level=\"1\"><span style=\"font-weight: 400;\">Exist\u0103 peste 200 de soiuri de curmale, iar alergia la curmale este foarte rar \u00eent\u00e2lnit\u0103 \u00een r\u00e2ndul popula\u021biei? Se estimeaz\u0103 c\u0103 fructele pomului de curmal sunt exploatate agricol \u00eenc\u0103 de acum aproximativ 8.000 de ani, \u00een Orientul Mijlociu.<\/span><\/li>\n<li style=\"font-weight: 400;\" aria-level=\"1\"><span style=\"font-weight: 400;\">Pe l\u00e2ng\u0103 fibre \u0219i antioxidan\u021bi, curmalele con\u021bin o important\u0103 cantitate de potasiu, cupru, mangan, magneziu \u0219i vitamina B6.<\/span><\/li>\n<\/ul>\n","protected":false},"excerpt":{"rendered":"<p>Ce-ai zice de o spum\u0103 de ciocolat\u0103 rece, revigorant\u0103 \u0219i dulce at\u00e2t c\u00e2t trebuie pentru zilele c\u0103lduroase de var\u0103? Preg\u0103te\u0219ti acest mousse de ciocolat\u0103 cu avocado \u00een mai pu\u021bin de jum\u0103tate de or\u0103 \u0219i \u00eel savurezi al\u0103turi de cei dragi, atunci c\u00e2nd toat\u0103 lumea vrea o gustare delicioas\u0103, dar u\u0219oar\u0103, proasp\u0103t\u0103 \u0219i f\u0103r\u0103 prea mult [&hellip;]<\/p>\n","protected":false},"author":19,"featured_media":19931,"comment_status":"open","ping_status":"open","sticky":false,"template":"","format":"standard","meta":{"jetpack_post_was_ever_published":false,"_jetpack_newsletter_access":"","_jetpack_dont_email_post_to_subs":false,"_jetpack_newsletter_tier_id":0,"_jetpack_memberships_contains_paywalled_content":false,"_jetpack_memberships_contains_paid_content":false,"footnotes":"","jetpack_publicize_message":"","jetpack_publicize_feature_enabled":true,"jetpack_social_post_already_shared":true,"jetpack_social_options":{"image_generator_settings":{"template":"highway","enabled":false},"version":2}},"categories":[8,1],"tags":[1072,1235],"class_list":{"0":"post-19930","1":"post","2":"type-post","3":"status-publish","4":"format-standard","5":"has-post-thumbnail","7":"category-deserturi","8":"category-retete","9":"tag-desert-de-post","10":"tag-retete-de-post"},"yoast_head":"<!-- This site is optimized with the Yoast SEO plugin v19.14 - https:\/\/yoast.com\/wordpress\/plugins\/seo\/ -->\n<title>Mousse de ciocolat\u0103 cu avocado &ndash; Zi de zi mai bine - SanoVita<\/title>\n<meta name=\"description\" content=\"Preg\u0103te\u0219ti acest mousse de ciocolat\u0103 cu avocado \u00een mai pu\u021bin de jum\u0103tate de or\u0103 \u0219i \u00eel savurezi al\u0103turi de cei dragi.\" \/>\n<meta name=\"robots\" content=\"index, follow, max-snippet:-1, max-image-preview:large, max-video-preview:-1\" \/>\n<link rel=\"canonical\" href=\"https:\/\/beta.sanovita.ro\/blog\/mousse-de-ciocolata-cu-avocado\/\" \/>\n<meta property=\"og:locale\" content=\"ro_RO\" \/>\n<meta property=\"og:type\" content=\"article\" \/>\n<meta property=\"og:title\" content=\"Mousse de ciocolat\u0103 cu avocado &ndash; Zi de zi mai bine - SanoVita\" \/>\n<meta property=\"og:description\" content=\"Preg\u0103te\u0219ti acest mousse de ciocolat\u0103 cu avocado \u00een mai pu\u021bin de jum\u0103tate de or\u0103 \u0219i \u00eel savurezi al\u0103turi de cei dragi.\" \/>\n<meta property=\"og:url\" content=\"https:\/\/beta.sanovita.ro\/blog\/mousse-de-ciocolata-cu-avocado\/\" \/>\n<meta property=\"og:site_name\" content=\"Zi de zi mai bine - SanoVita\" \/>\n<meta property=\"article:publisher\" content=\"https:\/\/www.facebook.com\/SanoVita\/\" \/>\n<meta property=\"article:published_time\" content=\"2022-08-12T08:36:58+00:00\" \/>\n<meta property=\"article:modified_time\" content=\"2024-03-20T10:34:49+00:00\" \/>\n<meta property=\"og:image\" content=\"https:\/\/beta.sanovita.ro\/blog\/wp-content\/uploads\/2022\/08\/shutterstock_1253100787-scaled.jpg\" \/>\n\t<meta property=\"og:image:width\" content=\"2560\" \/>\n\t<meta property=\"og:image:height\" content=\"1707\" \/>\n\t<meta property=\"og:image:type\" content=\"image\/jpeg\" \/>\n<meta name=\"author\" content=\"Daniela Dan\" \/>\n<meta name=\"twitter:card\" content=\"summary_large_image\" \/>\n<meta name=\"twitter:creator\" content=\"@SanoVitaOficial\" \/>\n<meta name=\"twitter:site\" content=\"@SanoVitaOficial\" \/>\n<meta name=\"twitter:label1\" content=\"Scris de\" \/>\n\t<meta name=\"twitter:data1\" content=\"Daniela Dan\" \/>\n\t<meta name=\"twitter:label2\" content=\"Timp estimat pentru citire\" \/>\n\t<meta name=\"twitter:data2\" content=\"2 minute\" \/>\n<script type=\"application\/ld+json\" class=\"yoast-schema-graph\">{\"@context\":\"https:\/\/schema.org\",\"@graph\":[{\"@type\":\"Article\",\"@id\":\"https:\/\/beta.sanovita.ro\/blog\/mousse-de-ciocolata-cu-avocado\/#article\",\"isPartOf\":{\"@id\":\"https:\/\/beta.sanovita.ro\/blog\/mousse-de-ciocolata-cu-avocado\/\"},\"author\":{\"name\":\"Daniela Dan\",\"@id\":\"https:\/\/beta.sanovita.ro\/blog\/#\/schema\/person\/88f72be00950bb01ebea04325b1897f8\"},\"headline\":\"Mousse de ciocolat\u0103 cu avocado\",\"datePublished\":\"2022-08-12T08:36:58+00:00\",\"dateModified\":\"2024-03-20T10:34:49+00:00\",\"mainEntityOfPage\":{\"@id\":\"https:\/\/beta.sanovita.ro\/blog\/mousse-de-ciocolata-cu-avocado\/\"},\"wordCount\":331,\"commentCount\":0,\"publisher\":{\"@id\":\"https:\/\/beta.sanovita.ro\/blog\/#organization\"},\"keywords\":[\"Deserturi de post\",\"Re\u021bete de post\"],\"articleSection\":[\"Deserturi s\u0103n\u0103toase\",\"Re\u021bete\"],\"inLanguage\":\"ro-RO\",\"potentialAction\":[{\"@type\":\"CommentAction\",\"name\":\"Comment\",\"target\":[\"https:\/\/beta.sanovita.ro\/blog\/mousse-de-ciocolata-cu-avocado\/#respond\"]}]},{\"@type\":\"WebPage\",\"@id\":\"https:\/\/beta.sanovita.ro\/blog\/mousse-de-ciocolata-cu-avocado\/\",\"url\":\"https:\/\/beta.sanovita.ro\/blog\/mousse-de-ciocolata-cu-avocado\/\",\"name\":\"Mousse de ciocolat\u0103 cu avocado &ndash; Zi de zi mai bine - SanoVita\",\"isPartOf\":{\"@id\":\"https:\/\/beta.sanovita.ro\/blog\/#website\"},\"datePublished\":\"2022-08-12T08:36:58+00:00\",\"dateModified\":\"2024-03-20T10:34:49+00:00\",\"description\":\"Preg\u0103te\u0219ti acest mousse de ciocolat\u0103 cu avocado \u00een mai pu\u021bin de jum\u0103tate de or\u0103 \u0219i \u00eel savurezi al\u0103turi de cei dragi.\",\"inLanguage\":\"ro-RO\",\"potentialAction\":[{\"@type\":\"ReadAction\",\"target\":[\"https:\/\/beta.sanovita.ro\/blog\/mousse-de-ciocolata-cu-avocado\/\"]}]},{\"@type\":\"WebSite\",\"@id\":\"https:\/\/beta.sanovita.ro\/blog\/#website\",\"url\":\"https:\/\/beta.sanovita.ro\/blog\/\",\"name\":\"Zi de zi mai bine\",\"description\":\"Zi de zi mai bine!\",\"publisher\":{\"@id\":\"https:\/\/beta.sanovita.ro\/blog\/#organization\"},\"potentialAction\":[{\"@type\":\"SearchAction\",\"target\":{\"@type\":\"EntryPoint\",\"urlTemplate\":\"https:\/\/beta.sanovita.ro\/blog\/?s={search_term_string}\"},\"query-input\":\"required name=search_term_string\"}],\"inLanguage\":\"ro-RO\"},{\"@type\":\"Organization\",\"@id\":\"https:\/\/beta.sanovita.ro\/blog\/#organization\",\"name\":\"Sano Vita\",\"url\":\"https:\/\/beta.sanovita.ro\/blog\/\",\"logo\":{\"@type\":\"ImageObject\",\"inLanguage\":\"ro-RO\",\"@id\":\"https:\/\/beta.sanovita.ro\/blog\/#\/schema\/logo\/image\/\",\"url\":\"https:\/\/sanovita.ro\/blog\/wp-content\/uploads\/2021\/05\/sanovita-new.png\",\"contentUrl\":\"https:\/\/sanovita.ro\/blog\/wp-content\/uploads\/2021\/05\/sanovita-new.png\",\"width\":546,\"height\":110,\"caption\":\"Sano Vita\"},\"image\":{\"@id\":\"https:\/\/beta.sanovita.ro\/blog\/#\/schema\/logo\/image\/\"},\"sameAs\":[\"https:\/\/www.instagram.com\/sano_vita\",\"https:\/\/www.facebook.com\/SanoVita\/\",\"https:\/\/twitter.com\/SanoVitaOficial\"]},{\"@type\":\"Person\",\"@id\":\"https:\/\/beta.sanovita.ro\/blog\/#\/schema\/person\/88f72be00950bb01ebea04325b1897f8\",\"name\":\"Daniela Dan\",\"image\":{\"@type\":\"ImageObject\",\"inLanguage\":\"ro-RO\",\"@id\":\"https:\/\/beta.sanovita.ro\/blog\/#\/schema\/person\/image\/\",\"url\":\"https:\/\/www.sanovita.ro\/blog\/wp-content\/uploads\/2021\/06\/Daniela-avatar-96x96.jpg\",\"contentUrl\":\"https:\/\/www.sanovita.ro\/blog\/wp-content\/uploads\/2021\/06\/Daniela-avatar-96x96.jpg\",\"caption\":\"Daniela Dan\"},\"description\":\"Pasiunea pentru buc\u0103t\u0103ria vegan\u0103 a \u00eenceput din dorin\u021ba de a-\u0219i hr\u0103ni s\u0103n\u0103tos familia. Treptat, dup\u0103 o serie de cursuri de formare \u0219i multe ore petrecute \u00een buc\u0103t\u0103rie, pasiunea a evoluat spre profesie. Chef Daniela iube\u0219te s\u0103 combine gusturi, culori, arome \u0219i texturi. Dac\u0103 ai dileme legat\u0103 de re\u021bete, gust, asocieri culinare, forme de prezentare, Daniela este omul potrivit c\u0103ruia s\u0103 \u00eei ceri o opinie. \u0218i garantat \u021bi-o va da abia dup\u0103 ce o va fi testat \u00een buc\u0103t\u0103ria proprie, unde zilnic se \u00eent\u00e2mpl\u0103 mult\u0103 magie.\",\"url\":\"https:\/\/beta.sanovita.ro\/blog\/author\/daniela-dan\/\"}]}<\/script>\n<!-- \/ Yoast SEO plugin. -->","yoast_head_json":{"title":"Mousse de ciocolat\u0103 cu avocado &ndash; Zi de zi mai bine - SanoVita","description":"Preg\u0103te\u0219ti acest mousse de ciocolat\u0103 cu avocado \u00een mai pu\u021bin de jum\u0103tate de or\u0103 \u0219i \u00eel savurezi al\u0103turi de cei dragi.","robots":{"index":"index","follow":"follow","max-snippet":"max-snippet:-1","max-image-preview":"max-image-preview:large","max-video-preview":"max-video-preview:-1"},"canonical":"https:\/\/beta.sanovita.ro\/blog\/mousse-de-ciocolata-cu-avocado\/","og_locale":"ro_RO","og_type":"article","og_title":"Mousse de ciocolat\u0103 cu avocado &ndash; Zi de zi mai bine - SanoVita","og_description":"Preg\u0103te\u0219ti acest mousse de ciocolat\u0103 cu avocado \u00een mai pu\u021bin de jum\u0103tate de or\u0103 \u0219i \u00eel savurezi al\u0103turi de cei dragi.","og_url":"https:\/\/beta.sanovita.ro\/blog\/mousse-de-ciocolata-cu-avocado\/","og_site_name":"Zi de zi mai bine - SanoVita","article_publisher":"https:\/\/www.facebook.com\/SanoVita\/","article_published_time":"2022-08-12T08:36:58+00:00","article_modified_time":"2024-03-20T10:34:49+00:00","og_image":[{"width":2560,"height":1707,"url":"https:\/\/beta.sanovita.ro\/blog\/wp-content\/uploads\/2022\/08\/shutterstock_1253100787-scaled.jpg","type":"image\/jpeg"}],"author":"Daniela Dan","twitter_card":"summary_large_image","twitter_creator":"@SanoVitaOficial","twitter_site":"@SanoVitaOficial","twitter_misc":{"Scris de":"Daniela Dan","Timp estimat pentru citire":"2 minute"},"schema":{"@context":"https:\/\/schema.org","@graph":[{"@type":"Article","@id":"https:\/\/beta.sanovita.ro\/blog\/mousse-de-ciocolata-cu-avocado\/#article","isPartOf":{"@id":"https:\/\/beta.sanovita.ro\/blog\/mousse-de-ciocolata-cu-avocado\/"},"author":{"name":"Daniela Dan","@id":"https:\/\/beta.sanovita.ro\/blog\/#\/schema\/person\/88f72be00950bb01ebea04325b1897f8"},"headline":"Mousse de ciocolat\u0103 cu avocado","datePublished":"2022-08-12T08:36:58+00:00","dateModified":"2024-03-20T10:34:49+00:00","mainEntityOfPage":{"@id":"https:\/\/beta.sanovita.ro\/blog\/mousse-de-ciocolata-cu-avocado\/"},"wordCount":331,"commentCount":0,"publisher":{"@id":"https:\/\/beta.sanovita.ro\/blog\/#organization"},"keywords":["Deserturi de post","Re\u021bete de post"],"articleSection":["Deserturi s\u0103n\u0103toase","Re\u021bete"],"inLanguage":"ro-RO","potentialAction":[{"@type":"CommentAction","name":"Comment","target":["https:\/\/beta.sanovita.ro\/blog\/mousse-de-ciocolata-cu-avocado\/#respond"]}]},{"@type":"WebPage","@id":"https:\/\/beta.sanovita.ro\/blog\/mousse-de-ciocolata-cu-avocado\/","url":"https:\/\/beta.sanovita.ro\/blog\/mousse-de-ciocolata-cu-avocado\/","name":"Mousse de ciocolat\u0103 cu avocado &ndash; Zi de zi mai bine - SanoVita","isPartOf":{"@id":"https:\/\/beta.sanovita.ro\/blog\/#website"},"datePublished":"2022-08-12T08:36:58+00:00","dateModified":"2024-03-20T10:34:49+00:00","description":"Preg\u0103te\u0219ti acest mousse de ciocolat\u0103 cu avocado \u00een mai pu\u021bin de jum\u0103tate de or\u0103 \u0219i \u00eel savurezi al\u0103turi de cei dragi.","inLanguage":"ro-RO","potentialAction":[{"@type":"ReadAction","target":["https:\/\/beta.sanovita.ro\/blog\/mousse-de-ciocolata-cu-avocado\/"]}]},{"@type":"WebSite","@id":"https:\/\/beta.sanovita.ro\/blog\/#website","url":"https:\/\/beta.sanovita.ro\/blog\/","name":"Zi de zi mai bine","description":"Zi de zi mai bine!","publisher":{"@id":"https:\/\/beta.sanovita.ro\/blog\/#organization"},"potentialAction":[{"@type":"SearchAction","target":{"@type":"EntryPoint","urlTemplate":"https:\/\/beta.sanovita.ro\/blog\/?s={search_term_string}"},"query-input":"required name=search_term_string"}],"inLanguage":"ro-RO"},{"@type":"Organization","@id":"https:\/\/beta.sanovita.ro\/blog\/#organization","name":"Sano Vita","url":"https:\/\/beta.sanovita.ro\/blog\/","logo":{"@type":"ImageObject","inLanguage":"ro-RO","@id":"https:\/\/beta.sanovita.ro\/blog\/#\/schema\/logo\/image\/","url":"https:\/\/sanovita.ro\/blog\/wp-content\/uploads\/2021\/05\/sanovita-new.png","contentUrl":"https:\/\/sanovita.ro\/blog\/wp-content\/uploads\/2021\/05\/sanovita-new.png","width":546,"height":110,"caption":"Sano Vita"},"image":{"@id":"https:\/\/beta.sanovita.ro\/blog\/#\/schema\/logo\/image\/"},"sameAs":["https:\/\/www.instagram.com\/sano_vita","https:\/\/www.facebook.com\/SanoVita\/","https:\/\/twitter.com\/SanoVitaOficial"]},{"@type":"Person","@id":"https:\/\/beta.sanovita.ro\/blog\/#\/schema\/person\/88f72be00950bb01ebea04325b1897f8","name":"Daniela Dan","image":{"@type":"ImageObject","inLanguage":"ro-RO","@id":"https:\/\/beta.sanovita.ro\/blog\/#\/schema\/person\/image\/","url":"https:\/\/www.sanovita.ro\/blog\/wp-content\/uploads\/2021\/06\/Daniela-avatar-96x96.jpg","contentUrl":"https:\/\/www.sanovita.ro\/blog\/wp-content\/uploads\/2021\/06\/Daniela-avatar-96x96.jpg","caption":"Daniela Dan"},"description":"Pasiunea pentru buc\u0103t\u0103ria vegan\u0103 a \u00eenceput din dorin\u021ba de a-\u0219i hr\u0103ni s\u0103n\u0103tos familia. Treptat, dup\u0103 o serie de cursuri de formare \u0219i multe ore petrecute \u00een buc\u0103t\u0103rie, pasiunea a evoluat spre profesie. Chef Daniela iube\u0219te s\u0103 combine gusturi, culori, arome \u0219i texturi. Dac\u0103 ai dileme legat\u0103 de re\u021bete, gust, asocieri culinare, forme de prezentare, Daniela este omul potrivit c\u0103ruia s\u0103 \u00eei ceri o opinie. \u0218i garantat \u021bi-o va da abia dup\u0103 ce o va fi testat \u00een buc\u0103t\u0103ria proprie, unde zilnic se \u00eent\u00e2mpl\u0103 mult\u0103 magie.","url":"https:\/\/beta.sanovita.ro\/blog\/author\/daniela-dan\/"}]}},"jetpack_publicize_connections":[],"jetpack_featured_media_url":"https:\/\/beta.sanovita.ro\/blog\/wp-content\/uploads\/2022\/08\/shutterstock_1253100787-scaled.jpg","featured_image_src":"https:\/\/beta.sanovita.ro\/blog\/wp-content\/uploads\/2022\/08\/shutterstock_1253100787-729x486.jpg","jetpack_shortlink":"https:\/\/wp.me\/p8JCYA-5bs","jetpack_sharing_enabled":true,"_links":{"self":[{"href":"https:\/\/beta.sanovita.ro\/blog\/wp-json\/wp\/v2\/posts\/19930","targetHints":{"allow":["GET"]}}],"collection":[{"href":"https:\/\/beta.sanovita.ro\/blog\/wp-json\/wp\/v2\/posts"}],"about":[{"href":"https:\/\/beta.sanovita.ro\/blog\/wp-json\/wp\/v2\/types\/post"}],"author":[{"embeddable":true,"href":"https:\/\/beta.sanovita.ro\/blog\/wp-json\/wp\/v2\/users\/19"}],"replies":[{"embeddable":true,"href":"https:\/\/beta.sanovita.ro\/blog\/wp-json\/wp\/v2\/comments?post=19930"}],"version-history":[{"count":4,"href":"https:\/\/beta.sanovita.ro\/blog\/wp-json\/wp\/v2\/posts\/19930\/revisions"}],"predecessor-version":[{"id":20531,"href":"https:\/\/beta.sanovita.ro\/blog\/wp-json\/wp\/v2\/posts\/19930\/revisions\/20531"}],"wp:featuredmedia":[{"embeddable":true,"href":"https:\/\/beta.sanovita.ro\/blog\/wp-json\/wp\/v2\/media\/19931"}],"wp:attachment":[{"href":"https:\/\/beta.sanovita.ro\/blog\/wp-json\/wp\/v2\/media?parent=19930"}],"wp:term":[{"taxonomy":"category","embeddable":true,"href":"https:\/\/beta.sanovita.ro\/blog\/wp-json\/wp\/v2\/categories?post=19930"},{"taxonomy":"post_tag","embeddable":true,"href":"https:\/\/beta.sanovita.ro\/blog\/wp-json\/wp\/v2\/tags?post=19930"}],"curies":[{"name":"wp","href":"https:\/\/api.w.org\/{rel}","templated":true}]}}