{"id":19842,"date":"2022-06-16T14:27:18","date_gmt":"2022-06-16T11:27:18","guid":{"rendered":"https:\/\/sanovita.ro\/blog\/?p=19842"},"modified":"2024-11-11T17:14:48","modified_gmt":"2024-11-11T15:14:48","slug":"pesto-din-ardei-rosu","status":"publish","type":"post","link":"https:\/\/beta.sanovita.ro\/blog\/pesto-din-ardei-rosu\/","title":{"rendered":"Pesto din ardei ro\u0219u"},"content":{"rendered":"<p><span style=\"font-weight: 400;\">De sosul Pesto verde (Pesto alla Genovese) ai auzit cu siguran\u021b\u0103 &#8211; aromat datorit\u0103 busuiocului \u0219i usturoiului \u0219i extrem de gustos atunci c\u00e2nd \u00eel incluzi \u00eentr-o re\u021bet\u0103 de paste. \u00cens\u0103 noi \u00ee\u021bi prezent\u0103m varianta lui ro\u0219ie, cu ardei copt \u0219i caju! \u00cel prepari u\u0219or \u0219i-l po\u021bi consuma fie ca aperitiv, fie ca sos pentru diverse preparate.<\/span><\/p>\n<p>&nbsp;<\/p>\n<div class=\"td_text_columns_two_cols\">\n<p style=\"text-align: center;\"><span style=\"font-size: 10pt;\"><strong>TIMP DE PREPARARE \u00a0<\/strong><span style=\"color: #ff0000;\"> 25 de minute\u00a0<\/span><br \/>\n<\/span><\/p>\n<p style=\"text-align: center;\"><span style=\"font-size: 10pt;\"><strong>POR\u021aII\u00a0<\/strong><span style=\"color: #ff0000;\"> <span style=\"font-weight: 400;\">2 \u00bd <\/span> c\u0103ni<\/span><\/span><\/p>\n<p style=\"text-align: center;\"><span style=\"font-size: 10pt;\"><strong>TIP RE\u021aET\u0102\u00a0 Aperitiv<\/strong><\/span><\/p>\n<p style=\"text-align: center;\"><span style=\"font-size: 10pt;\"><strong>DIFICULTATE \u00a0<\/strong><span style=\"color: #ff0000;\"> Sc\u0103zut\u0103<\/span><br \/>\n<\/span><\/p>\n<p style=\"text-align: center;\"><span style=\"font-size: 10pt;\"><strong>PRINTEAZ\u0102 RE\u021aETA<\/strong> <\/span><\/p>\n<p style=\"text-align: center;\"><span style=\"font-size: 10pt;\"><span style=\"color: #000000;\"><div class=\"printfriendly pf-button  pf-aligncenter\">\n                    <a href=\"https:\/\/beta.sanovita.ro\/blog\/pesto-din-ardei-rosu\/?pfstyle=wp\" rel=\"nofollow\" onclick=\"\" title=\"Printer Friendly, PDF & Email\">\n                    <img decoding=\"async\" class=\"pf-button-img\" src=\"https:\/\/cdn.printfriendly.com\/buttons\/printfriendly-pdf-button.png\" alt=\"Print Friendly, PDF & Email\" style=\"width: 112px;height: 24px;\"  \/>\n                    <\/a>\n                <\/div><\/span><br \/>\n<\/span><\/p>\n<\/div>\n<hr \/>\n<h3 style=\"text-align: left;\"><i class=\"fa fa-shopping-basket \" ><\/i><\/h3>\n<h4><strong>Ingrediente:<\/strong><\/h4>\n<ul>\n<li><span style=\"font-weight: 400;\">P\u00e2n\u0103 la \u00bc can\u0103 ap\u0103<\/span><\/li>\n<li><span style=\"font-weight: 400;\">2 ardei ro\u0219ii (ardei gras)<\/span><\/li>\n<li><span style=\"font-weight: 400;\">1 \u00bd\u00a0 <\/span><a href=\"https:\/\/sanovita.ro\/caju-crud-500g-693.html\"><span style=\"font-weight: 400;\">caju crud<\/span><\/a><span style=\"font-weight: 400;\"> (sau migdale)\u00a0<\/span><\/li>\n<li><span style=\"font-weight: 400;\">\u00bd linguri\u021b\u0103 <\/span><a href=\"https:\/\/sanovita.ro\/sare-roz-de-himalaya-fina-500g-372.html\"><span style=\"font-weight: 400;\">sare<\/span><\/a><span style=\"font-weight: 400;\">\u00a0<\/span><\/li>\n<li><span style=\"font-weight: 400;\">\u00bc <\/span><span style=\"font-weight: 400;\">can\u0103 ulei de m\u0103sline<\/span><span style=\"font-weight: 400;\">\u00a0<\/span><\/li>\n<li><span style=\"font-weight: 400;\">1 \u00bd linguri\u021b\u0103 <\/span><a href=\"https:\/\/sanovita.ro\/fulgi-de-drojdie-uscata-100g-61.html\"><span style=\"font-weight: 400;\">fulgi de drojdie<\/span><\/a><span style=\"font-weight: 400;\">\u00a0<\/span><\/li>\n<li><span style=\"font-weight: 400;\">2 c\u0103\u021bei de usturoi<\/span><\/li>\n<li><span style=\"font-weight: 400;\">P\u00e2n\u0103 la \u00bc can\u0103 ap\u0103<\/span><\/li>\n<\/ul>\n<ul>\n<li style=\"list-style-type: none;\"><\/li>\n<\/ul>\n<h4><\/h4>\n<h4><strong>Mod de preparare:<\/strong><\/h4>\n<ul>\n<li><span style=\"font-weight: 400;\">Taie ardeiul pe jum\u0103tate \u0219i \u00eendep\u0103rteaz\u0103 semin\u021bele. Apoi, pune-l \u00eentr-o tav\u0103 \u00eempreun\u0103 cu nucile caju \u0219i pu\u021bin ulei.<\/span><\/li>\n<li><span style=\"font-weight: 400;\">Coace 20 minute la 150 C.<\/span><\/li>\n<li><span style=\"font-weight: 400;\">\u00centr-un robot de buc\u0103t\u0103rie, pune toate ingredientele \u0219i mixeaz\u0103 bine (textura nucilor de caju s\u0103 r\u0103m\u00e2n\u0103 totu\u0219i pu\u021bin grunjoas\u0103).\u00a0<\/span><\/li>\n<li><span style=\"font-weight: 400;\">Dac\u0103 dore\u0219ti o consisten\u021b\u0103 mai moale, mai adaug\u0103 pu\u021bin\u0103 ap\u0103.<\/span><\/li>\n<\/ul>\n<h4><\/h4>\n<h4><b>Recomandare:<\/b><\/h4>\n<ul>\n<li style=\"font-weight: 400;\" aria-level=\"1\"><span style=\"font-weight: 400;\">Po\u021bi s\u0103 preg\u0103te\u0219ti aceast\u0103 re\u021bet\u0103 mult mai repede cu un gust mai \u201craw\u201d prin a nu mai coace ardeiul \u0219i nucile caju.<\/span><\/li>\n<li style=\"font-weight: 400;\" aria-level=\"1\"><span style=\"font-weight: 400;\">P\u0103streaz\u0103 la frigider, \u00een vas acoperit ermetic, p\u00e2n\u0103 la 2 s\u0103pt\u0103m\u00e2ni.<\/span><\/li>\n<\/ul>\n<h4><\/h4>\n<h4><strong style=\"color: #111111; font-family: Roboto, sans-serif; font-size: 19px;\">\u0218tiai c\u0103?<\/strong><\/h4>\n<ul>\n<li style=\"font-weight: 400;\" aria-level=\"1\"><span style=\"font-weight: 400;\">Un anumit aminoacid din compozi\u021bia caju, triptofanul, se va transforma, \u00een organism, \u00een serotonin\u0103, substan\u021b\u0103 cu efect lini\u0219titor asupra organismului t\u0103u. A\u0219adar, dac\u0103 vrei s\u0103 dormi mai bine, integreaz\u0103 crema de caju \u00een preparatele de la cin\u0103.<\/span><\/li>\n<li style=\"font-weight: 400;\" aria-level=\"1\"><span style=\"font-weight: 400;\">Fulgii de drojdie mai sunt numi\u021bi \u0219i \u201eparmezanul vegetarienilor\u201d datorit\u0103 gustului asem\u0103n\u0103tor cu br\u00e2nza.<\/span><\/li>\n<li style=\"font-weight: 400;\" aria-level=\"1\"><span style=\"font-weight: 400;\">La fel ca rudele lor apropiate, ardeii iu\u021bi, ardeii gra\u0219i pot fi usca\u021bi \u0219i pisa\u021bi. Astfel, ob\u021binem boia de ardei dulce sau paprika.\u00a0<\/span><\/li>\n<\/ul>\n","protected":false},"excerpt":{"rendered":"<p>De sosul Pesto verde (Pesto alla Genovese) ai auzit cu siguran\u021b\u0103 &#8211; aromat datorit\u0103 busuiocului \u0219i usturoiului \u0219i extrem de gustos atunci c\u00e2nd \u00eel incluzi \u00eentr-o re\u021bet\u0103 de paste. \u00cens\u0103 noi \u00ee\u021bi prezent\u0103m varianta lui ro\u0219ie, cu ardei copt \u0219i caju! \u00cel prepari u\u0219or \u0219i-l po\u021bi consuma fie ca aperitiv, fie ca sos pentru diverse [&hellip;]<\/p>\n","protected":false},"author":19,"featured_media":19844,"comment_status":"open","ping_status":"open","sticky":false,"template":"","format":"standard","meta":{"jetpack_post_was_ever_published":false,"_jetpack_newsletter_access":"","_jetpack_dont_email_post_to_subs":false,"_jetpack_newsletter_tier_id":0,"_jetpack_memberships_contains_paywalled_content":false,"_jetpack_memberships_contains_paid_content":false,"footnotes":"","jetpack_publicize_message":"","jetpack_publicize_feature_enabled":true,"jetpack_social_post_already_shared":true,"jetpack_social_options":{"image_generator_settings":{"template":"highway","enabled":false},"version":2}},"categories":[10,1],"tags":[1147,783,1368,716,779,999],"class_list":{"0":"post-19842","1":"post","2":"type-post","3":"status-publish","4":"format-standard","5":"has-post-thumbnail","7":"category-aperitive","8":"category-retete","9":"tag-pesto","10":"tag-reteta","11":"tag-retete-cu-legume","12":"tag-sano-vita","13":"tag-sanovita","14":"tag-sos"},"yoast_head":"<!-- This site is optimized with the Yoast SEO plugin v19.14 - https:\/\/yoast.com\/wordpress\/plugins\/seo\/ -->\n<title>Pesto din ardei ro\u0219u &ndash; Zi de zi mai bine - SanoVita<\/title>\n<meta name=\"description\" content=\"De sosul Pesto verde ai auzit cu siguran\u021b\u0103 - aromat datorit\u0103 busuiocului \u0219i extrem de gustos atunci c\u00e2nd \u00eel incluzi \u00eentr-o re\u021bet\u0103 de paste.\" \/>\n<meta name=\"robots\" content=\"index, follow, max-snippet:-1, max-image-preview:large, max-video-preview:-1\" \/>\n<link rel=\"canonical\" href=\"https:\/\/beta.sanovita.ro\/blog\/pesto-din-ardei-rosu\/\" \/>\n<meta property=\"og:locale\" content=\"ro_RO\" \/>\n<meta property=\"og:type\" content=\"article\" \/>\n<meta property=\"og:title\" content=\"Pesto din ardei ro\u0219u &ndash; Zi de zi mai bine - SanoVita\" \/>\n<meta property=\"og:description\" content=\"De sosul Pesto verde ai auzit cu siguran\u021b\u0103 - aromat datorit\u0103 busuiocului \u0219i extrem de gustos atunci c\u00e2nd \u00eel incluzi \u00eentr-o re\u021bet\u0103 de paste.\" \/>\n<meta property=\"og:url\" content=\"https:\/\/beta.sanovita.ro\/blog\/pesto-din-ardei-rosu\/\" \/>\n<meta property=\"og:site_name\" content=\"Zi de zi mai bine - SanoVita\" \/>\n<meta property=\"article:publisher\" content=\"https:\/\/www.facebook.com\/SanoVita\/\" \/>\n<meta property=\"article:published_time\" content=\"2022-06-16T11:27:18+00:00\" \/>\n<meta property=\"article:modified_time\" content=\"2024-11-11T15:14:48+00:00\" \/>\n<meta property=\"og:image\" content=\"https:\/\/beta.sanovita.ro\/blog\/wp-content\/uploads\/2022\/05\/shutterstock_733887802-scaled.jpg\" \/>\n\t<meta property=\"og:image:width\" content=\"2560\" \/>\n\t<meta property=\"og:image:height\" content=\"1707\" \/>\n\t<meta property=\"og:image:type\" content=\"image\/jpeg\" \/>\n<meta name=\"author\" content=\"Daniela Dan\" \/>\n<meta name=\"twitter:card\" content=\"summary_large_image\" \/>\n<meta name=\"twitter:creator\" content=\"@SanoVitaOficial\" \/>\n<meta name=\"twitter:site\" content=\"@SanoVitaOficial\" \/>\n<meta name=\"twitter:label1\" content=\"Scris de\" \/>\n\t<meta name=\"twitter:data1\" content=\"Daniela Dan\" \/>\n\t<meta name=\"twitter:label2\" content=\"Timp estimat pentru citire\" \/>\n\t<meta name=\"twitter:data2\" content=\"2 minute\" \/>\n<script type=\"application\/ld+json\" class=\"yoast-schema-graph\">{\"@context\":\"https:\/\/schema.org\",\"@graph\":[{\"@type\":\"Article\",\"@id\":\"https:\/\/beta.sanovita.ro\/blog\/pesto-din-ardei-rosu\/#article\",\"isPartOf\":{\"@id\":\"https:\/\/beta.sanovita.ro\/blog\/pesto-din-ardei-rosu\/\"},\"author\":{\"name\":\"Daniela Dan\",\"@id\":\"https:\/\/beta.sanovita.ro\/blog\/#\/schema\/person\/88f72be00950bb01ebea04325b1897f8\"},\"headline\":\"Pesto din ardei ro\u0219u\",\"datePublished\":\"2022-06-16T11:27:18+00:00\",\"dateModified\":\"2024-11-11T15:14:48+00:00\",\"mainEntityOfPage\":{\"@id\":\"https:\/\/beta.sanovita.ro\/blog\/pesto-din-ardei-rosu\/\"},\"wordCount\":326,\"commentCount\":0,\"publisher\":{\"@id\":\"https:\/\/beta.sanovita.ro\/blog\/#organization\"},\"keywords\":[\"pesto\",\"reteta\",\"Re\u021bete cu legume\",\"sano vita\",\"sanovita\",\"sos\"],\"articleSection\":[\"Aperitive \u0219i gust\u0103ri s\u0103n\u0103toase\",\"Re\u021bete\"],\"inLanguage\":\"ro-RO\",\"potentialAction\":[{\"@type\":\"CommentAction\",\"name\":\"Comment\",\"target\":[\"https:\/\/beta.sanovita.ro\/blog\/pesto-din-ardei-rosu\/#respond\"]}]},{\"@type\":\"WebPage\",\"@id\":\"https:\/\/beta.sanovita.ro\/blog\/pesto-din-ardei-rosu\/\",\"url\":\"https:\/\/beta.sanovita.ro\/blog\/pesto-din-ardei-rosu\/\",\"name\":\"Pesto din ardei ro\u0219u &ndash; Zi de zi mai bine - SanoVita\",\"isPartOf\":{\"@id\":\"https:\/\/beta.sanovita.ro\/blog\/#website\"},\"datePublished\":\"2022-06-16T11:27:18+00:00\",\"dateModified\":\"2024-11-11T15:14:48+00:00\",\"description\":\"De sosul Pesto verde ai auzit cu siguran\u021b\u0103 - aromat datorit\u0103 busuiocului \u0219i extrem de gustos atunci c\u00e2nd \u00eel incluzi \u00eentr-o re\u021bet\u0103 de paste.\",\"inLanguage\":\"ro-RO\",\"potentialAction\":[{\"@type\":\"ReadAction\",\"target\":[\"https:\/\/beta.sanovita.ro\/blog\/pesto-din-ardei-rosu\/\"]}]},{\"@type\":\"WebSite\",\"@id\":\"https:\/\/beta.sanovita.ro\/blog\/#website\",\"url\":\"https:\/\/beta.sanovita.ro\/blog\/\",\"name\":\"Zi de zi mai bine\",\"description\":\"Zi de zi mai bine!\",\"publisher\":{\"@id\":\"https:\/\/beta.sanovita.ro\/blog\/#organization\"},\"potentialAction\":[{\"@type\":\"SearchAction\",\"target\":{\"@type\":\"EntryPoint\",\"urlTemplate\":\"https:\/\/beta.sanovita.ro\/blog\/?s={search_term_string}\"},\"query-input\":\"required name=search_term_string\"}],\"inLanguage\":\"ro-RO\"},{\"@type\":\"Organization\",\"@id\":\"https:\/\/beta.sanovita.ro\/blog\/#organization\",\"name\":\"Sano Vita\",\"url\":\"https:\/\/beta.sanovita.ro\/blog\/\",\"logo\":{\"@type\":\"ImageObject\",\"inLanguage\":\"ro-RO\",\"@id\":\"https:\/\/beta.sanovita.ro\/blog\/#\/schema\/logo\/image\/\",\"url\":\"https:\/\/sanovita.ro\/blog\/wp-content\/uploads\/2021\/05\/sanovita-new.png\",\"contentUrl\":\"https:\/\/sanovita.ro\/blog\/wp-content\/uploads\/2021\/05\/sanovita-new.png\",\"width\":546,\"height\":110,\"caption\":\"Sano Vita\"},\"image\":{\"@id\":\"https:\/\/beta.sanovita.ro\/blog\/#\/schema\/logo\/image\/\"},\"sameAs\":[\"https:\/\/www.instagram.com\/sano_vita\",\"https:\/\/www.facebook.com\/SanoVita\/\",\"https:\/\/twitter.com\/SanoVitaOficial\"]},{\"@type\":\"Person\",\"@id\":\"https:\/\/beta.sanovita.ro\/blog\/#\/schema\/person\/88f72be00950bb01ebea04325b1897f8\",\"name\":\"Daniela Dan\",\"image\":{\"@type\":\"ImageObject\",\"inLanguage\":\"ro-RO\",\"@id\":\"https:\/\/beta.sanovita.ro\/blog\/#\/schema\/person\/image\/\",\"url\":\"https:\/\/www.sanovita.ro\/blog\/wp-content\/uploads\/2021\/06\/Daniela-avatar-96x96.jpg\",\"contentUrl\":\"https:\/\/www.sanovita.ro\/blog\/wp-content\/uploads\/2021\/06\/Daniela-avatar-96x96.jpg\",\"caption\":\"Daniela Dan\"},\"description\":\"Pasiunea pentru buc\u0103t\u0103ria vegan\u0103 a \u00eenceput din dorin\u021ba de a-\u0219i hr\u0103ni s\u0103n\u0103tos familia. Treptat, dup\u0103 o serie de cursuri de formare \u0219i multe ore petrecute \u00een buc\u0103t\u0103rie, pasiunea a evoluat spre profesie. Chef Daniela iube\u0219te s\u0103 combine gusturi, culori, arome \u0219i texturi. Dac\u0103 ai dileme legat\u0103 de re\u021bete, gust, asocieri culinare, forme de prezentare, Daniela este omul potrivit c\u0103ruia s\u0103 \u00eei ceri o opinie. \u0218i garantat \u021bi-o va da abia dup\u0103 ce o va fi testat \u00een buc\u0103t\u0103ria proprie, unde zilnic se \u00eent\u00e2mpl\u0103 mult\u0103 magie.\",\"url\":\"https:\/\/beta.sanovita.ro\/blog\/author\/daniela-dan\/\"}]}<\/script>\n<!-- \/ Yoast SEO plugin. -->","yoast_head_json":{"title":"Pesto din ardei ro\u0219u &ndash; Zi de zi mai bine - SanoVita","description":"De sosul Pesto verde ai auzit cu siguran\u021b\u0103 - aromat datorit\u0103 busuiocului \u0219i extrem de gustos atunci c\u00e2nd \u00eel incluzi \u00eentr-o re\u021bet\u0103 de paste.","robots":{"index":"index","follow":"follow","max-snippet":"max-snippet:-1","max-image-preview":"max-image-preview:large","max-video-preview":"max-video-preview:-1"},"canonical":"https:\/\/beta.sanovita.ro\/blog\/pesto-din-ardei-rosu\/","og_locale":"ro_RO","og_type":"article","og_title":"Pesto din ardei ro\u0219u &ndash; Zi de zi mai bine - SanoVita","og_description":"De sosul Pesto verde ai auzit cu siguran\u021b\u0103 - aromat datorit\u0103 busuiocului \u0219i extrem de gustos atunci c\u00e2nd \u00eel incluzi \u00eentr-o re\u021bet\u0103 de paste.","og_url":"https:\/\/beta.sanovita.ro\/blog\/pesto-din-ardei-rosu\/","og_site_name":"Zi de zi mai bine - SanoVita","article_publisher":"https:\/\/www.facebook.com\/SanoVita\/","article_published_time":"2022-06-16T11:27:18+00:00","article_modified_time":"2024-11-11T15:14:48+00:00","og_image":[{"width":2560,"height":1707,"url":"https:\/\/beta.sanovita.ro\/blog\/wp-content\/uploads\/2022\/05\/shutterstock_733887802-scaled.jpg","type":"image\/jpeg"}],"author":"Daniela Dan","twitter_card":"summary_large_image","twitter_creator":"@SanoVitaOficial","twitter_site":"@SanoVitaOficial","twitter_misc":{"Scris de":"Daniela Dan","Timp estimat pentru citire":"2 minute"},"schema":{"@context":"https:\/\/schema.org","@graph":[{"@type":"Article","@id":"https:\/\/beta.sanovita.ro\/blog\/pesto-din-ardei-rosu\/#article","isPartOf":{"@id":"https:\/\/beta.sanovita.ro\/blog\/pesto-din-ardei-rosu\/"},"author":{"name":"Daniela Dan","@id":"https:\/\/beta.sanovita.ro\/blog\/#\/schema\/person\/88f72be00950bb01ebea04325b1897f8"},"headline":"Pesto din ardei ro\u0219u","datePublished":"2022-06-16T11:27:18+00:00","dateModified":"2024-11-11T15:14:48+00:00","mainEntityOfPage":{"@id":"https:\/\/beta.sanovita.ro\/blog\/pesto-din-ardei-rosu\/"},"wordCount":326,"commentCount":0,"publisher":{"@id":"https:\/\/beta.sanovita.ro\/blog\/#organization"},"keywords":["pesto","reteta","Re\u021bete cu legume","sano vita","sanovita","sos"],"articleSection":["Aperitive \u0219i gust\u0103ri s\u0103n\u0103toase","Re\u021bete"],"inLanguage":"ro-RO","potentialAction":[{"@type":"CommentAction","name":"Comment","target":["https:\/\/beta.sanovita.ro\/blog\/pesto-din-ardei-rosu\/#respond"]}]},{"@type":"WebPage","@id":"https:\/\/beta.sanovita.ro\/blog\/pesto-din-ardei-rosu\/","url":"https:\/\/beta.sanovita.ro\/blog\/pesto-din-ardei-rosu\/","name":"Pesto din ardei ro\u0219u &ndash; Zi de zi mai bine - SanoVita","isPartOf":{"@id":"https:\/\/beta.sanovita.ro\/blog\/#website"},"datePublished":"2022-06-16T11:27:18+00:00","dateModified":"2024-11-11T15:14:48+00:00","description":"De sosul Pesto verde ai auzit cu siguran\u021b\u0103 - aromat datorit\u0103 busuiocului \u0219i extrem de gustos atunci c\u00e2nd \u00eel incluzi \u00eentr-o re\u021bet\u0103 de paste.","inLanguage":"ro-RO","potentialAction":[{"@type":"ReadAction","target":["https:\/\/beta.sanovita.ro\/blog\/pesto-din-ardei-rosu\/"]}]},{"@type":"WebSite","@id":"https:\/\/beta.sanovita.ro\/blog\/#website","url":"https:\/\/beta.sanovita.ro\/blog\/","name":"Zi de zi mai bine","description":"Zi de zi mai bine!","publisher":{"@id":"https:\/\/beta.sanovita.ro\/blog\/#organization"},"potentialAction":[{"@type":"SearchAction","target":{"@type":"EntryPoint","urlTemplate":"https:\/\/beta.sanovita.ro\/blog\/?s={search_term_string}"},"query-input":"required name=search_term_string"}],"inLanguage":"ro-RO"},{"@type":"Organization","@id":"https:\/\/beta.sanovita.ro\/blog\/#organization","name":"Sano Vita","url":"https:\/\/beta.sanovita.ro\/blog\/","logo":{"@type":"ImageObject","inLanguage":"ro-RO","@id":"https:\/\/beta.sanovita.ro\/blog\/#\/schema\/logo\/image\/","url":"https:\/\/sanovita.ro\/blog\/wp-content\/uploads\/2021\/05\/sanovita-new.png","contentUrl":"https:\/\/sanovita.ro\/blog\/wp-content\/uploads\/2021\/05\/sanovita-new.png","width":546,"height":110,"caption":"Sano Vita"},"image":{"@id":"https:\/\/beta.sanovita.ro\/blog\/#\/schema\/logo\/image\/"},"sameAs":["https:\/\/www.instagram.com\/sano_vita","https:\/\/www.facebook.com\/SanoVita\/","https:\/\/twitter.com\/SanoVitaOficial"]},{"@type":"Person","@id":"https:\/\/beta.sanovita.ro\/blog\/#\/schema\/person\/88f72be00950bb01ebea04325b1897f8","name":"Daniela Dan","image":{"@type":"ImageObject","inLanguage":"ro-RO","@id":"https:\/\/beta.sanovita.ro\/blog\/#\/schema\/person\/image\/","url":"https:\/\/www.sanovita.ro\/blog\/wp-content\/uploads\/2021\/06\/Daniela-avatar-96x96.jpg","contentUrl":"https:\/\/www.sanovita.ro\/blog\/wp-content\/uploads\/2021\/06\/Daniela-avatar-96x96.jpg","caption":"Daniela Dan"},"description":"Pasiunea pentru buc\u0103t\u0103ria vegan\u0103 a \u00eenceput din dorin\u021ba de a-\u0219i hr\u0103ni s\u0103n\u0103tos familia. Treptat, dup\u0103 o serie de cursuri de formare \u0219i multe ore petrecute \u00een buc\u0103t\u0103rie, pasiunea a evoluat spre profesie. Chef Daniela iube\u0219te s\u0103 combine gusturi, culori, arome \u0219i texturi. Dac\u0103 ai dileme legat\u0103 de re\u021bete, gust, asocieri culinare, forme de prezentare, Daniela este omul potrivit c\u0103ruia s\u0103 \u00eei ceri o opinie. \u0218i garantat \u021bi-o va da abia dup\u0103 ce o va fi testat \u00een buc\u0103t\u0103ria proprie, unde zilnic se \u00eent\u00e2mpl\u0103 mult\u0103 magie.","url":"https:\/\/beta.sanovita.ro\/blog\/author\/daniela-dan\/"}]}},"jetpack_publicize_connections":[],"jetpack_featured_media_url":"https:\/\/beta.sanovita.ro\/blog\/wp-content\/uploads\/2022\/05\/shutterstock_733887802-scaled.jpg","featured_image_src":"https:\/\/beta.sanovita.ro\/blog\/wp-content\/uploads\/2022\/05\/shutterstock_733887802-729x486.jpg","jetpack_shortlink":"https:\/\/wp.me\/p8JCYA-5a2","jetpack_sharing_enabled":true,"_links":{"self":[{"href":"https:\/\/beta.sanovita.ro\/blog\/wp-json\/wp\/v2\/posts\/19842","targetHints":{"allow":["GET"]}}],"collection":[{"href":"https:\/\/beta.sanovita.ro\/blog\/wp-json\/wp\/v2\/posts"}],"about":[{"href":"https:\/\/beta.sanovita.ro\/blog\/wp-json\/wp\/v2\/types\/post"}],"author":[{"embeddable":true,"href":"https:\/\/beta.sanovita.ro\/blog\/wp-json\/wp\/v2\/users\/19"}],"replies":[{"embeddable":true,"href":"https:\/\/beta.sanovita.ro\/blog\/wp-json\/wp\/v2\/comments?post=19842"}],"version-history":[{"count":4,"href":"https:\/\/beta.sanovita.ro\/blog\/wp-json\/wp\/v2\/posts\/19842\/revisions"}],"predecessor-version":[{"id":20546,"href":"https:\/\/beta.sanovita.ro\/blog\/wp-json\/wp\/v2\/posts\/19842\/revisions\/20546"}],"wp:featuredmedia":[{"embeddable":true,"href":"https:\/\/beta.sanovita.ro\/blog\/wp-json\/wp\/v2\/media\/19844"}],"wp:attachment":[{"href":"https:\/\/beta.sanovita.ro\/blog\/wp-json\/wp\/v2\/media?parent=19842"}],"wp:term":[{"taxonomy":"category","embeddable":true,"href":"https:\/\/beta.sanovita.ro\/blog\/wp-json\/wp\/v2\/categories?post=19842"},{"taxonomy":"post_tag","embeddable":true,"href":"https:\/\/beta.sanovita.ro\/blog\/wp-json\/wp\/v2\/tags?post=19842"}],"curies":[{"name":"wp","href":"https:\/\/api.w.org\/{rel}","templated":true}]}}