{"id":19587,"date":"2022-03-15T12:09:47","date_gmt":"2022-03-15T10:09:47","guid":{"rendered":"https:\/\/sanovita.ro\/blog\/?p=19587"},"modified":"2024-03-20T12:36:15","modified_gmt":"2024-03-20T10:36:15","slug":"crema-de-caju","status":"publish","type":"post","link":"https:\/\/beta.sanovita.ro\/blog\/crema-de-caju\/","title":{"rendered":"Crem\u0103 de caju"},"content":{"rendered":"<p>Nucile caju sunt pline de minerale. De asemenea, con\u021bin gr\u0103simi s\u0103n\u0103toase \u0219i vitamine. Acestea pot fi pentru tine snack-ul potrivit oric\u00e2nd \u0219i, mai mult &#8211; gra\u021bie versatilit\u0103\u021bii acestora, le po\u021bi consuma \u0219i sub form\u0103 de <a href=\"https:\/\/www.sanovita.ro\/blog\/smantana-de-caju-pentru-preparate-dulci-sau-sarate\/\">sm\u00e2nt\u00e2n\u0103<\/a>, <a href=\"https:\/\/www.sanovita.ro\/blog\/reteta-laptele-din-caju\/\">lapte<\/a> sau crem\u0103.<\/p>\n<p>Chef Daniela Dan \u021bi-a preg\u0103tit o re\u021bet\u0103 pentru crem\u0103 de caju. O prepari \u00een 5 minute \u0219i fie o m\u0103n\u00e2nci ca atare, fie o adaugi \u00een pr\u0103jituri sau \u00een feluri principale. De asemenea, mai jos vei vedea c\u0103 po\u021bi combina crema cu diverse ingrediente dulci, pentru a-i da o arom\u0103 special\u0103.<\/p>\n<p>&nbsp;<\/p>\n<div class=\"td_text_columns_two_cols\">\n<p style=\"text-align: center;\"><span style=\"font-size: 10pt;\"><strong>TIMP DE PREPARARE \u00a0<\/strong><span style=\"color: #ff0000;\">5 minute<\/span><br \/>\n<\/span><\/p>\n<p style=\"text-align: center;\"><span style=\"font-size: 10pt;\"><strong>POR\u021aII\u00a0<\/strong><span style=\"color: #ff0000;\"> 1 \u00bd can\u0103<\/span><\/span><\/p>\n<p style=\"text-align: center;\"><span style=\"font-size: 10pt;\"><strong>TIP RE\u021aET\u0102\u00a0 Desert<\/strong><\/span><\/p>\n<p style=\"text-align: center;\"><span style=\"font-size: 10pt;\"><strong>DIFICULTATE \u00a0<\/strong><span style=\"color: #ff0000;\"> Sc\u0103zut\u0103<\/span><br \/>\n<\/span><\/p>\n<p style=\"text-align: center;\"><span style=\"font-size: 10pt;\"><strong>PRINTEAZ\u0102 RE\u021aETA<\/strong> <\/span><\/p>\n<p style=\"text-align: center;\"><span style=\"font-size: 10pt;\"><span style=\"color: #000000;\"><div class=\"printfriendly pf-button  pf-aligncenter\">\n                    <a href=\"https:\/\/beta.sanovita.ro\/blog\/crema-de-caju\/?pfstyle=wp\" rel=\"nofollow\" onclick=\"\" title=\"Printer Friendly, PDF & Email\">\n                    <img decoding=\"async\" class=\"pf-button-img\" src=\"https:\/\/cdn.printfriendly.com\/buttons\/printfriendly-pdf-button.png\" alt=\"Print Friendly, PDF & Email\" style=\"width: 112px;height: 24px;\"  \/>\n                    <\/a>\n                <\/div><\/span><br \/>\n<\/span><\/p>\n<\/div>\n<hr \/>\n<h3 style=\"text-align: left;\"><i class=\"fa fa-shopping-basket \" ><\/i><\/h3>\n<p>&nbsp;<\/p>\n<h4><strong>Ingrediente:<\/strong><\/h4>\n<ul>\n<li>1 can\u0103 de <a href=\"https:\/\/www.sanovita.ro\/caju-crud-500g-693.html\">caju<\/a> (\u00eenmuiat\u0103 de seara p\u00e2n\u0103 a doua zi sau minim 3 ore)<\/li>\n<li>\u00bd can\u0103 de ap\u0103<\/li>\n<li>Op\u021bional: 2 linguri miere\/sirop agave sau piure de curmale<\/li>\n<li>Op\u021bional: 1 pic\u0103tur\u0103 extract vanilie.<\/li>\n<\/ul>\n<h4><strong>Mod de preparare:<\/strong><\/h4>\n<ul>\n<li>Pune toate ingredientele \u00eentr-un blender sau folose\u0219te un blender cu picior.<\/li>\n<li>Blendeaz\u0103 p\u00e2n\u0103 amestecul este foarte cremos.<\/li>\n<\/ul>\n<h4><strong>Sfat<\/strong><\/h4>\n<ul>\n<li>Aceast\u0103 crem\u0103 este foarte gustoas\u0103 doar cu ap\u0103 \u0219i nuci de caju, cu toate acestea ad\u0103ug\u0103 extractul de vanilie \u0219i \u00eendulcitor dac\u0103 dore\u0219ti o versiune dulce.<\/li>\n<li>Pentru a face aceast\u0103 re\u021bet\u0103 uimitoare ad\u0103ug\u0103 buc\u0103\u021bi de ananas dintr-o conserv\u0103 (cu tot cu suc) \u00een loc de ap\u0103 \u0219i vei avea crem\u0103 de caju \u0219i ananas.<\/li>\n<\/ul>\n<h4><strong>\u0218tiai c\u0103?<\/strong><\/h4>\n<ul>\n<li>Nucile de caju sunt o specie tropical\u0103 de nuci, nativ\u0103 Braziliei, dar cultivat\u0103 acum \u00een diferite climate c\u0103lduroase. 28 de grame de caju asigur\u0103 69% din necesarul zilnic de cupru (esen\u021bial \u00een s\u0103n\u0103tatea creierului \u0219i pentru un sistem imunitar puternic), 26% din necesarul zilnic de magneziu \u0219i mangan (nutrien\u021bi importan\u021bi pentru s\u0103n\u0103tatea oaselor) sau 20% din necesarul zilnic de zinc.<\/li>\n<li>Ceea ce g\u0103sesti \u00een magazine sub numele de caju reprezint\u0103, \u00een realitate, semin\u021bele fructului de caju (crescute \u00eentr-un mod atipic, \u00een afara fructului propriu-zis), dar \u00een gastronomie acestea sunt considerate alune\/nuci, at\u00e2t datorit\u0103 formei alungite, a aromei, dar \u0219i gra\u021bie modalit\u0103\u021bilor de \u00eentrebuin\u021bare.<\/li>\n<li>Un anumit aminoacid din compozi\u021bia caju, triptofanul, se va transforma, \u00een organism, \u00een serotonin\u0103, substan\u021b\u0103 cu efect lini\u0219titor asupra organismului t\u0103u. A\u0219adar, dac\u0103 vrei s\u0103 dormi mai bine, integreaz\u0103 crema de caju \u00een preparatele de la cin\u0103.<\/li>\n<\/ul>\n","protected":false},"excerpt":{"rendered":"<p>Nucile caju sunt pline de minerale. De asemenea, con\u021bin gr\u0103simi s\u0103n\u0103toase \u0219i vitamine. Acestea pot fi pentru tine snack-ul potrivit oric\u00e2nd \u0219i, mai mult &#8211; gra\u021bie versatilit\u0103\u021bii acestora, le po\u021bi consuma \u0219i sub form\u0103 de sm\u00e2nt\u00e2n\u0103, lapte sau crem\u0103. Chef Daniela Dan \u021bi-a preg\u0103tit o re\u021bet\u0103 pentru crem\u0103 de caju. O prepari \u00een 5 minute [&hellip;]<\/p>\n","protected":false},"author":19,"featured_media":19588,"comment_status":"open","ping_status":"open","sticky":false,"template":"","format":"standard","meta":{"jetpack_post_was_ever_published":false,"_jetpack_newsletter_access":"","_jetpack_dont_email_post_to_subs":false,"_jetpack_newsletter_tier_id":0,"_jetpack_memberships_contains_paywalled_content":false,"_jetpack_memberships_contains_paid_content":false,"footnotes":"","jetpack_publicize_message":"","jetpack_publicize_feature_enabled":true,"jetpack_social_post_already_shared":true,"jetpack_social_options":{"image_generator_settings":{"template":"highway","enabled":false},"version":2}},"categories":[8,1],"tags":[1072,1235],"class_list":{"0":"post-19587","1":"post","2":"type-post","3":"status-publish","4":"format-standard","5":"has-post-thumbnail","7":"category-deserturi","8":"category-retete","9":"tag-desert-de-post","10":"tag-retete-de-post"},"yoast_head":"<!-- This site is optimized with the Yoast SEO plugin v19.14 - https:\/\/yoast.com\/wordpress\/plugins\/seo\/ -->\n<title>Crem\u0103 de caju &ndash; Zi de zi mai bine - SanoVita<\/title>\n<meta name=\"description\" content=\"Nucile caju sunt pline de minerale, con\u021bin gr\u0103simi s\u0103n\u0103toase \u0219i vitamine. Chef Daniela Dan \u021bi-a preg\u0103tit o re\u021bet\u0103 pentru crem\u0103 de caju.\" \/>\n<meta name=\"robots\" content=\"index, follow, max-snippet:-1, max-image-preview:large, max-video-preview:-1\" \/>\n<link rel=\"canonical\" href=\"https:\/\/beta.sanovita.ro\/blog\/crema-de-caju\/\" \/>\n<meta property=\"og:locale\" content=\"ro_RO\" \/>\n<meta property=\"og:type\" content=\"article\" \/>\n<meta property=\"og:title\" content=\"Crem\u0103 de caju &ndash; Zi de zi mai bine - SanoVita\" \/>\n<meta property=\"og:description\" content=\"Nucile caju sunt pline de minerale, con\u021bin gr\u0103simi s\u0103n\u0103toase \u0219i vitamine. Chef Daniela Dan \u021bi-a preg\u0103tit o re\u021bet\u0103 pentru crem\u0103 de caju.\" \/>\n<meta property=\"og:url\" content=\"https:\/\/beta.sanovita.ro\/blog\/crema-de-caju\/\" \/>\n<meta property=\"og:site_name\" content=\"Zi de zi mai bine - SanoVita\" \/>\n<meta property=\"article:publisher\" content=\"https:\/\/www.facebook.com\/SanoVita\/\" \/>\n<meta property=\"article:published_time\" content=\"2022-03-15T10:09:47+00:00\" \/>\n<meta property=\"article:modified_time\" content=\"2024-03-20T10:36:15+00:00\" \/>\n<meta property=\"og:image\" content=\"https:\/\/beta.sanovita.ro\/blog\/wp-content\/uploads\/2021\/10\/shutterstock_1929492005-scaled.jpg\" \/>\n\t<meta property=\"og:image:width\" content=\"2560\" \/>\n\t<meta property=\"og:image:height\" content=\"1707\" \/>\n\t<meta property=\"og:image:type\" content=\"image\/jpeg\" \/>\n<meta name=\"author\" content=\"Daniela Dan\" \/>\n<meta name=\"twitter:card\" content=\"summary_large_image\" \/>\n<meta name=\"twitter:creator\" content=\"@SanoVitaOficial\" \/>\n<meta name=\"twitter:site\" content=\"@SanoVitaOficial\" \/>\n<meta name=\"twitter:label1\" content=\"Scris de\" \/>\n\t<meta name=\"twitter:data1\" content=\"Daniela Dan\" \/>\n\t<meta name=\"twitter:label2\" content=\"Timp estimat pentru citire\" \/>\n\t<meta name=\"twitter:data2\" content=\"2 minute\" \/>\n<script type=\"application\/ld+json\" class=\"yoast-schema-graph\">{\"@context\":\"https:\/\/schema.org\",\"@graph\":[{\"@type\":\"Article\",\"@id\":\"https:\/\/beta.sanovita.ro\/blog\/crema-de-caju\/#article\",\"isPartOf\":{\"@id\":\"https:\/\/beta.sanovita.ro\/blog\/crema-de-caju\/\"},\"author\":{\"name\":\"Daniela Dan\",\"@id\":\"https:\/\/beta.sanovita.ro\/blog\/#\/schema\/person\/88f72be00950bb01ebea04325b1897f8\"},\"headline\":\"Crem\u0103 de caju\",\"datePublished\":\"2022-03-15T10:09:47+00:00\",\"dateModified\":\"2024-03-20T10:36:15+00:00\",\"mainEntityOfPage\":{\"@id\":\"https:\/\/beta.sanovita.ro\/blog\/crema-de-caju\/\"},\"wordCount\":407,\"commentCount\":0,\"publisher\":{\"@id\":\"https:\/\/beta.sanovita.ro\/blog\/#organization\"},\"keywords\":[\"Deserturi de post\",\"Re\u021bete de post\"],\"articleSection\":[\"Deserturi s\u0103n\u0103toase\",\"Re\u021bete\"],\"inLanguage\":\"ro-RO\",\"potentialAction\":[{\"@type\":\"CommentAction\",\"name\":\"Comment\",\"target\":[\"https:\/\/beta.sanovita.ro\/blog\/crema-de-caju\/#respond\"]}]},{\"@type\":\"WebPage\",\"@id\":\"https:\/\/beta.sanovita.ro\/blog\/crema-de-caju\/\",\"url\":\"https:\/\/beta.sanovita.ro\/blog\/crema-de-caju\/\",\"name\":\"Crem\u0103 de caju &ndash; Zi de zi mai bine - SanoVita\",\"isPartOf\":{\"@id\":\"https:\/\/beta.sanovita.ro\/blog\/#website\"},\"datePublished\":\"2022-03-15T10:09:47+00:00\",\"dateModified\":\"2024-03-20T10:36:15+00:00\",\"description\":\"Nucile caju sunt pline de minerale, con\u021bin gr\u0103simi s\u0103n\u0103toase \u0219i vitamine. Chef Daniela Dan \u021bi-a preg\u0103tit o re\u021bet\u0103 pentru crem\u0103 de caju.\",\"inLanguage\":\"ro-RO\",\"potentialAction\":[{\"@type\":\"ReadAction\",\"target\":[\"https:\/\/beta.sanovita.ro\/blog\/crema-de-caju\/\"]}]},{\"@type\":\"WebSite\",\"@id\":\"https:\/\/beta.sanovita.ro\/blog\/#website\",\"url\":\"https:\/\/beta.sanovita.ro\/blog\/\",\"name\":\"Zi de zi mai bine\",\"description\":\"Zi de zi mai bine!\",\"publisher\":{\"@id\":\"https:\/\/beta.sanovita.ro\/blog\/#organization\"},\"potentialAction\":[{\"@type\":\"SearchAction\",\"target\":{\"@type\":\"EntryPoint\",\"urlTemplate\":\"https:\/\/beta.sanovita.ro\/blog\/?s={search_term_string}\"},\"query-input\":\"required name=search_term_string\"}],\"inLanguage\":\"ro-RO\"},{\"@type\":\"Organization\",\"@id\":\"https:\/\/beta.sanovita.ro\/blog\/#organization\",\"name\":\"Sano Vita\",\"url\":\"https:\/\/beta.sanovita.ro\/blog\/\",\"logo\":{\"@type\":\"ImageObject\",\"inLanguage\":\"ro-RO\",\"@id\":\"https:\/\/beta.sanovita.ro\/blog\/#\/schema\/logo\/image\/\",\"url\":\"https:\/\/sanovita.ro\/blog\/wp-content\/uploads\/2021\/05\/sanovita-new.png\",\"contentUrl\":\"https:\/\/sanovita.ro\/blog\/wp-content\/uploads\/2021\/05\/sanovita-new.png\",\"width\":546,\"height\":110,\"caption\":\"Sano Vita\"},\"image\":{\"@id\":\"https:\/\/beta.sanovita.ro\/blog\/#\/schema\/logo\/image\/\"},\"sameAs\":[\"https:\/\/www.instagram.com\/sano_vita\",\"https:\/\/www.facebook.com\/SanoVita\/\",\"https:\/\/twitter.com\/SanoVitaOficial\"]},{\"@type\":\"Person\",\"@id\":\"https:\/\/beta.sanovita.ro\/blog\/#\/schema\/person\/88f72be00950bb01ebea04325b1897f8\",\"name\":\"Daniela Dan\",\"image\":{\"@type\":\"ImageObject\",\"inLanguage\":\"ro-RO\",\"@id\":\"https:\/\/beta.sanovita.ro\/blog\/#\/schema\/person\/image\/\",\"url\":\"https:\/\/www.sanovita.ro\/blog\/wp-content\/uploads\/2021\/06\/Daniela-avatar-96x96.jpg\",\"contentUrl\":\"https:\/\/www.sanovita.ro\/blog\/wp-content\/uploads\/2021\/06\/Daniela-avatar-96x96.jpg\",\"caption\":\"Daniela Dan\"},\"description\":\"Pasiunea pentru buc\u0103t\u0103ria vegan\u0103 a \u00eenceput din dorin\u021ba de a-\u0219i hr\u0103ni s\u0103n\u0103tos familia. Treptat, dup\u0103 o serie de cursuri de formare \u0219i multe ore petrecute \u00een buc\u0103t\u0103rie, pasiunea a evoluat spre profesie. Chef Daniela iube\u0219te s\u0103 combine gusturi, culori, arome \u0219i texturi. Dac\u0103 ai dileme legat\u0103 de re\u021bete, gust, asocieri culinare, forme de prezentare, Daniela este omul potrivit c\u0103ruia s\u0103 \u00eei ceri o opinie. \u0218i garantat \u021bi-o va da abia dup\u0103 ce o va fi testat \u00een buc\u0103t\u0103ria proprie, unde zilnic se \u00eent\u00e2mpl\u0103 mult\u0103 magie.\",\"url\":\"https:\/\/beta.sanovita.ro\/blog\/author\/daniela-dan\/\"}]}<\/script>\n<!-- \/ Yoast SEO plugin. -->","yoast_head_json":{"title":"Crem\u0103 de caju &ndash; Zi de zi mai bine - SanoVita","description":"Nucile caju sunt pline de minerale, con\u021bin gr\u0103simi s\u0103n\u0103toase \u0219i vitamine. Chef Daniela Dan \u021bi-a preg\u0103tit o re\u021bet\u0103 pentru crem\u0103 de caju.","robots":{"index":"index","follow":"follow","max-snippet":"max-snippet:-1","max-image-preview":"max-image-preview:large","max-video-preview":"max-video-preview:-1"},"canonical":"https:\/\/beta.sanovita.ro\/blog\/crema-de-caju\/","og_locale":"ro_RO","og_type":"article","og_title":"Crem\u0103 de caju &ndash; Zi de zi mai bine - SanoVita","og_description":"Nucile caju sunt pline de minerale, con\u021bin gr\u0103simi s\u0103n\u0103toase \u0219i vitamine. Chef Daniela Dan \u021bi-a preg\u0103tit o re\u021bet\u0103 pentru crem\u0103 de caju.","og_url":"https:\/\/beta.sanovita.ro\/blog\/crema-de-caju\/","og_site_name":"Zi de zi mai bine - SanoVita","article_publisher":"https:\/\/www.facebook.com\/SanoVita\/","article_published_time":"2022-03-15T10:09:47+00:00","article_modified_time":"2024-03-20T10:36:15+00:00","og_image":[{"width":2560,"height":1707,"url":"https:\/\/beta.sanovita.ro\/blog\/wp-content\/uploads\/2021\/10\/shutterstock_1929492005-scaled.jpg","type":"image\/jpeg"}],"author":"Daniela Dan","twitter_card":"summary_large_image","twitter_creator":"@SanoVitaOficial","twitter_site":"@SanoVitaOficial","twitter_misc":{"Scris de":"Daniela Dan","Timp estimat pentru citire":"2 minute"},"schema":{"@context":"https:\/\/schema.org","@graph":[{"@type":"Article","@id":"https:\/\/beta.sanovita.ro\/blog\/crema-de-caju\/#article","isPartOf":{"@id":"https:\/\/beta.sanovita.ro\/blog\/crema-de-caju\/"},"author":{"name":"Daniela Dan","@id":"https:\/\/beta.sanovita.ro\/blog\/#\/schema\/person\/88f72be00950bb01ebea04325b1897f8"},"headline":"Crem\u0103 de caju","datePublished":"2022-03-15T10:09:47+00:00","dateModified":"2024-03-20T10:36:15+00:00","mainEntityOfPage":{"@id":"https:\/\/beta.sanovita.ro\/blog\/crema-de-caju\/"},"wordCount":407,"commentCount":0,"publisher":{"@id":"https:\/\/beta.sanovita.ro\/blog\/#organization"},"keywords":["Deserturi de post","Re\u021bete de post"],"articleSection":["Deserturi s\u0103n\u0103toase","Re\u021bete"],"inLanguage":"ro-RO","potentialAction":[{"@type":"CommentAction","name":"Comment","target":["https:\/\/beta.sanovita.ro\/blog\/crema-de-caju\/#respond"]}]},{"@type":"WebPage","@id":"https:\/\/beta.sanovita.ro\/blog\/crema-de-caju\/","url":"https:\/\/beta.sanovita.ro\/blog\/crema-de-caju\/","name":"Crem\u0103 de caju &ndash; Zi de zi mai bine - SanoVita","isPartOf":{"@id":"https:\/\/beta.sanovita.ro\/blog\/#website"},"datePublished":"2022-03-15T10:09:47+00:00","dateModified":"2024-03-20T10:36:15+00:00","description":"Nucile caju sunt pline de minerale, con\u021bin gr\u0103simi s\u0103n\u0103toase \u0219i vitamine. Chef Daniela Dan \u021bi-a preg\u0103tit o re\u021bet\u0103 pentru crem\u0103 de caju.","inLanguage":"ro-RO","potentialAction":[{"@type":"ReadAction","target":["https:\/\/beta.sanovita.ro\/blog\/crema-de-caju\/"]}]},{"@type":"WebSite","@id":"https:\/\/beta.sanovita.ro\/blog\/#website","url":"https:\/\/beta.sanovita.ro\/blog\/","name":"Zi de zi mai bine","description":"Zi de zi mai bine!","publisher":{"@id":"https:\/\/beta.sanovita.ro\/blog\/#organization"},"potentialAction":[{"@type":"SearchAction","target":{"@type":"EntryPoint","urlTemplate":"https:\/\/beta.sanovita.ro\/blog\/?s={search_term_string}"},"query-input":"required name=search_term_string"}],"inLanguage":"ro-RO"},{"@type":"Organization","@id":"https:\/\/beta.sanovita.ro\/blog\/#organization","name":"Sano Vita","url":"https:\/\/beta.sanovita.ro\/blog\/","logo":{"@type":"ImageObject","inLanguage":"ro-RO","@id":"https:\/\/beta.sanovita.ro\/blog\/#\/schema\/logo\/image\/","url":"https:\/\/sanovita.ro\/blog\/wp-content\/uploads\/2021\/05\/sanovita-new.png","contentUrl":"https:\/\/sanovita.ro\/blog\/wp-content\/uploads\/2021\/05\/sanovita-new.png","width":546,"height":110,"caption":"Sano Vita"},"image":{"@id":"https:\/\/beta.sanovita.ro\/blog\/#\/schema\/logo\/image\/"},"sameAs":["https:\/\/www.instagram.com\/sano_vita","https:\/\/www.facebook.com\/SanoVita\/","https:\/\/twitter.com\/SanoVitaOficial"]},{"@type":"Person","@id":"https:\/\/beta.sanovita.ro\/blog\/#\/schema\/person\/88f72be00950bb01ebea04325b1897f8","name":"Daniela Dan","image":{"@type":"ImageObject","inLanguage":"ro-RO","@id":"https:\/\/beta.sanovita.ro\/blog\/#\/schema\/person\/image\/","url":"https:\/\/www.sanovita.ro\/blog\/wp-content\/uploads\/2021\/06\/Daniela-avatar-96x96.jpg","contentUrl":"https:\/\/www.sanovita.ro\/blog\/wp-content\/uploads\/2021\/06\/Daniela-avatar-96x96.jpg","caption":"Daniela Dan"},"description":"Pasiunea pentru buc\u0103t\u0103ria vegan\u0103 a \u00eenceput din dorin\u021ba de a-\u0219i hr\u0103ni s\u0103n\u0103tos familia. Treptat, dup\u0103 o serie de cursuri de formare \u0219i multe ore petrecute \u00een buc\u0103t\u0103rie, pasiunea a evoluat spre profesie. Chef Daniela iube\u0219te s\u0103 combine gusturi, culori, arome \u0219i texturi. Dac\u0103 ai dileme legat\u0103 de re\u021bete, gust, asocieri culinare, forme de prezentare, Daniela este omul potrivit c\u0103ruia s\u0103 \u00eei ceri o opinie. \u0218i garantat \u021bi-o va da abia dup\u0103 ce o va fi testat \u00een buc\u0103t\u0103ria proprie, unde zilnic se \u00eent\u00e2mpl\u0103 mult\u0103 magie.","url":"https:\/\/beta.sanovita.ro\/blog\/author\/daniela-dan\/"}]}},"jetpack_publicize_connections":[],"jetpack_featured_media_url":"https:\/\/beta.sanovita.ro\/blog\/wp-content\/uploads\/2021\/10\/shutterstock_1929492005-scaled.jpg","featured_image_src":"https:\/\/beta.sanovita.ro\/blog\/wp-content\/uploads\/2021\/10\/shutterstock_1929492005-729x486.jpg","jetpack_shortlink":"https:\/\/wp.me\/p8JCYA-55V","jetpack_sharing_enabled":true,"_links":{"self":[{"href":"https:\/\/beta.sanovita.ro\/blog\/wp-json\/wp\/v2\/posts\/19587","targetHints":{"allow":["GET"]}}],"collection":[{"href":"https:\/\/beta.sanovita.ro\/blog\/wp-json\/wp\/v2\/posts"}],"about":[{"href":"https:\/\/beta.sanovita.ro\/blog\/wp-json\/wp\/v2\/types\/post"}],"author":[{"embeddable":true,"href":"https:\/\/beta.sanovita.ro\/blog\/wp-json\/wp\/v2\/users\/19"}],"replies":[{"embeddable":true,"href":"https:\/\/beta.sanovita.ro\/blog\/wp-json\/wp\/v2\/comments?post=19587"}],"version-history":[{"count":3,"href":"https:\/\/beta.sanovita.ro\/blog\/wp-json\/wp\/v2\/posts\/19587\/revisions"}],"predecessor-version":[{"id":19676,"href":"https:\/\/beta.sanovita.ro\/blog\/wp-json\/wp\/v2\/posts\/19587\/revisions\/19676"}],"wp:featuredmedia":[{"embeddable":true,"href":"https:\/\/beta.sanovita.ro\/blog\/wp-json\/wp\/v2\/media\/19588"}],"wp:attachment":[{"href":"https:\/\/beta.sanovita.ro\/blog\/wp-json\/wp\/v2\/media?parent=19587"}],"wp:term":[{"taxonomy":"category","embeddable":true,"href":"https:\/\/beta.sanovita.ro\/blog\/wp-json\/wp\/v2\/categories?post=19587"},{"taxonomy":"post_tag","embeddable":true,"href":"https:\/\/beta.sanovita.ro\/blog\/wp-json\/wp\/v2\/tags?post=19587"}],"curies":[{"name":"wp","href":"https:\/\/api.w.org\/{rel}","templated":true}]}}