{"id":19493,"date":"2021-09-30T18:00:52","date_gmt":"2021-09-30T15:00:52","guid":{"rendered":"https:\/\/www.sanovita.ro\/blog\/?p=19493"},"modified":"2024-04-02T16:25:27","modified_gmt":"2024-04-02T13:25:27","slug":"banana-bread-cu-mix-tropical-de-fructe","status":"publish","type":"post","link":"https:\/\/beta.sanovita.ro\/blog\/banana-bread-cu-mix-tropical-de-fructe\/","title":{"rendered":"Banana bread cu mix tropical de fructe"},"content":{"rendered":"<p>Banana bread este f\u0103r\u0103 \u00eendoial\u0103 un desert celebru, pe care \u00eentreaga lume \u00eel iube\u0219te pentru consisten\u021ba sa moale \u0219i pufoas\u0103 \u0219i, mai ales, pentru aroma deosebit\u0103 dat\u0103 de banana coapt\u0103. Iar dac\u0103 \u00een lista de ingrediente apare pu\u021bin\u0103 scor\u021bi\u0219oar\u0103 \u0219i <a href=\"https:\/\/www.sanovita.ro\/tropical-mix-50g-1282.html\">amestecul de fructe Tropical Mix<\/a>, atunci combina\u021bia devine de-a dreptul irezistibil\u0103. \u00cencearc-o \u0219i tu \u2013 ce alt anotimp este mai potrivit dec\u00e2t toamna pentru a te bucura de o banana bread aromat\u0103, proasp\u0103t scoas\u0103 din cuptor!?<\/p>\n<div class=\"td_text_columns_two_cols\">\n<p style=\"text-align: center;\"><span style=\"font-size: 10pt;\"><strong>TIMP DE PREPARARE \u00a0<\/strong><span style=\"color: #ff0000;\"> 1 or\u0103 \u0219i 20 de minute\u00a0<\/span><br \/>\n<\/span><\/p>\n<p style=\"text-align: center;\"><span style=\"font-size: 10pt;\"><strong>POR\u021aII\u00a0<\/strong><span style=\"color: #ff0000;\"> 6-8<\/span><\/span><\/p>\n<p style=\"text-align: center;\"><span style=\"font-size: 10pt;\"><strong>TIP RE\u021aET\u0102\u00a0 Desert<\/strong><\/span><\/p>\n<p style=\"text-align: center;\"><span style=\"font-size: 10pt;\"><strong>DIFICULTATE \u00a0<\/strong><span style=\"color: #ff0000;\"> Sc\u0103zut\u0103<\/span><br \/>\n<\/span><\/p>\n<p style=\"text-align: center;\"><span style=\"font-size: 10pt;\"><strong>PRINTEAZ\u0102 RE\u021aETA<\/strong> <\/span><\/p>\n<p style=\"text-align: center;\"><span style=\"font-size: 10pt;\"><span style=\"color: #000000;\"><div class=\"printfriendly pf-button  pf-aligncenter\">\n                    <a href=\"https:\/\/beta.sanovita.ro\/blog\/banana-bread-cu-mix-tropical-de-fructe\/?pfstyle=wp\" rel=\"nofollow\" onclick=\"\" title=\"Printer Friendly, PDF & Email\">\n                    <img decoding=\"async\" class=\"pf-button-img\" src=\"https:\/\/cdn.printfriendly.com\/buttons\/printfriendly-pdf-button.png\" alt=\"Print Friendly, PDF & Email\" style=\"width: 112px;height: 24px;\"  \/>\n                    <\/a>\n                <\/div><\/span><br \/>\n<\/span><\/p>\n<\/div>\n<hr \/>\n<h3 style=\"text-align: left;\"><i class=\"fa fa-shopping-basket \" ><\/i><\/h3>\n<h4><strong>Ingrediente:<\/strong><\/h4>\n<ul>\n<li>450 g f\u0103in\u0103 alb\u0103, tip 650<\/li>\n<li>150 g <a href=\"https:\/\/www.sanovita.ro\/zahar-brut-din-trestie-500g-117.html\">zah\u0103r brut<\/a><\/li>\n<li>300 ml <a href=\"https:\/\/www.sanovita.ro\/lapte-de-migdale-1l-1115.html\">b\u0103utur\u0103 vegetal\u0103 de migdale<\/a><\/li>\n<li>150 ml ulei de m\u0103sline<\/li>\n<li>2 banane coapte<\/li>\n<li>50 g amestec de <a href=\"https:\/\/www.sanovita.ro\/tropical-mix-50g-1282.html\">fructe Tropical Mix<\/a><\/li>\n<li>1 lingur\u0103 suc de l\u0103m\u00e2ie<\/li>\n<li>1 lingur\u0103 extract de vanilie<\/li>\n<li>\u00bd linguri\u021b\u0103 de sare<\/li>\n<li>2 linguri\u021be praf de copt<\/li>\n<li>1 linguri\u021b\u0103 bicarbonat de sodiu<\/li>\n<li>1 linguri\u021b\u0103 scor\u021bi\u0219oar\u0103<\/li>\n<\/ul>\n<p>&nbsp;<\/p>\n<h4><strong>Mod de preparare:<\/strong><\/h4>\n<ul>\n<li>Paseaz\u0103 bananele \u00eentr-o farfurie cu ajutorul unei furculi\u021be, p\u00e2n\u0103 devine un piure.<\/li>\n<li>Amestec\u0103 bine \u00eentr-un bol mare toate ingredientele uscate: f\u0103ina, zah\u0103rul brun, sarea, praful de copt \u0219i bicarbonatul de sodiu.<\/li>\n<li>Adaug\u0103 peste amestecul de f\u0103in\u0103 amestecul de fructe Tropical Mix \u0219i restul ingredientelor umede: b\u0103utura de migdale, uleiul, piureul de banan\u0103, sucul de l\u0103m\u00e2ie \u0219i extractul de vanilie. \u00cencorporeaz\u0103 bine toate ingredientele.<\/li>\n<li>\u00centr-o tav\u0103 de p\u00e2ine sau de cozonac (de 35cm x 11cm x 7 cm) tapetat\u0103 cu h\u00e2rtie de copt, adaug\u0103 compozi\u021bia \u0219i coace-o la 180\u00b0C timp de 50-60 de minute sau p\u00e2n\u0103 c\u00e2nd o scobitoare introdus\u0103 \u00een centrul blatului iese curat\u0103.<\/li>\n<\/ul>\n<p>&nbsp;<\/p>\n<h4><strong>\u0218tiai c\u0103?<\/strong><\/h4>\n<ul>\n<li>Bananele sunt cultivate \u00een mai mult de 107 \u021b\u0103ri \u0219i se afl\u0103 pe locul al patrulea \u00een topul culturilor alimentare din lume, \u00een valoare monetar\u0103.<\/li>\n<li>Subgrupurile \u0219i soiurile de banane sunt foarte variate. Fructele lor difer\u0103 prin m\u0103rime, form\u0103, culoare, gust \u0219i pigmentare, \u00eens\u0103 toate sunt o surs\u0103 bogat\u0103 de fitonutrien\u021bi importan\u021bi, vitamine \u0219i compu\u0219i fenolici cu rol antioxidant. Bananele se remarc\u0103, de asemenea, prin con\u021binutul de potasiu, magneziu, mangan \u0219i cupru, dar con\u021bin cantit\u0103\u021bi mici \u0219i de fosfor, fier, zinc, seleniu. Din compozi\u021bia lor nu lipsesc nici vitaminele din grupul B, fiind bogate \u00een special \u00een vitamina B6.<\/li>\n<li>Mixurile de fructe uscate \u0219i confiate, combinate \u0219i cu nucile, asigur\u0103 un amestec diversificat de nutrie\u021bi, put\u00e2nd fi integrate u\u0219or \u00een pr\u0103jituri sau servite drept o <a href=\"https:\/\/www.sanovita.ro\/blog\/ce-nuci-sa-alegi-pentru-gustarile-tale\/\">gustare hr\u0103nitoare<\/a>.<\/li>\n<\/ul>\n<p>&nbsp;<\/p>\n<p><em>Informa\u021bii nutri\u021bionale validate de Loredana L\u0103pu\u0219anschi, Dietetician Clinician, Telomera Clinic<\/em><\/p>\n","protected":false},"excerpt":{"rendered":"<p>Banana bread este f\u0103r\u0103 \u00eendoial\u0103 un desert celebru, pe care \u00eentreaga lume \u00eel iube\u0219te pentru consisten\u021ba sa moale \u0219i pufoas\u0103 \u0219i, mai ales, pentru aroma deosebit\u0103 dat\u0103 de banana coapt\u0103. Iar dac\u0103 \u00een lista de ingrediente apare pu\u021bin\u0103 scor\u021bi\u0219oar\u0103 \u0219i amestecul de fructe Tropical Mix, atunci combina\u021bia devine de-a dreptul irezistibil\u0103. \u00cencearc-o \u0219i tu \u2013 [&hellip;]<\/p>\n","protected":false},"author":19,"featured_media":19494,"comment_status":"open","ping_status":"open","sticky":false,"template":"","format":"standard","meta":{"jetpack_post_was_ever_published":false,"_jetpack_newsletter_access":"","_jetpack_dont_email_post_to_subs":false,"_jetpack_newsletter_tier_id":0,"_jetpack_memberships_contains_paywalled_content":false,"_jetpack_memberships_contains_paid_content":false,"footnotes":"","jetpack_publicize_message":"","jetpack_publicize_feature_enabled":true,"jetpack_social_post_already_shared":true,"jetpack_social_options":{"image_generator_settings":{"template":"highway","enabled":false},"version":2}},"categories":[8,1],"tags":[1072,1345,1235,29],"class_list":{"0":"post-19493","1":"post","2":"type-post","3":"status-publish","4":"format-standard","5":"has-post-thumbnail","7":"category-deserturi","8":"category-retete","9":"tag-desert-de-post","10":"tag-prajituri-de-post","11":"tag-retete-de-post","12":"tag-zahar-brut"},"yoast_head":"<!-- This site is optimized with the Yoast SEO plugin v19.14 - https:\/\/yoast.com\/wordpress\/plugins\/seo\/ -->\n<title>Banana bread cu mix tropical de fructe &ndash; Zi de zi mai bine - SanoVita<\/title>\n<meta name=\"description\" content=\"Banana bread este un desert celebru, pe care \u00eentreaga lume \u00eel iube\u0219te pentru consisten\u021ba sa moale \u0219i pufoas\u0103 \u0219i pentru aroma deosebit\u0103.\" \/>\n<meta name=\"robots\" content=\"index, follow, max-snippet:-1, max-image-preview:large, max-video-preview:-1\" \/>\n<link rel=\"canonical\" href=\"https:\/\/beta.sanovita.ro\/blog\/banana-bread-cu-mix-tropical-de-fructe\/\" \/>\n<meta property=\"og:locale\" content=\"ro_RO\" \/>\n<meta property=\"og:type\" content=\"article\" \/>\n<meta property=\"og:title\" content=\"Banana bread cu mix tropical de fructe &ndash; Zi de zi mai bine - SanoVita\" \/>\n<meta property=\"og:description\" content=\"Banana bread este un desert celebru, pe care \u00eentreaga lume \u00eel iube\u0219te pentru consisten\u021ba sa moale \u0219i pufoas\u0103 \u0219i pentru aroma deosebit\u0103.\" \/>\n<meta property=\"og:url\" content=\"https:\/\/beta.sanovita.ro\/blog\/banana-bread-cu-mix-tropical-de-fructe\/\" \/>\n<meta property=\"og:site_name\" content=\"Zi de zi mai bine - SanoVita\" \/>\n<meta property=\"article:publisher\" content=\"https:\/\/www.facebook.com\/SanoVita\/\" \/>\n<meta property=\"article:published_time\" content=\"2021-09-30T15:00:52+00:00\" \/>\n<meta property=\"article:modified_time\" content=\"2024-04-02T13:25:27+00:00\" \/>\n<meta property=\"og:image\" content=\"https:\/\/beta.sanovita.ro\/blog\/wp-content\/uploads\/2021\/09\/3-1-scaled.jpg\" \/>\n\t<meta property=\"og:image:width\" content=\"2560\" \/>\n\t<meta property=\"og:image:height\" content=\"1695\" \/>\n\t<meta property=\"og:image:type\" content=\"image\/jpeg\" \/>\n<meta name=\"author\" content=\"Daniela Dan\" \/>\n<meta name=\"twitter:card\" content=\"summary_large_image\" \/>\n<meta name=\"twitter:creator\" content=\"@SanoVitaOficial\" \/>\n<meta name=\"twitter:site\" content=\"@SanoVitaOficial\" \/>\n<meta name=\"twitter:label1\" content=\"Scris de\" \/>\n\t<meta name=\"twitter:data1\" content=\"Daniela Dan\" \/>\n\t<meta name=\"twitter:label2\" content=\"Timp estimat pentru citire\" \/>\n\t<meta name=\"twitter:data2\" content=\"2 minute\" \/>\n<script type=\"application\/ld+json\" class=\"yoast-schema-graph\">{\"@context\":\"https:\/\/schema.org\",\"@graph\":[{\"@type\":\"Article\",\"@id\":\"https:\/\/beta.sanovita.ro\/blog\/banana-bread-cu-mix-tropical-de-fructe\/#article\",\"isPartOf\":{\"@id\":\"https:\/\/beta.sanovita.ro\/blog\/banana-bread-cu-mix-tropical-de-fructe\/\"},\"author\":{\"name\":\"Daniela Dan\",\"@id\":\"https:\/\/beta.sanovita.ro\/blog\/#\/schema\/person\/88f72be00950bb01ebea04325b1897f8\"},\"headline\":\"Banana bread cu mix tropical de fructe\",\"datePublished\":\"2021-09-30T15:00:52+00:00\",\"dateModified\":\"2024-04-02T13:25:27+00:00\",\"mainEntityOfPage\":{\"@id\":\"https:\/\/beta.sanovita.ro\/blog\/banana-bread-cu-mix-tropical-de-fructe\/\"},\"wordCount\":450,\"commentCount\":0,\"publisher\":{\"@id\":\"https:\/\/beta.sanovita.ro\/blog\/#organization\"},\"keywords\":[\"Deserturi de post\",\"Pr\u0103jituri de post\",\"Re\u021bete de post\",\"zahar brut\"],\"articleSection\":[\"Deserturi s\u0103n\u0103toase\",\"Re\u021bete\"],\"inLanguage\":\"ro-RO\",\"potentialAction\":[{\"@type\":\"CommentAction\",\"name\":\"Comment\",\"target\":[\"https:\/\/beta.sanovita.ro\/blog\/banana-bread-cu-mix-tropical-de-fructe\/#respond\"]}]},{\"@type\":\"WebPage\",\"@id\":\"https:\/\/beta.sanovita.ro\/blog\/banana-bread-cu-mix-tropical-de-fructe\/\",\"url\":\"https:\/\/beta.sanovita.ro\/blog\/banana-bread-cu-mix-tropical-de-fructe\/\",\"name\":\"Banana bread cu mix tropical de fructe &ndash; Zi de zi mai bine - SanoVita\",\"isPartOf\":{\"@id\":\"https:\/\/beta.sanovita.ro\/blog\/#website\"},\"datePublished\":\"2021-09-30T15:00:52+00:00\",\"dateModified\":\"2024-04-02T13:25:27+00:00\",\"description\":\"Banana bread este un desert celebru, pe care \u00eentreaga lume \u00eel iube\u0219te pentru consisten\u021ba sa moale \u0219i pufoas\u0103 \u0219i pentru aroma deosebit\u0103.\",\"inLanguage\":\"ro-RO\",\"potentialAction\":[{\"@type\":\"ReadAction\",\"target\":[\"https:\/\/beta.sanovita.ro\/blog\/banana-bread-cu-mix-tropical-de-fructe\/\"]}]},{\"@type\":\"WebSite\",\"@id\":\"https:\/\/beta.sanovita.ro\/blog\/#website\",\"url\":\"https:\/\/beta.sanovita.ro\/blog\/\",\"name\":\"Zi de zi mai bine\",\"description\":\"Zi de zi mai bine!\",\"publisher\":{\"@id\":\"https:\/\/beta.sanovita.ro\/blog\/#organization\"},\"potentialAction\":[{\"@type\":\"SearchAction\",\"target\":{\"@type\":\"EntryPoint\",\"urlTemplate\":\"https:\/\/beta.sanovita.ro\/blog\/?s={search_term_string}\"},\"query-input\":\"required name=search_term_string\"}],\"inLanguage\":\"ro-RO\"},{\"@type\":\"Organization\",\"@id\":\"https:\/\/beta.sanovita.ro\/blog\/#organization\",\"name\":\"Sano Vita\",\"url\":\"https:\/\/beta.sanovita.ro\/blog\/\",\"logo\":{\"@type\":\"ImageObject\",\"inLanguage\":\"ro-RO\",\"@id\":\"https:\/\/beta.sanovita.ro\/blog\/#\/schema\/logo\/image\/\",\"url\":\"https:\/\/sanovita.ro\/blog\/wp-content\/uploads\/2021\/05\/sanovita-new.png\",\"contentUrl\":\"https:\/\/sanovita.ro\/blog\/wp-content\/uploads\/2021\/05\/sanovita-new.png\",\"width\":546,\"height\":110,\"caption\":\"Sano Vita\"},\"image\":{\"@id\":\"https:\/\/beta.sanovita.ro\/blog\/#\/schema\/logo\/image\/\"},\"sameAs\":[\"https:\/\/www.instagram.com\/sano_vita\",\"https:\/\/www.facebook.com\/SanoVita\/\",\"https:\/\/twitter.com\/SanoVitaOficial\"]},{\"@type\":\"Person\",\"@id\":\"https:\/\/beta.sanovita.ro\/blog\/#\/schema\/person\/88f72be00950bb01ebea04325b1897f8\",\"name\":\"Daniela Dan\",\"image\":{\"@type\":\"ImageObject\",\"inLanguage\":\"ro-RO\",\"@id\":\"https:\/\/beta.sanovita.ro\/blog\/#\/schema\/person\/image\/\",\"url\":\"https:\/\/www.sanovita.ro\/blog\/wp-content\/uploads\/2021\/06\/Daniela-avatar-96x96.jpg\",\"contentUrl\":\"https:\/\/www.sanovita.ro\/blog\/wp-content\/uploads\/2021\/06\/Daniela-avatar-96x96.jpg\",\"caption\":\"Daniela Dan\"},\"description\":\"Pasiunea pentru buc\u0103t\u0103ria vegan\u0103 a \u00eenceput din dorin\u021ba de a-\u0219i hr\u0103ni s\u0103n\u0103tos familia. Treptat, dup\u0103 o serie de cursuri de formare \u0219i multe ore petrecute \u00een buc\u0103t\u0103rie, pasiunea a evoluat spre profesie. Chef Daniela iube\u0219te s\u0103 combine gusturi, culori, arome \u0219i texturi. Dac\u0103 ai dileme legat\u0103 de re\u021bete, gust, asocieri culinare, forme de prezentare, Daniela este omul potrivit c\u0103ruia s\u0103 \u00eei ceri o opinie. \u0218i garantat \u021bi-o va da abia dup\u0103 ce o va fi testat \u00een buc\u0103t\u0103ria proprie, unde zilnic se \u00eent\u00e2mpl\u0103 mult\u0103 magie.\",\"url\":\"https:\/\/beta.sanovita.ro\/blog\/author\/daniela-dan\/\"}]}<\/script>\n<!-- \/ Yoast SEO plugin. -->","yoast_head_json":{"title":"Banana bread cu mix tropical de fructe &ndash; Zi de zi mai bine - SanoVita","description":"Banana bread este un desert celebru, pe care \u00eentreaga lume \u00eel iube\u0219te pentru consisten\u021ba sa moale \u0219i pufoas\u0103 \u0219i pentru aroma deosebit\u0103.","robots":{"index":"index","follow":"follow","max-snippet":"max-snippet:-1","max-image-preview":"max-image-preview:large","max-video-preview":"max-video-preview:-1"},"canonical":"https:\/\/beta.sanovita.ro\/blog\/banana-bread-cu-mix-tropical-de-fructe\/","og_locale":"ro_RO","og_type":"article","og_title":"Banana bread cu mix tropical de fructe &ndash; Zi de zi mai bine - SanoVita","og_description":"Banana bread este un desert celebru, pe care \u00eentreaga lume \u00eel iube\u0219te pentru consisten\u021ba sa moale \u0219i pufoas\u0103 \u0219i pentru aroma deosebit\u0103.","og_url":"https:\/\/beta.sanovita.ro\/blog\/banana-bread-cu-mix-tropical-de-fructe\/","og_site_name":"Zi de zi mai bine - SanoVita","article_publisher":"https:\/\/www.facebook.com\/SanoVita\/","article_published_time":"2021-09-30T15:00:52+00:00","article_modified_time":"2024-04-02T13:25:27+00:00","og_image":[{"width":2560,"height":1695,"url":"https:\/\/beta.sanovita.ro\/blog\/wp-content\/uploads\/2021\/09\/3-1-scaled.jpg","type":"image\/jpeg"}],"author":"Daniela Dan","twitter_card":"summary_large_image","twitter_creator":"@SanoVitaOficial","twitter_site":"@SanoVitaOficial","twitter_misc":{"Scris de":"Daniela Dan","Timp estimat pentru citire":"2 minute"},"schema":{"@context":"https:\/\/schema.org","@graph":[{"@type":"Article","@id":"https:\/\/beta.sanovita.ro\/blog\/banana-bread-cu-mix-tropical-de-fructe\/#article","isPartOf":{"@id":"https:\/\/beta.sanovita.ro\/blog\/banana-bread-cu-mix-tropical-de-fructe\/"},"author":{"name":"Daniela Dan","@id":"https:\/\/beta.sanovita.ro\/blog\/#\/schema\/person\/88f72be00950bb01ebea04325b1897f8"},"headline":"Banana bread cu mix tropical de fructe","datePublished":"2021-09-30T15:00:52+00:00","dateModified":"2024-04-02T13:25:27+00:00","mainEntityOfPage":{"@id":"https:\/\/beta.sanovita.ro\/blog\/banana-bread-cu-mix-tropical-de-fructe\/"},"wordCount":450,"commentCount":0,"publisher":{"@id":"https:\/\/beta.sanovita.ro\/blog\/#organization"},"keywords":["Deserturi de post","Pr\u0103jituri de post","Re\u021bete de post","zahar brut"],"articleSection":["Deserturi s\u0103n\u0103toase","Re\u021bete"],"inLanguage":"ro-RO","potentialAction":[{"@type":"CommentAction","name":"Comment","target":["https:\/\/beta.sanovita.ro\/blog\/banana-bread-cu-mix-tropical-de-fructe\/#respond"]}]},{"@type":"WebPage","@id":"https:\/\/beta.sanovita.ro\/blog\/banana-bread-cu-mix-tropical-de-fructe\/","url":"https:\/\/beta.sanovita.ro\/blog\/banana-bread-cu-mix-tropical-de-fructe\/","name":"Banana bread cu mix tropical de fructe &ndash; Zi de zi mai bine - SanoVita","isPartOf":{"@id":"https:\/\/beta.sanovita.ro\/blog\/#website"},"datePublished":"2021-09-30T15:00:52+00:00","dateModified":"2024-04-02T13:25:27+00:00","description":"Banana bread este un desert celebru, pe care \u00eentreaga lume \u00eel iube\u0219te pentru consisten\u021ba sa moale \u0219i pufoas\u0103 \u0219i pentru aroma deosebit\u0103.","inLanguage":"ro-RO","potentialAction":[{"@type":"ReadAction","target":["https:\/\/beta.sanovita.ro\/blog\/banana-bread-cu-mix-tropical-de-fructe\/"]}]},{"@type":"WebSite","@id":"https:\/\/beta.sanovita.ro\/blog\/#website","url":"https:\/\/beta.sanovita.ro\/blog\/","name":"Zi de zi mai bine","description":"Zi de zi mai bine!","publisher":{"@id":"https:\/\/beta.sanovita.ro\/blog\/#organization"},"potentialAction":[{"@type":"SearchAction","target":{"@type":"EntryPoint","urlTemplate":"https:\/\/beta.sanovita.ro\/blog\/?s={search_term_string}"},"query-input":"required name=search_term_string"}],"inLanguage":"ro-RO"},{"@type":"Organization","@id":"https:\/\/beta.sanovita.ro\/blog\/#organization","name":"Sano Vita","url":"https:\/\/beta.sanovita.ro\/blog\/","logo":{"@type":"ImageObject","inLanguage":"ro-RO","@id":"https:\/\/beta.sanovita.ro\/blog\/#\/schema\/logo\/image\/","url":"https:\/\/sanovita.ro\/blog\/wp-content\/uploads\/2021\/05\/sanovita-new.png","contentUrl":"https:\/\/sanovita.ro\/blog\/wp-content\/uploads\/2021\/05\/sanovita-new.png","width":546,"height":110,"caption":"Sano Vita"},"image":{"@id":"https:\/\/beta.sanovita.ro\/blog\/#\/schema\/logo\/image\/"},"sameAs":["https:\/\/www.instagram.com\/sano_vita","https:\/\/www.facebook.com\/SanoVita\/","https:\/\/twitter.com\/SanoVitaOficial"]},{"@type":"Person","@id":"https:\/\/beta.sanovita.ro\/blog\/#\/schema\/person\/88f72be00950bb01ebea04325b1897f8","name":"Daniela Dan","image":{"@type":"ImageObject","inLanguage":"ro-RO","@id":"https:\/\/beta.sanovita.ro\/blog\/#\/schema\/person\/image\/","url":"https:\/\/www.sanovita.ro\/blog\/wp-content\/uploads\/2021\/06\/Daniela-avatar-96x96.jpg","contentUrl":"https:\/\/www.sanovita.ro\/blog\/wp-content\/uploads\/2021\/06\/Daniela-avatar-96x96.jpg","caption":"Daniela Dan"},"description":"Pasiunea pentru buc\u0103t\u0103ria vegan\u0103 a \u00eenceput din dorin\u021ba de a-\u0219i hr\u0103ni s\u0103n\u0103tos familia. Treptat, dup\u0103 o serie de cursuri de formare \u0219i multe ore petrecute \u00een buc\u0103t\u0103rie, pasiunea a evoluat spre profesie. Chef Daniela iube\u0219te s\u0103 combine gusturi, culori, arome \u0219i texturi. Dac\u0103 ai dileme legat\u0103 de re\u021bete, gust, asocieri culinare, forme de prezentare, Daniela este omul potrivit c\u0103ruia s\u0103 \u00eei ceri o opinie. \u0218i garantat \u021bi-o va da abia dup\u0103 ce o va fi testat \u00een buc\u0103t\u0103ria proprie, unde zilnic se \u00eent\u00e2mpl\u0103 mult\u0103 magie.","url":"https:\/\/beta.sanovita.ro\/blog\/author\/daniela-dan\/"}]}},"jetpack_publicize_connections":[],"jetpack_featured_media_url":"https:\/\/beta.sanovita.ro\/blog\/wp-content\/uploads\/2021\/09\/3-1-scaled.jpg","featured_image_src":"https:\/\/beta.sanovita.ro\/blog\/wp-content\/uploads\/2021\/09\/3-1-734x486.jpg","jetpack_shortlink":"https:\/\/wp.me\/p8JCYA-54p","jetpack_sharing_enabled":true,"_links":{"self":[{"href":"https:\/\/beta.sanovita.ro\/blog\/wp-json\/wp\/v2\/posts\/19493","targetHints":{"allow":["GET"]}}],"collection":[{"href":"https:\/\/beta.sanovita.ro\/blog\/wp-json\/wp\/v2\/posts"}],"about":[{"href":"https:\/\/beta.sanovita.ro\/blog\/wp-json\/wp\/v2\/types\/post"}],"author":[{"embeddable":true,"href":"https:\/\/beta.sanovita.ro\/blog\/wp-json\/wp\/v2\/users\/19"}],"replies":[{"embeddable":true,"href":"https:\/\/beta.sanovita.ro\/blog\/wp-json\/wp\/v2\/comments?post=19493"}],"version-history":[{"count":4,"href":"https:\/\/beta.sanovita.ro\/blog\/wp-json\/wp\/v2\/posts\/19493\/revisions"}],"predecessor-version":[{"id":21922,"href":"https:\/\/beta.sanovita.ro\/blog\/wp-json\/wp\/v2\/posts\/19493\/revisions\/21922"}],"wp:featuredmedia":[{"embeddable":true,"href":"https:\/\/beta.sanovita.ro\/blog\/wp-json\/wp\/v2\/media\/19494"}],"wp:attachment":[{"href":"https:\/\/beta.sanovita.ro\/blog\/wp-json\/wp\/v2\/media?parent=19493"}],"wp:term":[{"taxonomy":"category","embeddable":true,"href":"https:\/\/beta.sanovita.ro\/blog\/wp-json\/wp\/v2\/categories?post=19493"},{"taxonomy":"post_tag","embeddable":true,"href":"https:\/\/beta.sanovita.ro\/blog\/wp-json\/wp\/v2\/tags?post=19493"}],"curies":[{"name":"wp","href":"https:\/\/api.w.org\/{rel}","templated":true}]}}