{"id":19350,"date":"2021-08-19T13:44:51","date_gmt":"2021-08-19T10:44:51","guid":{"rendered":"https:\/\/www.sanovita.ro\/blog\/?p=19350"},"modified":"2024-02-14T18:15:20","modified_gmt":"2024-02-14T16:15:20","slug":"salata-cuscus-foarte-rapid-de-preparat","status":"publish","type":"post","link":"https:\/\/beta.sanovita.ro\/blog\/salata-cuscus-foarte-rapid-de-preparat\/","title":{"rendered":"Salat\u0103 cu\u0219cu\u0219 \u2013 foarte rapid de preparat"},"content":{"rendered":"<section class=\"wpb-content-wrapper\"><p>A\u0219a cum asiaticii integreaz\u0103 orezul \u00een aproape fiecare mas\u0103 \u0219i cei din Africa de Nord nu se pot desp\u0103r\u021bi de cu\u0219cu\u0219. Acest tip de paste, prezent \u00een buc\u0103t\u0103riile arabe \u00eenc\u0103 din secolul al XIV \u2013 lea, reu\u0219e\u0219te \u0219i \u00een ziua de azi s\u0103 ne cucereasc\u0103 prin gust, beneficii pentru s\u0103n\u0103tate \u0219i prin versatilitate &#8211; \u00eel po\u021bi adapta u\u0219or oric\u0103rei re\u021bete, fie c\u0103 e vorba de un <a href=\"https:\/\/www.sanovita.ro\/blog\/budinca-de-cuscus-cu-papaya\/\">desert<\/a> sau de o salat\u0103. A\u0219adar, v\u0103 invit\u0103m s\u0103 \u00eencerca\u021bi re\u021beta de salat\u0103 de cu\u0219cu\u0219, preg\u0103tit\u0103 de chef Daniela Dan &#8211; u\u0219or de preparat \u0219i foarte s\u0103n\u0103toas\u0103!<\/p>\n<div class=\"td_text_columns_two_cols\">\n<p style=\"text-align: center;\"><span style=\"font-size: 10pt;\"><strong>TIMP DE PREPARARE \u00a0<\/strong><span style=\"color: #ff0000;\"> 10 minute\u00a0<\/span><br \/>\n<\/span><\/p>\n<p style=\"text-align: center;\"><span style=\"font-size: 10pt;\"><strong>POR\u021aII\u00a0<\/strong><span style=\"color: #ff0000;\"> 5\u00a0<\/span><\/span><\/p>\n<p style=\"text-align: center;\"><span style=\"font-size: 10pt;\"><strong>TIP RE\u021aET\u0102\u00a0 Salat\u0103<\/strong><\/span><\/p>\n<p style=\"text-align: center;\"><span style=\"font-size: 10pt;\"><strong>DIFICULTATE \u00a0<\/strong><span style=\"color: #ff0000;\"> Sc\u0103zut\u0103<\/span><br \/>\n<\/span><\/p>\n<p style=\"text-align: center;\"><span style=\"font-size: 10pt;\"><strong>PRINTEAZ\u0102 RE\u021aETA<\/strong> <\/span><\/p>\n<p style=\"text-align: center;\"><span style=\"font-size: 10pt;\"><span style=\"color: #000000;\"><div class=\"printfriendly pf-button  pf-aligncenter\">\n                    <a href=\"https:\/\/beta.sanovita.ro\/blog\/salata-cuscus-foarte-rapid-de-preparat\/?pfstyle=wp\" rel=\"nofollow\" onclick=\"\" title=\"Printer Friendly, PDF & Email\">\n                    <img decoding=\"async\" class=\"pf-button-img\" src=\"https:\/\/cdn.printfriendly.com\/buttons\/printfriendly-pdf-button.png\" alt=\"Print Friendly, PDF & Email\" style=\"width: 112px;height: 24px;\"  \/>\n                    <\/a>\n                <\/div><\/span><br \/>\n<\/span><\/p>\n<\/div>\n<hr \/>\n<h3 style=\"text-align: left;\"><i class=\"fa fa-shopping-basket \" ><\/i><\/h3>\n<h4><strong>Ingrediente:<\/strong><\/h4>\n<ul>\n<li>200 g <a href=\"https:\/\/www.sanovita.ro\/cus-cus-200g-26.html\">cu\u0219cu\u0219<\/a><\/li>\n<li>1 can\u0103 ap\u0103 fiart\u0103 (can\u0103 de 200 ml)<\/li>\n<li>\u00bc linguri\u021b\u0103 turmeric<\/li>\n<li>1 linguri\u021b\u0103<a href=\"https:\/\/www.sanovita.ro\/sare-de-mare-grunjoasa-iodata-1-kg-116.html\"> sare<\/a><\/li>\n<li>1 linguri\u021b\u0103 ulei de m\u0103sline<\/li>\n<li>Jum\u0103tate de ceap\u0103 galben\u0103, t\u0103iat\u0103 m\u0103runt<\/li>\n<li>1 ardei ro\u0219u kapia, t\u0103iat cubule\u021be mici<\/li>\n<li><a href=\"https:\/\/sanovita.ro\/tofu-56\">100 g tofu cu sare SanoVita<\/a>, t\u0103iat cubule\u021be mici<\/li>\n<li>1 leg\u0103tur\u0103 p\u0103trunjel, tocat foarte m\u0103runt<\/li>\n<li>Un pachet de nuci <a href=\"https:\/\/www.sanovita.ro\/fun-mix-50g-1284.html\">Fun Mix<\/a>, tocat<\/li>\n<\/ul>\n<div id=\"tdi_1\" class=\"tdc-row\"><div class=\"vc_row tdi_2  wpb_row td-pb-row\" >\n<style scoped>\n\n\/* custom css *\/\n.tdi_2,\r\n                .tdi_2 .tdc-columns{\r\n                    min-height: 0;\r\n                }.tdi_2,\r\n\t\t\t\t.tdi_2 .tdc-columns{\r\n\t\t\t\t    display: block;\r\n\t\t\t\t}.tdi_2 .tdc-columns{\r\n\t\t\t\t    width: 100%;\r\n\t\t\t\t}\n<\/style><div class=\"vc_column tdi_4  wpb_column vc_column_container tdc-column td-pb-span12\">\n<style scoped>\n\n\/* custom css *\/\n.tdi_4{\r\n                    vertical-align: baseline;\r\n                }.tdi_4 > .wpb_wrapper,\r\n\t\t\t\t.tdi_4 > .wpb_wrapper > .tdc-elements{\r\n\t\t\t\t    display: block;\r\n\t\t\t\t}.tdi_4 > .wpb_wrapper > .tdc-elements{\r\n\t\t\t\t    width: 100%;\r\n\t\t\t\t}.tdi_4 > .wpb_wrapper > .vc_row_inner{\r\n\t\t\t\t    width: auto;\r\n\t\t\t\t}.tdi_4 > .wpb_wrapper{\r\n\t\t\t\t    width: auto;\r\n\t\t\t\t    height: auto;\r\n\t\t\t\t}\n<\/style><div class=\"wpb_wrapper\" >[vc_custom_heading text=&#8221;Vrei s\u0103 preg\u0103te\u0219ti re\u021beta? Cump\u0103r\u0103 produsele!&#8221; font_container=&#8221;tag:h3|text_align:center|color:%23dd3333&#8243; use_theme_fonts=&#8221;yes&#8221;]<\/div><\/div><\/div><\/div><div id=\"tdi_5\" class=\"tdc-row\"><div class=\"vc_row tdi_6  wpb_row td-pb-row\" >\n<style scoped>\n\n\/* custom css *\/\n.tdi_6,\r\n                .tdi_6 .tdc-columns{\r\n                    min-height: 0;\r\n                }.tdi_6,\r\n\t\t\t\t.tdi_6 .tdc-columns{\r\n\t\t\t\t    display: block;\r\n\t\t\t\t}.tdi_6 .tdc-columns{\r\n\t\t\t\t    width: 100%;\r\n\t\t\t\t}\n<\/style><\/div><\/div><div class=\"vc_column tdi_8  wpb_column vc_column_container tdc-column td-pb-span6\">\n<style scoped>\n\n\/* custom css *\/\n.tdi_8{\r\n                    vertical-align: baseline;\r\n                }.tdi_8 > .wpb_wrapper,\r\n\t\t\t\t.tdi_8 > .wpb_wrapper > .tdc-elements{\r\n\t\t\t\t    display: block;\r\n\t\t\t\t}.tdi_8 > .wpb_wrapper > .tdc-elements{\r\n\t\t\t\t    width: 100%;\r\n\t\t\t\t}.tdi_8 > .wpb_wrapper > .vc_row_inner{\r\n\t\t\t\t    width: auto;\r\n\t\t\t\t}.tdi_8 > .wpb_wrapper{\r\n\t\t\t\t    width: auto;\r\n\t\t\t\t    height: auto;\r\n\t\t\t\t}\n<\/style><div class=\"wpb_wrapper\" >[vc_cta h2=&#8221;&#8221; h4=&#8221;Cu\u0219cu\u0219&#8221; txt_align=&#8221;center&#8221; color=&#8221;green&#8221; add_button=&#8221;bottom&#8221; btn_title=&#8221;Vezi detalii produs&#8221; btn_style=&#8221;classic&#8221; btn_color=&#8221;danger&#8221; btn_size=&#8221;sm&#8221; btn_align=&#8221;center&#8221; btn_link=&#8221;url:https%3A%2F%2Fwww.sanovita.ro%2Fcus-cus-200g-26.html%3Futm_medium%3Dblog%26utm_source%3Dretetablog-Salat\u0103-cu\u0219cu\u0219\u2013foarte- rapid-de-preparat|target:%20_blank|rel:nofollow&#8221;]<\/p>\n<p>[\/vc_cta]<\/div><\/div><div class=\"vc_column tdi_10  wpb_column vc_column_container tdc-column td-pb-span6\">\n<style scoped>\n\n\/* custom css *\/\n.tdi_10{\r\n                    vertical-align: baseline;\r\n                }.tdi_10 > .wpb_wrapper,\r\n\t\t\t\t.tdi_10 > .wpb_wrapper > .tdc-elements{\r\n\t\t\t\t    display: block;\r\n\t\t\t\t}.tdi_10 > .wpb_wrapper > .tdc-elements{\r\n\t\t\t\t    width: 100%;\r\n\t\t\t\t}.tdi_10 > .wpb_wrapper > .vc_row_inner{\r\n\t\t\t\t    width: auto;\r\n\t\t\t\t}.tdi_10 > .wpb_wrapper{\r\n\t\t\t\t    width: auto;\r\n\t\t\t\t    height: auto;\r\n\t\t\t\t}\n<\/style><div class=\"wpb_wrapper\" ><\/div><\/div>[vc_cta h2=&#8221;&#8221; h4=&#8221;Ulei de floarea soarelui presat la rece&#8221; txt_align=&#8221;center&#8221; color=&#8221;green&#8221; add_button=&#8221;bottom&#8221; btn_title=&#8221;Vezi detalii produs&#8221; btn_style=&#8221;classic&#8221; btn_color=&#8221;danger&#8221; btn_size=&#8221;sm&#8221; btn_align=&#8221;center&#8221; btn_link=&#8221;url:https%3A%2F%2Fwww.sanovita.ro%2Fulei-floarea-soarelui-presat-la-rece-500ml-1119.html%3Futm_medium%3Dblog%26utm_source%3Dretetablog-Salat\u0103-cu\u0219cu\u0219\u2013foarte- rapid-de-preparat|target:%20_blank|rel:nofollow&#8221;]<\/p>\n<h4><strong>Mod de preparare:<\/strong><\/h4>\n<ul>\n<li>Amestec\u0103 bine cu\u0219cu\u0219ul, turmericul \u0219i sarea.<\/li>\n<li>Adaug\u0103 ap\u0103 fiart\u0103 (c\u00e2t s\u0103 acopere cu\u0219cu\u0219ul), uleiul \u0219i amestec\u0103 bine \u0219i repede. Acoper\u0103 vasul pentru 5 -7 minute.<\/li>\n<li>Dup\u0103 cele 5-7 minute, amesteci din nou cu\u0219cu\u0219ul \u00eencet p\u00e2n\u0103 arat\u0103 frumos \u0219i f\u0103r\u0103 cocoloa\u0219e.<\/li>\n<li>\u00centr-o tigaie, pr\u0103je\u0219te (f\u0103r\u0103 ulei) nucile din Fun Mix tocate -cu cu\u021bitul pentru 5 minute. Las\u0103-le la r\u0103cit.<\/li>\n<li>Adaug\u0103 ceapa, p\u0103trunjelul, ardeiul, migdalele pr\u0103jite \u0219i tofu \u0219i amestec\u0103 din nou.<\/li>\n<li>Se serve\u0219te imediat.<\/li>\n<\/ul>\n<p>Po\u021bi ad\u0103uga \u00een salat\u0103 \u0219i alte ingrediente: castraveti, ro\u0219ii, n\u0103ut fiert, ridichi, m\u0103sline, frunze de ment\u0103 etc.<\/p>\n<p>&nbsp;<\/p>\n<h4><strong>\u0218tiai c\u0103:<\/strong><\/h4>\n<ul>\n<li>Nu \u0219tim exact c\u00e2nd a ap\u0103rut pentru prima dat\u0103 cu\u0219cu\u0219ul, \u00eens\u0103 primele men\u021bion\u0103ri ale acestuia dateaz\u0103 din secolele XIII \u0219i XIV, \u00een c\u0103r\u021bile de bucate arabe.<\/li>\n<li>De\u0219i primele men\u021bion\u0103ri scrise sunt cele din c\u0103r\u021bile arabe, istoricii au descoperit originea pur african\u0103 a acestor f\u0103inoase \u00een urma descoperirii unor ustensile, care ar fi fost folosite pentru prepararea acestuia, ce dateaz\u0103 din secolul al XII-lea.<\/li>\n<li>Cu\u0219cu\u0219ul con\u021bine minerale (seleniu, potasiu, fosfor, magneziu), toate vitaminele din grupul B (cu excep\u021bia vitaminei B12) \u00eentr-o cantitate mai mic\u0103, precum \u0219i fibre, acestea av\u00e2nd un rol esen\u021bial pentru un tranzit intestinal s\u0103n\u0103tos.<\/li>\n<\/ul>\n<\/section>","protected":false},"excerpt":{"rendered":"<p>A\u0219a cum asiaticii integreaz\u0103 orezul \u00een aproape fiecare mas\u0103 \u0219i cei din Africa de Nord nu se pot desp\u0103r\u021bi de cu\u0219cu\u0219. Acest tip de paste, prezent \u00een buc\u0103t\u0103riile arabe \u00eenc\u0103 din secolul al XIV \u2013 lea, reu\u0219e\u0219te \u0219i \u00een ziua de azi s\u0103 ne cucereasc\u0103 prin gust, beneficii pentru s\u0103n\u0103tate \u0219i prin versatilitate &#8211; \u00eel [&hellip;]<\/p>\n","protected":false},"author":19,"featured_media":19353,"comment_status":"open","ping_status":"open","sticky":false,"template":"","format":"standard","meta":{"jetpack_post_was_ever_published":false,"_jetpack_newsletter_access":"","_jetpack_dont_email_post_to_subs":false,"_jetpack_newsletter_tier_id":0,"_jetpack_memberships_contains_paywalled_content":false,"_jetpack_memberships_contains_paid_content":false,"footnotes":"","jetpack_publicize_message":"","jetpack_publicize_feature_enabled":true,"jetpack_social_post_already_shared":true,"jetpack_social_options":{"image_generator_settings":{"template":"highway","enabled":false},"version":2}},"categories":[1,11],"tags":[105,398,1170],"class_list":{"0":"post-19350","1":"post","2":"type-post","3":"status-publish","4":"format-standard","5":"has-post-thumbnail","7":"category-retete","8":"category-salate","9":"tag-cuscus","10":"tag-salata","11":"tag-salata-cuscus"},"yoast_head":"<!-- This site is optimized with the Yoast SEO plugin v19.14 - https:\/\/yoast.com\/wordpress\/plugins\/seo\/ -->\n<title>Salat\u0103 cu\u0219cu\u0219 \u2013 foarte rapid de preparat &ndash; Zi de zi mai bine - SanoVita<\/title>\n<meta name=\"description\" content=\"Cu\u0219cu\u0219ul reu\u0219e\u0219te \u0219i \u00een ziua de azi s\u0103 ne cucereasc\u0103 prin gust, beneficii pentru s\u0103n\u0103tate \u0219i prin versatilitate.\" \/>\n<meta name=\"robots\" content=\"index, follow, max-snippet:-1, max-image-preview:large, max-video-preview:-1\" \/>\n<link rel=\"canonical\" href=\"https:\/\/beta.sanovita.ro\/blog\/salata-cuscus-foarte-rapid-de-preparat\/\" \/>\n<meta property=\"og:locale\" content=\"ro_RO\" \/>\n<meta property=\"og:type\" content=\"article\" \/>\n<meta property=\"og:title\" content=\"Salat\u0103 cu\u0219cu\u0219 \u2013 foarte rapid de preparat &ndash; Zi de zi mai bine - SanoVita\" \/>\n<meta property=\"og:description\" content=\"Cu\u0219cu\u0219ul reu\u0219e\u0219te \u0219i \u00een ziua de azi s\u0103 ne cucereasc\u0103 prin gust, beneficii pentru s\u0103n\u0103tate \u0219i prin versatilitate.\" \/>\n<meta property=\"og:url\" content=\"https:\/\/beta.sanovita.ro\/blog\/salata-cuscus-foarte-rapid-de-preparat\/\" \/>\n<meta property=\"og:site_name\" content=\"Zi de zi mai bine - SanoVita\" \/>\n<meta property=\"article:publisher\" content=\"https:\/\/www.facebook.com\/SanoVita\/\" \/>\n<meta property=\"article:published_time\" content=\"2021-08-19T10:44:51+00:00\" \/>\n<meta property=\"article:modified_time\" content=\"2024-02-14T16:15:20+00:00\" \/>\n<meta property=\"og:image\" content=\"https:\/\/beta.sanovita.ro\/blog\/wp-content\/uploads\/2021\/08\/DSC_0846-scaled.jpg\" \/>\n\t<meta property=\"og:image:width\" content=\"2560\" \/>\n\t<meta property=\"og:image:height\" content=\"1696\" \/>\n\t<meta property=\"og:image:type\" content=\"image\/jpeg\" \/>\n<meta name=\"author\" content=\"Daniela Dan\" \/>\n<meta name=\"twitter:card\" content=\"summary_large_image\" \/>\n<meta name=\"twitter:creator\" content=\"@SanoVitaOficial\" \/>\n<meta name=\"twitter:site\" content=\"@SanoVitaOficial\" \/>\n<meta name=\"twitter:label1\" content=\"Scris de\" \/>\n\t<meta name=\"twitter:data1\" content=\"Daniela Dan\" \/>\n\t<meta name=\"twitter:label2\" content=\"Timp estimat pentru citire\" \/>\n\t<meta name=\"twitter:data2\" content=\"2 minute\" \/>\n<script type=\"application\/ld+json\" class=\"yoast-schema-graph\">{\"@context\":\"https:\/\/schema.org\",\"@graph\":[{\"@type\":\"Article\",\"@id\":\"https:\/\/beta.sanovita.ro\/blog\/salata-cuscus-foarte-rapid-de-preparat\/#article\",\"isPartOf\":{\"@id\":\"https:\/\/beta.sanovita.ro\/blog\/salata-cuscus-foarte-rapid-de-preparat\/\"},\"author\":{\"name\":\"Daniela Dan\",\"@id\":\"https:\/\/beta.sanovita.ro\/blog\/#\/schema\/person\/88f72be00950bb01ebea04325b1897f8\"},\"headline\":\"Salat\u0103 cu\u0219cu\u0219 \u2013 foarte rapid de preparat\",\"datePublished\":\"2021-08-19T10:44:51+00:00\",\"dateModified\":\"2024-02-14T16:15:20+00:00\",\"mainEntityOfPage\":{\"@id\":\"https:\/\/beta.sanovita.ro\/blog\/salata-cuscus-foarte-rapid-de-preparat\/\"},\"wordCount\":609,\"commentCount\":0,\"publisher\":{\"@id\":\"https:\/\/beta.sanovita.ro\/blog\/#organization\"},\"keywords\":[\"cuscus\",\"salata\",\"salata cu\u0219cu\u0219\"],\"articleSection\":[\"Re\u021bete\",\"Salate s\u0103n\u0103toase\"],\"inLanguage\":\"ro-RO\",\"potentialAction\":[{\"@type\":\"CommentAction\",\"name\":\"Comment\",\"target\":[\"https:\/\/beta.sanovita.ro\/blog\/salata-cuscus-foarte-rapid-de-preparat\/#respond\"]}]},{\"@type\":\"WebPage\",\"@id\":\"https:\/\/beta.sanovita.ro\/blog\/salata-cuscus-foarte-rapid-de-preparat\/\",\"url\":\"https:\/\/beta.sanovita.ro\/blog\/salata-cuscus-foarte-rapid-de-preparat\/\",\"name\":\"Salat\u0103 cu\u0219cu\u0219 \u2013 foarte rapid de preparat &ndash; Zi de zi mai bine - SanoVita\",\"isPartOf\":{\"@id\":\"https:\/\/beta.sanovita.ro\/blog\/#website\"},\"datePublished\":\"2021-08-19T10:44:51+00:00\",\"dateModified\":\"2024-02-14T16:15:20+00:00\",\"description\":\"Cu\u0219cu\u0219ul reu\u0219e\u0219te \u0219i \u00een ziua de azi s\u0103 ne cucereasc\u0103 prin gust, beneficii pentru s\u0103n\u0103tate \u0219i prin versatilitate.\",\"inLanguage\":\"ro-RO\",\"potentialAction\":[{\"@type\":\"ReadAction\",\"target\":[\"https:\/\/beta.sanovita.ro\/blog\/salata-cuscus-foarte-rapid-de-preparat\/\"]}]},{\"@type\":\"WebSite\",\"@id\":\"https:\/\/beta.sanovita.ro\/blog\/#website\",\"url\":\"https:\/\/beta.sanovita.ro\/blog\/\",\"name\":\"Zi de zi mai bine\",\"description\":\"Zi de zi mai bine!\",\"publisher\":{\"@id\":\"https:\/\/beta.sanovita.ro\/blog\/#organization\"},\"potentialAction\":[{\"@type\":\"SearchAction\",\"target\":{\"@type\":\"EntryPoint\",\"urlTemplate\":\"https:\/\/beta.sanovita.ro\/blog\/?s={search_term_string}\"},\"query-input\":\"required name=search_term_string\"}],\"inLanguage\":\"ro-RO\"},{\"@type\":\"Organization\",\"@id\":\"https:\/\/beta.sanovita.ro\/blog\/#organization\",\"name\":\"Sano Vita\",\"url\":\"https:\/\/beta.sanovita.ro\/blog\/\",\"logo\":{\"@type\":\"ImageObject\",\"inLanguage\":\"ro-RO\",\"@id\":\"https:\/\/beta.sanovita.ro\/blog\/#\/schema\/logo\/image\/\",\"url\":\"https:\/\/sanovita.ro\/blog\/wp-content\/uploads\/2021\/05\/sanovita-new.png\",\"contentUrl\":\"https:\/\/sanovita.ro\/blog\/wp-content\/uploads\/2021\/05\/sanovita-new.png\",\"width\":546,\"height\":110,\"caption\":\"Sano Vita\"},\"image\":{\"@id\":\"https:\/\/beta.sanovita.ro\/blog\/#\/schema\/logo\/image\/\"},\"sameAs\":[\"https:\/\/www.instagram.com\/sano_vita\",\"https:\/\/www.facebook.com\/SanoVita\/\",\"https:\/\/twitter.com\/SanoVitaOficial\"]},{\"@type\":\"Person\",\"@id\":\"https:\/\/beta.sanovita.ro\/blog\/#\/schema\/person\/88f72be00950bb01ebea04325b1897f8\",\"name\":\"Daniela Dan\",\"image\":{\"@type\":\"ImageObject\",\"inLanguage\":\"ro-RO\",\"@id\":\"https:\/\/beta.sanovita.ro\/blog\/#\/schema\/person\/image\/\",\"url\":\"https:\/\/www.sanovita.ro\/blog\/wp-content\/uploads\/2021\/06\/Daniela-avatar-96x96.jpg\",\"contentUrl\":\"https:\/\/www.sanovita.ro\/blog\/wp-content\/uploads\/2021\/06\/Daniela-avatar-96x96.jpg\",\"caption\":\"Daniela Dan\"},\"description\":\"Pasiunea pentru buc\u0103t\u0103ria vegan\u0103 a \u00eenceput din dorin\u021ba de a-\u0219i hr\u0103ni s\u0103n\u0103tos familia. Treptat, dup\u0103 o serie de cursuri de formare \u0219i multe ore petrecute \u00een buc\u0103t\u0103rie, pasiunea a evoluat spre profesie. Chef Daniela iube\u0219te s\u0103 combine gusturi, culori, arome \u0219i texturi. Dac\u0103 ai dileme legat\u0103 de re\u021bete, gust, asocieri culinare, forme de prezentare, Daniela este omul potrivit c\u0103ruia s\u0103 \u00eei ceri o opinie. \u0218i garantat \u021bi-o va da abia dup\u0103 ce o va fi testat \u00een buc\u0103t\u0103ria proprie, unde zilnic se \u00eent\u00e2mpl\u0103 mult\u0103 magie.\",\"url\":\"https:\/\/beta.sanovita.ro\/blog\/author\/daniela-dan\/\"}]}<\/script>\n<!-- \/ Yoast SEO plugin. -->","yoast_head_json":{"title":"Salat\u0103 cu\u0219cu\u0219 \u2013 foarte rapid de preparat &ndash; Zi de zi mai bine - SanoVita","description":"Cu\u0219cu\u0219ul reu\u0219e\u0219te \u0219i \u00een ziua de azi s\u0103 ne cucereasc\u0103 prin gust, beneficii pentru s\u0103n\u0103tate \u0219i prin versatilitate.","robots":{"index":"index","follow":"follow","max-snippet":"max-snippet:-1","max-image-preview":"max-image-preview:large","max-video-preview":"max-video-preview:-1"},"canonical":"https:\/\/beta.sanovita.ro\/blog\/salata-cuscus-foarte-rapid-de-preparat\/","og_locale":"ro_RO","og_type":"article","og_title":"Salat\u0103 cu\u0219cu\u0219 \u2013 foarte rapid de preparat &ndash; Zi de zi mai bine - SanoVita","og_description":"Cu\u0219cu\u0219ul reu\u0219e\u0219te \u0219i \u00een ziua de azi s\u0103 ne cucereasc\u0103 prin gust, beneficii pentru s\u0103n\u0103tate \u0219i prin versatilitate.","og_url":"https:\/\/beta.sanovita.ro\/blog\/salata-cuscus-foarte-rapid-de-preparat\/","og_site_name":"Zi de zi mai bine - SanoVita","article_publisher":"https:\/\/www.facebook.com\/SanoVita\/","article_published_time":"2021-08-19T10:44:51+00:00","article_modified_time":"2024-02-14T16:15:20+00:00","og_image":[{"width":2560,"height":1696,"url":"https:\/\/beta.sanovita.ro\/blog\/wp-content\/uploads\/2021\/08\/DSC_0846-scaled.jpg","type":"image\/jpeg"}],"author":"Daniela Dan","twitter_card":"summary_large_image","twitter_creator":"@SanoVitaOficial","twitter_site":"@SanoVitaOficial","twitter_misc":{"Scris de":"Daniela Dan","Timp estimat pentru citire":"2 minute"},"schema":{"@context":"https:\/\/schema.org","@graph":[{"@type":"Article","@id":"https:\/\/beta.sanovita.ro\/blog\/salata-cuscus-foarte-rapid-de-preparat\/#article","isPartOf":{"@id":"https:\/\/beta.sanovita.ro\/blog\/salata-cuscus-foarte-rapid-de-preparat\/"},"author":{"name":"Daniela Dan","@id":"https:\/\/beta.sanovita.ro\/blog\/#\/schema\/person\/88f72be00950bb01ebea04325b1897f8"},"headline":"Salat\u0103 cu\u0219cu\u0219 \u2013 foarte rapid de preparat","datePublished":"2021-08-19T10:44:51+00:00","dateModified":"2024-02-14T16:15:20+00:00","mainEntityOfPage":{"@id":"https:\/\/beta.sanovita.ro\/blog\/salata-cuscus-foarte-rapid-de-preparat\/"},"wordCount":609,"commentCount":0,"publisher":{"@id":"https:\/\/beta.sanovita.ro\/blog\/#organization"},"keywords":["cuscus","salata","salata cu\u0219cu\u0219"],"articleSection":["Re\u021bete","Salate s\u0103n\u0103toase"],"inLanguage":"ro-RO","potentialAction":[{"@type":"CommentAction","name":"Comment","target":["https:\/\/beta.sanovita.ro\/blog\/salata-cuscus-foarte-rapid-de-preparat\/#respond"]}]},{"@type":"WebPage","@id":"https:\/\/beta.sanovita.ro\/blog\/salata-cuscus-foarte-rapid-de-preparat\/","url":"https:\/\/beta.sanovita.ro\/blog\/salata-cuscus-foarte-rapid-de-preparat\/","name":"Salat\u0103 cu\u0219cu\u0219 \u2013 foarte rapid de preparat &ndash; Zi de zi mai bine - SanoVita","isPartOf":{"@id":"https:\/\/beta.sanovita.ro\/blog\/#website"},"datePublished":"2021-08-19T10:44:51+00:00","dateModified":"2024-02-14T16:15:20+00:00","description":"Cu\u0219cu\u0219ul reu\u0219e\u0219te \u0219i \u00een ziua de azi s\u0103 ne cucereasc\u0103 prin gust, beneficii pentru s\u0103n\u0103tate \u0219i prin versatilitate.","inLanguage":"ro-RO","potentialAction":[{"@type":"ReadAction","target":["https:\/\/beta.sanovita.ro\/blog\/salata-cuscus-foarte-rapid-de-preparat\/"]}]},{"@type":"WebSite","@id":"https:\/\/beta.sanovita.ro\/blog\/#website","url":"https:\/\/beta.sanovita.ro\/blog\/","name":"Zi de zi mai bine","description":"Zi de zi mai bine!","publisher":{"@id":"https:\/\/beta.sanovita.ro\/blog\/#organization"},"potentialAction":[{"@type":"SearchAction","target":{"@type":"EntryPoint","urlTemplate":"https:\/\/beta.sanovita.ro\/blog\/?s={search_term_string}"},"query-input":"required name=search_term_string"}],"inLanguage":"ro-RO"},{"@type":"Organization","@id":"https:\/\/beta.sanovita.ro\/blog\/#organization","name":"Sano Vita","url":"https:\/\/beta.sanovita.ro\/blog\/","logo":{"@type":"ImageObject","inLanguage":"ro-RO","@id":"https:\/\/beta.sanovita.ro\/blog\/#\/schema\/logo\/image\/","url":"https:\/\/sanovita.ro\/blog\/wp-content\/uploads\/2021\/05\/sanovita-new.png","contentUrl":"https:\/\/sanovita.ro\/blog\/wp-content\/uploads\/2021\/05\/sanovita-new.png","width":546,"height":110,"caption":"Sano Vita"},"image":{"@id":"https:\/\/beta.sanovita.ro\/blog\/#\/schema\/logo\/image\/"},"sameAs":["https:\/\/www.instagram.com\/sano_vita","https:\/\/www.facebook.com\/SanoVita\/","https:\/\/twitter.com\/SanoVitaOficial"]},{"@type":"Person","@id":"https:\/\/beta.sanovita.ro\/blog\/#\/schema\/person\/88f72be00950bb01ebea04325b1897f8","name":"Daniela Dan","image":{"@type":"ImageObject","inLanguage":"ro-RO","@id":"https:\/\/beta.sanovita.ro\/blog\/#\/schema\/person\/image\/","url":"https:\/\/www.sanovita.ro\/blog\/wp-content\/uploads\/2021\/06\/Daniela-avatar-96x96.jpg","contentUrl":"https:\/\/www.sanovita.ro\/blog\/wp-content\/uploads\/2021\/06\/Daniela-avatar-96x96.jpg","caption":"Daniela Dan"},"description":"Pasiunea pentru buc\u0103t\u0103ria vegan\u0103 a \u00eenceput din dorin\u021ba de a-\u0219i hr\u0103ni s\u0103n\u0103tos familia. Treptat, dup\u0103 o serie de cursuri de formare \u0219i multe ore petrecute \u00een buc\u0103t\u0103rie, pasiunea a evoluat spre profesie. Chef Daniela iube\u0219te s\u0103 combine gusturi, culori, arome \u0219i texturi. Dac\u0103 ai dileme legat\u0103 de re\u021bete, gust, asocieri culinare, forme de prezentare, Daniela este omul potrivit c\u0103ruia s\u0103 \u00eei ceri o opinie. \u0218i garantat \u021bi-o va da abia dup\u0103 ce o va fi testat \u00een buc\u0103t\u0103ria proprie, unde zilnic se \u00eent\u00e2mpl\u0103 mult\u0103 magie.","url":"https:\/\/beta.sanovita.ro\/blog\/author\/daniela-dan\/"}]}},"jetpack_publicize_connections":[],"jetpack_featured_media_url":"https:\/\/beta.sanovita.ro\/blog\/wp-content\/uploads\/2021\/08\/DSC_0846-scaled.jpg","featured_image_src":"https:\/\/beta.sanovita.ro\/blog\/wp-content\/uploads\/2021\/08\/DSC_0846-734x486.jpg","jetpack_shortlink":"https:\/\/wp.me\/p8JCYA-526","jetpack_sharing_enabled":true,"_links":{"self":[{"href":"https:\/\/beta.sanovita.ro\/blog\/wp-json\/wp\/v2\/posts\/19350","targetHints":{"allow":["GET"]}}],"collection":[{"href":"https:\/\/beta.sanovita.ro\/blog\/wp-json\/wp\/v2\/posts"}],"about":[{"href":"https:\/\/beta.sanovita.ro\/blog\/wp-json\/wp\/v2\/types\/post"}],"author":[{"embeddable":true,"href":"https:\/\/beta.sanovita.ro\/blog\/wp-json\/wp\/v2\/users\/19"}],"replies":[{"embeddable":true,"href":"https:\/\/beta.sanovita.ro\/blog\/wp-json\/wp\/v2\/comments?post=19350"}],"version-history":[{"count":4,"href":"https:\/\/beta.sanovita.ro\/blog\/wp-json\/wp\/v2\/posts\/19350\/revisions"}],"predecessor-version":[{"id":20495,"href":"https:\/\/beta.sanovita.ro\/blog\/wp-json\/wp\/v2\/posts\/19350\/revisions\/20495"}],"wp:featuredmedia":[{"embeddable":true,"href":"https:\/\/beta.sanovita.ro\/blog\/wp-json\/wp\/v2\/media\/19353"}],"wp:attachment":[{"href":"https:\/\/beta.sanovita.ro\/blog\/wp-json\/wp\/v2\/media?parent=19350"}],"wp:term":[{"taxonomy":"category","embeddable":true,"href":"https:\/\/beta.sanovita.ro\/blog\/wp-json\/wp\/v2\/categories?post=19350"},{"taxonomy":"post_tag","embeddable":true,"href":"https:\/\/beta.sanovita.ro\/blog\/wp-json\/wp\/v2\/tags?post=19350"}],"curies":[{"name":"wp","href":"https:\/\/api.w.org\/{rel}","templated":true}]}}