{"id":19342,"date":"2021-08-19T13:30:50","date_gmt":"2021-08-19T10:30:50","guid":{"rendered":"https:\/\/www.sanovita.ro\/blog\/?p=19342"},"modified":"2024-02-14T18:52:25","modified_gmt":"2024-02-14T16:52:25","slug":"ardei-cu-sos-la-borcan","status":"publish","type":"post","link":"https:\/\/beta.sanovita.ro\/blog\/ardei-cu-sos-la-borcan\/","title":{"rendered":"Ardei cu sos la borcan"},"content":{"rendered":"<section class=\"wpb-content-wrapper\"><p>Avem cu to\u021bii o m\u00e2ncare special\u0103 care, dac\u0103 e f\u0103cut\u0103 de altcineva \u00een afar\u0103 de mama sau bunica, parc\u0103 nu e la fel de bun\u0103. Acesta este cazul re\u021betei de ardei cu sos primit\u0103 de la un prieten al familiei SanoVita, care sus\u021bine c\u0103 nici o re\u021bet\u0103 nu se compar\u0103 cu cea a mamei. Am reu\u0219it p\u00e2n\u0103 la urm\u0103 s\u0103 punem \u0219i noi m\u00e2na pe aceasta \u0219i am vrut s\u0103 o \u00eemp\u0103rt\u0103\u0219im \u0219i cu voi. Numai s\u0103 nu uita\u021bi, pe l\u00e2ng\u0103 ingredientele listate mai jos, un alt element extrem de important e s\u0103 face\u021bi re\u021beta cu dragoste!<\/p>\n<div class=\"td_text_columns_two_cols\">\n<p style=\"text-align: center;\"><span style=\"font-size: 10pt;\"><strong>TIMP DE PREPARARE \u00a0<\/strong><span style=\"color: #ff0000;\">o or\u0103<\/span><br \/>\n<\/span><\/p>\n<p style=\"text-align: center;\"><span style=\"font-size: 10pt;\"><strong>POR\u021aII\u00a0<\/strong><span style=\"color: #ff0000;\"> 18 \u2013 20 de borcane mici, de aproximativ 320g<\/span><\/span><\/p>\n<p style=\"text-align: center;\"><span style=\"font-size: 10pt;\"><strong>TIP RE\u021aET\u0102\u00a0 Garnituri<\/strong><\/span><\/p>\n<p style=\"text-align: center;\"><span style=\"font-size: 10pt;\"><strong>DIFICULTATE \u00a0<\/strong><span style=\"color: #ff0000;\"> Sc\u0103zut\u0103<\/span><br \/>\n<\/span><\/p>\n<p style=\"text-align: center;\"><span style=\"font-size: 10pt;\"><strong>PRINTEAZ\u0102 RE\u021aETA<\/strong> <\/span><\/p>\n<p style=\"text-align: center;\"><span style=\"font-size: 10pt;\"><span style=\"color: #000000;\"><div class=\"printfriendly pf-button  pf-aligncenter\">\n                    <a href=\"https:\/\/beta.sanovita.ro\/blog\/ardei-cu-sos-la-borcan\/?pfstyle=wp\" rel=\"nofollow\" onclick=\"\" title=\"Printer Friendly, PDF & Email\">\n                    <img decoding=\"async\" class=\"pf-button-img\" src=\"https:\/\/cdn.printfriendly.com\/buttons\/printfriendly-pdf-button.png\" alt=\"Print Friendly, PDF & Email\" style=\"width: 112px;height: 24px;\"  \/>\n                    <\/a>\n                <\/div><\/span><br \/>\n<\/span><\/p>\n<\/div>\n<hr \/>\n<h3 style=\"text-align: left;\"><i class=\"fa fa-shopping-basket \" ><\/i> Ingrediente:<\/h3>\n<ul>\n<li>5 kg de ardei gras cur\u0103\u021bat<\/li>\n<li>500 grame de ulei<\/li>\n<li>500 grame de zah\u0103r<\/li>\n<li>500 grame de o\u021bet<\/li>\n<li>Foi de dafin<\/li>\n<li>Boabe de piper<\/li>\n<li><a href=\"https:\/\/www.sanovita.ro\/seminte-de-mustar-150g-115.html\">Boabe de mu\u0219tar<\/a><\/li>\n<li>800 grame de bulion<\/li>\n<li>Sare dup\u0103 gust (bulionul are deja sare)<\/li>\n<\/ul>\n<div class=\"blog-info\">\n<div class=\"description\">\n<div class=\"inner\">\n<div id=\"tdi_1\" class=\"tdc-row\"><div class=\"vc_row tdi_2  wpb_row td-pb-row\" >\n<style scoped>\n\n\/* custom css *\/\n.tdi_2,\r\n                .tdi_2 .tdc-columns{\r\n                    min-height: 0;\r\n                }.tdi_2,\r\n\t\t\t\t.tdi_2 .tdc-columns{\r\n\t\t\t\t    display: block;\r\n\t\t\t\t}.tdi_2 .tdc-columns{\r\n\t\t\t\t    width: 100%;\r\n\t\t\t\t}\n<\/style><div class=\"vc_column tdi_4  wpb_column vc_column_container tdc-column td-pb-span12\">\n<style scoped>\n\n\/* custom css *\/\n.tdi_4{\r\n                    vertical-align: baseline;\r\n                }.tdi_4 > .wpb_wrapper,\r\n\t\t\t\t.tdi_4 > .wpb_wrapper > .tdc-elements{\r\n\t\t\t\t    display: block;\r\n\t\t\t\t}.tdi_4 > .wpb_wrapper > .tdc-elements{\r\n\t\t\t\t    width: 100%;\r\n\t\t\t\t}.tdi_4 > .wpb_wrapper > .vc_row_inner{\r\n\t\t\t\t    width: auto;\r\n\t\t\t\t}.tdi_4 > .wpb_wrapper{\r\n\t\t\t\t    width: auto;\r\n\t\t\t\t    height: auto;\r\n\t\t\t\t}\n<\/style><div class=\"wpb_wrapper\" >[vc_custom_heading text=&#8221;Vrei s\u0103 preg\u0103te\u0219ti re\u021beta? Cump\u0103r\u0103 produsul!&#8221; font_container=&#8221;tag:h2|text_align:center|color:%23dd3333&#8243; use_theme_fonts=&#8221;yes&#8221;]<\/div><\/div><\/div><\/div><div id=\"tdi_5\" class=\"tdc-row\"><div class=\"vc_row tdi_6  wpb_row td-pb-row\" >\n<style scoped>\n\n\/* custom css *\/\n.tdi_6,\r\n                .tdi_6 .tdc-columns{\r\n                    min-height: 0;\r\n                }.tdi_6,\r\n\t\t\t\t.tdi_6 .tdc-columns{\r\n\t\t\t\t    display: block;\r\n\t\t\t\t}.tdi_6 .tdc-columns{\r\n\t\t\t\t    width: 100%;\r\n\t\t\t\t}\n<\/style><div class=\"vc_column tdi_8  wpb_column vc_column_container tdc-column td-pb-span12\">\n<style scoped>\n\n\/* custom css *\/\n.tdi_8{\r\n                    vertical-align: baseline;\r\n                }.tdi_8 > .wpb_wrapper,\r\n\t\t\t\t.tdi_8 > .wpb_wrapper > .tdc-elements{\r\n\t\t\t\t    display: block;\r\n\t\t\t\t}.tdi_8 > .wpb_wrapper > .tdc-elements{\r\n\t\t\t\t    width: 100%;\r\n\t\t\t\t}.tdi_8 > .wpb_wrapper > .vc_row_inner{\r\n\t\t\t\t    width: auto;\r\n\t\t\t\t}.tdi_8 > .wpb_wrapper{\r\n\t\t\t\t    width: auto;\r\n\t\t\t\t    height: auto;\r\n\t\t\t\t}\n<\/style><div class=\"wpb_wrapper\" >[vc_cta h2=&#8221;&#8221; h4=&#8221;Boabe de mu\u0219tar&#8221; txt_align=&#8221;center&#8221; color=&#8221;green&#8221; add_button=&#8221;bottom&#8221; btn_title=&#8221;Vezi detalii produs&#8221; btn_style=&#8221;classic&#8221; btn_color=&#8221;danger&#8221; btn_size=&#8221;sm&#8221; btn_align=&#8221;center&#8221; btn_link=&#8221;url:https%3A%2F%2Fwww.sanovita.ro%2Fseminte-de-mustar-150g-115.html%3Futm_medium%3Dblog%26utm_source%3Dretetablog-ardei-cu-sos-la-borcan||target:%20_blank|rel:nofollow&#8221;]<\/p>\n<p><img loading=\"lazy\" decoding=\"async\" class=\" wp-image-19344 aligncenter\" src=\"https:\/\/www.sanovita.ro\/blog\/wp-content\/uploads\/2021\/08\/seminte-de-mustar-150g-309x400.jpg\" alt=\"\" width=\"209\" height=\"271\" srcset=\"https:\/\/beta.sanovita.ro\/blog\/wp-content\/uploads\/2021\/08\/seminte-de-mustar-150g-309x400.jpg 309w, https:\/\/beta.sanovita.ro\/blog\/wp-content\/uploads\/2021\/08\/seminte-de-mustar-150g-376x486.jpg 376w, https:\/\/beta.sanovita.ro\/blog\/wp-content\/uploads\/2021\/08\/seminte-de-mustar-150g-768x993.jpg 768w, https:\/\/beta.sanovita.ro\/blog\/wp-content\/uploads\/2021\/08\/seminte-de-mustar-150g-150x194.jpg 150w, https:\/\/beta.sanovita.ro\/blog\/wp-content\/uploads\/2021\/08\/seminte-de-mustar-150g-300x388.jpg 300w, https:\/\/beta.sanovita.ro\/blog\/wp-content\/uploads\/2021\/08\/seminte-de-mustar-150g-696x900.jpg 696w, https:\/\/beta.sanovita.ro\/blog\/wp-content\/uploads\/2021\/08\/seminte-de-mustar-150g-1068x1381.jpg 1068w, https:\/\/beta.sanovita.ro\/blog\/wp-content\/uploads\/2021\/08\/seminte-de-mustar-150g.jpg 1100w\" sizes=\"auto, (max-width: 209px) 100vw, 209px\" \/><\/p>\n<p>[\/vc_cta]<\/div><\/div><\/div><\/div><div id=\"tdi_9\" class=\"tdc-row\"><div class=\"vc_row tdi_10  wpb_row td-pb-row\" >\n<style scoped>\n\n\/* custom css *\/\n.tdi_10,\r\n                .tdi_10 .tdc-columns{\r\n                    min-height: 0;\r\n                }.tdi_10,\r\n\t\t\t\t.tdi_10 .tdc-columns{\r\n\t\t\t\t    display: block;\r\n\t\t\t\t}.tdi_10 .tdc-columns{\r\n\t\t\t\t    width: 100%;\r\n\t\t\t\t}\n<\/style><\/div><\/div><div class=\"vc_column tdi_12  wpb_column vc_column_container tdc-column td-pb-span12\">\n<style scoped>\n\n\/* custom css *\/\n.tdi_12{\r\n                    vertical-align: baseline;\r\n                }.tdi_12 > .wpb_wrapper,\r\n\t\t\t\t.tdi_12 > .wpb_wrapper > .tdc-elements{\r\n\t\t\t\t    display: block;\r\n\t\t\t\t}.tdi_12 > .wpb_wrapper > .tdc-elements{\r\n\t\t\t\t    width: 100%;\r\n\t\t\t\t}.tdi_12 > .wpb_wrapper > .vc_row_inner{\r\n\t\t\t\t    width: auto;\r\n\t\t\t\t}.tdi_12 > .wpb_wrapper{\r\n\t\t\t\t    width: auto;\r\n\t\t\t\t    height: auto;\r\n\t\t\t\t}\n<\/style><div class=\"wpb_wrapper\" ><\/div><\/div>[vc_column_text]<\/p>\n<h3 style=\"text-align: left;\"><i class=\"fa fa-cutlery \" ><\/i>\u00a0 Mod de preparare:<\/h3>\n<ul>\n<li>\u00cencepi prin a cur\u0103\u021ba u\u0219or cele cinci kilograme de ardei. Dup\u0103 ce ai terminat cu asta, iei frumos fiecare ardei cur\u0103\u021bat \u0219i \u00eel tai felii (sau solzi).<\/li>\n<li>\u00centr-un ceaun pui toate ingredientele, mai pu\u021bin ardeiul (\u00eel ad\u0103ug\u0103m mai t\u00e2rziu). Cum am spus \u0219i mai devreme, sare adaugi dup\u0103 gust, \u00eens\u0103 \u00een aceast\u0103 etap\u0103 \u00ee\u021bi recomand\u0103m s\u0103 pui cam dou\u0103 linguri.<\/li>\n<li>Amesteci ingredientele \u0219i le dai \u00een fiert p\u00e2n\u0103 acestea devin ca o past\u0103\/sos. Aceast\u0103 etap\u0103 ar trebui s\u0103 dureze aproximativ 10 minute. Dup\u0103 ce s-a format sosul, po\u021bi ad\u0103uga treptat ardeiul. Dup\u0103 ce l-ai pus pe tot, \u00eel amesteci u\u0219or \u0219i cu grij\u0103, s\u0103 nu se rup\u0103.<\/li>\n<li>Cantitatea de sos din ceaun ar trebui s\u0103 fie suficient\u0103 c\u00e2t s\u0103 acopere ardeiul.<\/li>\n<li>Dup\u0103 ce observi c\u0103 ardeiul s-a \u00eenmuiat, po\u021bi lua ceaunul de pe foc. \u00cen caz c\u0103 nu \u021bi se pare suficient de s\u0103rat\u0103 compozi\u021bia, mai po\u021bi ad\u0103uga sare, dar asta \u00eenainte s\u0103 iei ceaunul de pe foc.<\/li>\n<li>C\u00e2t timp \u00eenc\u0103 mai este fierbinte, pune compozi\u021bia \u00een borcanele care au fost deja sp\u0103late \u0219i \u00eenc\u0103lzite.<\/li>\n<li>Un vechi sfat transmis de la o genera\u021bie la alta: dup\u0103 ce a\u021bi terminat de pus compozi\u021bia \u00een borcane, \u00eenveli\u021bi toate borcanele \u00eentr-o p\u0103tur\u0103, pentru a se r\u0103ci mai lent. A\u0219a ne asigur\u0103m c\u0103 vor \u021bine at\u00e2t borcanele, c\u00e2t \u0219i compozi\u021bia din ele.<\/li>\n<li>Dup\u0103 ce s-au r\u0103cit, po\u021bi pune borcanele \u00een dulap, c\u0103mar\u0103 sau oriunde pui de obicei alimentele.<\/li>\n<li style=\"list-style-type: none;\"><\/li>\n<\/ul>\n<\/div>\n<\/div>\n<\/div>\n<h3 style=\"text-align: left;\"><i class=\"fa fa-lightbulb-o \" ><\/i>\u00a0 \u0218tiai c\u0103?<\/h3>\n<ul>\n<li>Ardeiul gras con\u021bine pu\u021bine calorii \u0219i este bogat \u00een vitamina A \u0219i antioxidan\u021bi. Aceste elemente ne sus\u021bin sistemul imunitar \u0219i ajut\u0103 corpul \u00een lupta contra radicalilor liberi. Totodat\u0103, acesta sus\u021bine \u0219i s\u0103n\u0103tatea ochilor datorit\u0103 con\u021binutului de lutein\u0103 \u0219i zeaxantin\u0103.<\/li>\n<li>Este prezent \u00een buc\u0103t\u0103riile europene \u00eenc\u0103 din secolul al XV-lea \u0219i a fost inclus de medici \u00een re\u021betele diferitelor remedii.<\/li>\n<li>Fabricarea uleiului de floarea-soarelui dateaz\u0103 din secolul al XVIII \u2013 lea \u0219i este larg r\u0103sp\u00e2ndit \u00een Rusia \u0219i alte \u021b\u0103ri est-europene.<\/li>\n<\/ul>\n<p><em>Informa\u021bii nutri\u021bionale validate de Loredana L\u0103pu\u0219anschi, Dietetician Clinician, Telomera Clinic<\/em><\/p>\n<ul>\n<li style=\"list-style-type: none;\"><\/li>\n<\/ul>\n<\/section>","protected":false},"excerpt":{"rendered":"<p>Avem cu to\u021bii o m\u00e2ncare special\u0103 care, dac\u0103 e f\u0103cut\u0103 de altcineva \u00een afar\u0103 de mama sau bunica, parc\u0103 nu e la fel de bun\u0103. Acesta este cazul re\u021betei de ardei cu sos primit\u0103 de la un prieten al familiei SanoVita, care sus\u021bine c\u0103 nici o re\u021bet\u0103 nu se compar\u0103 cu cea a mamei. Am [&hellip;]<\/p>\n","protected":false},"author":12,"featured_media":19349,"comment_status":"open","ping_status":"open","sticky":false,"template":"","format":"standard","meta":{"jetpack_post_was_ever_published":false,"_jetpack_newsletter_access":"","_jetpack_dont_email_post_to_subs":false,"_jetpack_newsletter_tier_id":0,"_jetpack_memberships_contains_paywalled_content":false,"_jetpack_memberships_contains_paid_content":false,"footnotes":"","jetpack_publicize_message":"","jetpack_publicize_feature_enabled":true,"jetpack_social_post_already_shared":true,"jetpack_social_options":{"image_generator_settings":{"template":"highway","enabled":false},"version":2}},"categories":[51,1],"tags":[64,1045,783,716,1169,999],"class_list":{"0":"post-19342","1":"post","2":"type-post","3":"status-publish","4":"format-standard","5":"has-post-thumbnail","7":"category-garnituri","8":"category-retete","9":"tag-ardei","10":"tag-garnitura","11":"tag-reteta","12":"tag-sano-vita","13":"tag-sanovit","14":"tag-sos"},"yoast_head":"<!-- This site is optimized with the Yoast SEO plugin v19.14 - https:\/\/yoast.com\/wordpress\/plugins\/seo\/ -->\n<title>Ardei cu sos la borcan &ndash; Zi de zi mai bine - SanoVita<\/title>\n<meta name=\"description\" content=\"Avem cu to\u021bii o m\u00e2ncare special\u0103 care, dac\u0103 nu e f\u0103cut\u0103 de mama, parc\u0103 nu e la fel de bun\u0103. Acesta este cazul re\u021betei de ardei cu sos.\" \/>\n<meta name=\"robots\" content=\"index, follow, max-snippet:-1, max-image-preview:large, max-video-preview:-1\" \/>\n<link rel=\"canonical\" href=\"https:\/\/beta.sanovita.ro\/blog\/ardei-cu-sos-la-borcan\/\" \/>\n<meta property=\"og:locale\" content=\"ro_RO\" \/>\n<meta property=\"og:type\" content=\"article\" \/>\n<meta property=\"og:title\" content=\"Ardei cu sos la borcan &ndash; Zi de zi mai bine - SanoVita\" \/>\n<meta property=\"og:description\" content=\"Avem cu to\u021bii o m\u00e2ncare special\u0103 care, dac\u0103 nu e f\u0103cut\u0103 de mama, parc\u0103 nu e la fel de bun\u0103. Acesta este cazul re\u021betei de ardei cu sos.\" \/>\n<meta property=\"og:url\" content=\"https:\/\/beta.sanovita.ro\/blog\/ardei-cu-sos-la-borcan\/\" \/>\n<meta property=\"og:site_name\" content=\"Zi de zi mai bine - SanoVita\" \/>\n<meta property=\"article:publisher\" content=\"https:\/\/www.facebook.com\/SanoVita\/\" \/>\n<meta property=\"article:author\" content=\"https:\/\/www.facebook.com\/SanoVita\/\" \/>\n<meta property=\"article:published_time\" content=\"2021-08-19T10:30:50+00:00\" \/>\n<meta property=\"article:modified_time\" content=\"2024-02-14T16:52:25+00:00\" \/>\n<meta property=\"og:image\" content=\"https:\/\/beta.sanovita.ro\/blog\/wp-content\/uploads\/2021\/08\/DSC08638-729x486.png\" \/>\n\t<meta property=\"og:image:width\" content=\"729\" \/>\n\t<meta property=\"og:image:height\" content=\"486\" \/>\n\t<meta property=\"og:image:type\" content=\"image\/png\" \/>\n<meta name=\"author\" content=\"Expertul SanoVita\" \/>\n<meta name=\"twitter:card\" content=\"summary_large_image\" \/>\n<meta name=\"twitter:creator\" content=\"@https:\/\/twitter.com\/sanovitaoficial\" \/>\n<meta name=\"twitter:site\" content=\"@SanoVitaOficial\" \/>\n<meta name=\"twitter:label1\" content=\"Scris de\" \/>\n\t<meta name=\"twitter:data1\" content=\"Expertul SanoVita\" \/>\n\t<meta name=\"twitter:label2\" content=\"Timp estimat pentru citire\" \/>\n\t<meta name=\"twitter:data2\" content=\"3 minute\" \/>\n<script type=\"application\/ld+json\" class=\"yoast-schema-graph\">{\"@context\":\"https:\/\/schema.org\",\"@graph\":[{\"@type\":\"Article\",\"@id\":\"https:\/\/beta.sanovita.ro\/blog\/ardei-cu-sos-la-borcan\/#article\",\"isPartOf\":{\"@id\":\"https:\/\/beta.sanovita.ro\/blog\/ardei-cu-sos-la-borcan\/\"},\"author\":{\"name\":\"Expertul SanoVita\",\"@id\":\"https:\/\/beta.sanovita.ro\/blog\/#\/schema\/person\/9f87f9806cd9a47de966c1dce4829b60\"},\"headline\":\"Ardei cu sos la borcan\",\"datePublished\":\"2021-08-19T10:30:50+00:00\",\"dateModified\":\"2024-02-14T16:52:25+00:00\",\"mainEntityOfPage\":{\"@id\":\"https:\/\/beta.sanovita.ro\/blog\/ardei-cu-sos-la-borcan\/\"},\"wordCount\":682,\"commentCount\":0,\"publisher\":{\"@id\":\"https:\/\/beta.sanovita.ro\/blog\/#organization\"},\"keywords\":[\"ardei\",\"garnitura\",\"reteta\",\"sano vita\",\"sanovit\",\"sos\"],\"articleSection\":[\"Garnituri s\u0103n\u0103toase\",\"Re\u021bete\"],\"inLanguage\":\"ro-RO\",\"potentialAction\":[{\"@type\":\"CommentAction\",\"name\":\"Comment\",\"target\":[\"https:\/\/beta.sanovita.ro\/blog\/ardei-cu-sos-la-borcan\/#respond\"]}]},{\"@type\":\"WebPage\",\"@id\":\"https:\/\/beta.sanovita.ro\/blog\/ardei-cu-sos-la-borcan\/\",\"url\":\"https:\/\/beta.sanovita.ro\/blog\/ardei-cu-sos-la-borcan\/\",\"name\":\"Ardei cu sos la borcan &ndash; Zi de zi mai bine - SanoVita\",\"isPartOf\":{\"@id\":\"https:\/\/beta.sanovita.ro\/blog\/#website\"},\"datePublished\":\"2021-08-19T10:30:50+00:00\",\"dateModified\":\"2024-02-14T16:52:25+00:00\",\"description\":\"Avem cu to\u021bii o m\u00e2ncare special\u0103 care, dac\u0103 nu e f\u0103cut\u0103 de mama, parc\u0103 nu e la fel de bun\u0103. Acesta este cazul re\u021betei de ardei cu sos.\",\"inLanguage\":\"ro-RO\",\"potentialAction\":[{\"@type\":\"ReadAction\",\"target\":[\"https:\/\/beta.sanovita.ro\/blog\/ardei-cu-sos-la-borcan\/\"]}]},{\"@type\":\"WebSite\",\"@id\":\"https:\/\/beta.sanovita.ro\/blog\/#website\",\"url\":\"https:\/\/beta.sanovita.ro\/blog\/\",\"name\":\"Zi de zi mai bine\",\"description\":\"Zi de zi mai bine!\",\"publisher\":{\"@id\":\"https:\/\/beta.sanovita.ro\/blog\/#organization\"},\"potentialAction\":[{\"@type\":\"SearchAction\",\"target\":{\"@type\":\"EntryPoint\",\"urlTemplate\":\"https:\/\/beta.sanovita.ro\/blog\/?s={search_term_string}\"},\"query-input\":\"required name=search_term_string\"}],\"inLanguage\":\"ro-RO\"},{\"@type\":\"Organization\",\"@id\":\"https:\/\/beta.sanovita.ro\/blog\/#organization\",\"name\":\"Sano Vita\",\"url\":\"https:\/\/beta.sanovita.ro\/blog\/\",\"logo\":{\"@type\":\"ImageObject\",\"inLanguage\":\"ro-RO\",\"@id\":\"https:\/\/beta.sanovita.ro\/blog\/#\/schema\/logo\/image\/\",\"url\":\"https:\/\/sanovita.ro\/blog\/wp-content\/uploads\/2021\/05\/sanovita-new.png\",\"contentUrl\":\"https:\/\/sanovita.ro\/blog\/wp-content\/uploads\/2021\/05\/sanovita-new.png\",\"width\":546,\"height\":110,\"caption\":\"Sano Vita\"},\"image\":{\"@id\":\"https:\/\/beta.sanovita.ro\/blog\/#\/schema\/logo\/image\/\"},\"sameAs\":[\"https:\/\/www.instagram.com\/sano_vita\",\"https:\/\/www.facebook.com\/SanoVita\/\",\"https:\/\/twitter.com\/SanoVitaOficial\"]},{\"@type\":\"Person\",\"@id\":\"https:\/\/beta.sanovita.ro\/blog\/#\/schema\/person\/9f87f9806cd9a47de966c1dce4829b60\",\"name\":\"Expertul SanoVita\",\"image\":{\"@type\":\"ImageObject\",\"inLanguage\":\"ro-RO\",\"@id\":\"https:\/\/beta.sanovita.ro\/blog\/#\/schema\/person\/image\/\",\"url\":\"https:\/\/www.sanovita.ro\/blog\/wp-content\/uploads\/2021\/08\/expert-sano-2-96x96.png\",\"contentUrl\":\"https:\/\/www.sanovita.ro\/blog\/wp-content\/uploads\/2021\/08\/expert-sano-2-96x96.png\",\"caption\":\"Expertul SanoVita\"},\"description\":\"Viziunea SanoVita este c\u0103, promov\u00e2nd hrana s\u0103n\u0103toas\u0103, nu doar vom asista la o \u00eembun\u0103t\u0103\u021bire a s\u0103n\u0103t\u0103\u021bii rom\u00e2nilor, ci, mai mult de at\u00e2t, vom fi unul dintre factorii care particip\u0103 activ la schimbarea \u00een bine. Ne dorim s\u0103 contribuim la o lume mai bun\u0103, mai con\u0219tient\u0103 de ceea ce m\u0103n\u00e2nc\u0103, de oportunit\u0103\u021bile care exist\u0103 \u00een c\u0103mara fiec\u0103ruia \u0219i s\u0103 d\u0103m idei pentru o alimenta\u021bie s\u0103n\u0103toas\u0103 \u0219i, \u00een acela\u0219i timp, gustoas\u0103.\",\"sameAs\":[\"https:\/\/www.sanovita.ro\/\",\"https:\/\/www.facebook.com\/SanoVita\/\",\"https:\/\/www.instagram.com\/sano_vita\/\",\"https:\/\/twitter.com\/https:\/\/twitter.com\/sanovitaoficial\",\"https:\/\/www.youtube.com\/channel\/UCBKoqOSEJxjRCSiZcoi_1NA\"],\"url\":\"https:\/\/beta.sanovita.ro\/blog\/author\/expertul-sanovita\/\"}]}<\/script>\n<!-- \/ Yoast SEO plugin. -->","yoast_head_json":{"title":"Ardei cu sos la borcan &ndash; Zi de zi mai bine - SanoVita","description":"Avem cu to\u021bii o m\u00e2ncare special\u0103 care, dac\u0103 nu e f\u0103cut\u0103 de mama, parc\u0103 nu e la fel de bun\u0103. Acesta este cazul re\u021betei de ardei cu sos.","robots":{"index":"index","follow":"follow","max-snippet":"max-snippet:-1","max-image-preview":"max-image-preview:large","max-video-preview":"max-video-preview:-1"},"canonical":"https:\/\/beta.sanovita.ro\/blog\/ardei-cu-sos-la-borcan\/","og_locale":"ro_RO","og_type":"article","og_title":"Ardei cu sos la borcan &ndash; Zi de zi mai bine - SanoVita","og_description":"Avem cu to\u021bii o m\u00e2ncare special\u0103 care, dac\u0103 nu e f\u0103cut\u0103 de mama, parc\u0103 nu e la fel de bun\u0103. Acesta este cazul re\u021betei de ardei cu sos.","og_url":"https:\/\/beta.sanovita.ro\/blog\/ardei-cu-sos-la-borcan\/","og_site_name":"Zi de zi mai bine - SanoVita","article_publisher":"https:\/\/www.facebook.com\/SanoVita\/","article_author":"https:\/\/www.facebook.com\/SanoVita\/","article_published_time":"2021-08-19T10:30:50+00:00","article_modified_time":"2024-02-14T16:52:25+00:00","og_image":[{"width":729,"height":486,"url":"https:\/\/beta.sanovita.ro\/blog\/wp-content\/uploads\/2021\/08\/DSC08638-729x486.png","type":"image\/png"}],"author":"Expertul SanoVita","twitter_card":"summary_large_image","twitter_creator":"@https:\/\/twitter.com\/sanovitaoficial","twitter_site":"@SanoVitaOficial","twitter_misc":{"Scris de":"Expertul SanoVita","Timp estimat pentru citire":"3 minute"},"schema":{"@context":"https:\/\/schema.org","@graph":[{"@type":"Article","@id":"https:\/\/beta.sanovita.ro\/blog\/ardei-cu-sos-la-borcan\/#article","isPartOf":{"@id":"https:\/\/beta.sanovita.ro\/blog\/ardei-cu-sos-la-borcan\/"},"author":{"name":"Expertul SanoVita","@id":"https:\/\/beta.sanovita.ro\/blog\/#\/schema\/person\/9f87f9806cd9a47de966c1dce4829b60"},"headline":"Ardei cu sos la borcan","datePublished":"2021-08-19T10:30:50+00:00","dateModified":"2024-02-14T16:52:25+00:00","mainEntityOfPage":{"@id":"https:\/\/beta.sanovita.ro\/blog\/ardei-cu-sos-la-borcan\/"},"wordCount":682,"commentCount":0,"publisher":{"@id":"https:\/\/beta.sanovita.ro\/blog\/#organization"},"keywords":["ardei","garnitura","reteta","sano vita","sanovit","sos"],"articleSection":["Garnituri s\u0103n\u0103toase","Re\u021bete"],"inLanguage":"ro-RO","potentialAction":[{"@type":"CommentAction","name":"Comment","target":["https:\/\/beta.sanovita.ro\/blog\/ardei-cu-sos-la-borcan\/#respond"]}]},{"@type":"WebPage","@id":"https:\/\/beta.sanovita.ro\/blog\/ardei-cu-sos-la-borcan\/","url":"https:\/\/beta.sanovita.ro\/blog\/ardei-cu-sos-la-borcan\/","name":"Ardei cu sos la borcan &ndash; Zi de zi mai bine - SanoVita","isPartOf":{"@id":"https:\/\/beta.sanovita.ro\/blog\/#website"},"datePublished":"2021-08-19T10:30:50+00:00","dateModified":"2024-02-14T16:52:25+00:00","description":"Avem cu to\u021bii o m\u00e2ncare special\u0103 care, dac\u0103 nu e f\u0103cut\u0103 de mama, parc\u0103 nu e la fel de bun\u0103. Acesta este cazul re\u021betei de ardei cu sos.","inLanguage":"ro-RO","potentialAction":[{"@type":"ReadAction","target":["https:\/\/beta.sanovita.ro\/blog\/ardei-cu-sos-la-borcan\/"]}]},{"@type":"WebSite","@id":"https:\/\/beta.sanovita.ro\/blog\/#website","url":"https:\/\/beta.sanovita.ro\/blog\/","name":"Zi de zi mai bine","description":"Zi de zi mai bine!","publisher":{"@id":"https:\/\/beta.sanovita.ro\/blog\/#organization"},"potentialAction":[{"@type":"SearchAction","target":{"@type":"EntryPoint","urlTemplate":"https:\/\/beta.sanovita.ro\/blog\/?s={search_term_string}"},"query-input":"required name=search_term_string"}],"inLanguage":"ro-RO"},{"@type":"Organization","@id":"https:\/\/beta.sanovita.ro\/blog\/#organization","name":"Sano Vita","url":"https:\/\/beta.sanovita.ro\/blog\/","logo":{"@type":"ImageObject","inLanguage":"ro-RO","@id":"https:\/\/beta.sanovita.ro\/blog\/#\/schema\/logo\/image\/","url":"https:\/\/sanovita.ro\/blog\/wp-content\/uploads\/2021\/05\/sanovita-new.png","contentUrl":"https:\/\/sanovita.ro\/blog\/wp-content\/uploads\/2021\/05\/sanovita-new.png","width":546,"height":110,"caption":"Sano Vita"},"image":{"@id":"https:\/\/beta.sanovita.ro\/blog\/#\/schema\/logo\/image\/"},"sameAs":["https:\/\/www.instagram.com\/sano_vita","https:\/\/www.facebook.com\/SanoVita\/","https:\/\/twitter.com\/SanoVitaOficial"]},{"@type":"Person","@id":"https:\/\/beta.sanovita.ro\/blog\/#\/schema\/person\/9f87f9806cd9a47de966c1dce4829b60","name":"Expertul SanoVita","image":{"@type":"ImageObject","inLanguage":"ro-RO","@id":"https:\/\/beta.sanovita.ro\/blog\/#\/schema\/person\/image\/","url":"https:\/\/www.sanovita.ro\/blog\/wp-content\/uploads\/2021\/08\/expert-sano-2-96x96.png","contentUrl":"https:\/\/www.sanovita.ro\/blog\/wp-content\/uploads\/2021\/08\/expert-sano-2-96x96.png","caption":"Expertul SanoVita"},"description":"Viziunea SanoVita este c\u0103, promov\u00e2nd hrana s\u0103n\u0103toas\u0103, nu doar vom asista la o \u00eembun\u0103t\u0103\u021bire a s\u0103n\u0103t\u0103\u021bii rom\u00e2nilor, ci, mai mult de at\u00e2t, vom fi unul dintre factorii care particip\u0103 activ la schimbarea \u00een bine. Ne dorim s\u0103 contribuim la o lume mai bun\u0103, mai con\u0219tient\u0103 de ceea ce m\u0103n\u00e2nc\u0103, de oportunit\u0103\u021bile care exist\u0103 \u00een c\u0103mara fiec\u0103ruia \u0219i s\u0103 d\u0103m idei pentru o alimenta\u021bie s\u0103n\u0103toas\u0103 \u0219i, \u00een acela\u0219i timp, gustoas\u0103.","sameAs":["https:\/\/www.sanovita.ro\/","https:\/\/www.facebook.com\/SanoVita\/","https:\/\/www.instagram.com\/sano_vita\/","https:\/\/twitter.com\/https:\/\/twitter.com\/sanovitaoficial","https:\/\/www.youtube.com\/channel\/UCBKoqOSEJxjRCSiZcoi_1NA"],"url":"https:\/\/beta.sanovita.ro\/blog\/author\/expertul-sanovita\/"}]}},"jetpack_publicize_connections":[],"jetpack_featured_media_url":"https:\/\/beta.sanovita.ro\/blog\/wp-content\/uploads\/2021\/08\/DSC08638.png","featured_image_src":"https:\/\/beta.sanovita.ro\/blog\/wp-content\/uploads\/2021\/08\/DSC08638-729x486.png","jetpack_shortlink":"https:\/\/wp.me\/p8JCYA-51Y","jetpack_sharing_enabled":true,"_links":{"self":[{"href":"https:\/\/beta.sanovita.ro\/blog\/wp-json\/wp\/v2\/posts\/19342","targetHints":{"allow":["GET"]}}],"collection":[{"href":"https:\/\/beta.sanovita.ro\/blog\/wp-json\/wp\/v2\/posts"}],"about":[{"href":"https:\/\/beta.sanovita.ro\/blog\/wp-json\/wp\/v2\/types\/post"}],"author":[{"embeddable":true,"href":"https:\/\/beta.sanovita.ro\/blog\/wp-json\/wp\/v2\/users\/12"}],"replies":[{"embeddable":true,"href":"https:\/\/beta.sanovita.ro\/blog\/wp-json\/wp\/v2\/comments?post=19342"}],"version-history":[{"count":1,"href":"https:\/\/beta.sanovita.ro\/blog\/wp-json\/wp\/v2\/posts\/19342\/revisions"}],"predecessor-version":[{"id":19346,"href":"https:\/\/beta.sanovita.ro\/blog\/wp-json\/wp\/v2\/posts\/19342\/revisions\/19346"}],"wp:featuredmedia":[{"embeddable":true,"href":"https:\/\/beta.sanovita.ro\/blog\/wp-json\/wp\/v2\/media\/19349"}],"wp:attachment":[{"href":"https:\/\/beta.sanovita.ro\/blog\/wp-json\/wp\/v2\/media?parent=19342"}],"wp:term":[{"taxonomy":"category","embeddable":true,"href":"https:\/\/beta.sanovita.ro\/blog\/wp-json\/wp\/v2\/categories?post=19342"},{"taxonomy":"post_tag","embeddable":true,"href":"https:\/\/beta.sanovita.ro\/blog\/wp-json\/wp\/v2\/tags?post=19342"}],"curies":[{"name":"wp","href":"https:\/\/api.w.org\/{rel}","templated":true}]}}