{"id":18384,"date":"2021-05-22T11:03:37","date_gmt":"2021-05-22T08:03:37","guid":{"rendered":"https:\/\/www.sanovita.ro\/blog\/?p=18384"},"modified":"2024-11-11T17:09:09","modified_gmt":"2024-11-11T15:09:09","slug":"crema-de-branza-vegana-din-mei","status":"publish","type":"post","link":"https:\/\/beta.sanovita.ro\/blog\/crema-de-branza-vegana-din-mei\/","title":{"rendered":"CREM\u0102 de BR\u00c2NZ\u0102 VEGAN\u0102 din MEI"},"content":{"rendered":"<section class=\"wpb-content-wrapper\"><p>&nbsp;<\/p>\n<p>Poate c\u0103 <a href=\"https:\/\/www.sanovita.ro\/seminte-de-mei-decorticat-1kg-41.html\">meiul<\/a> nu este primul lucru pe care \u00eel asociem cu crema de br\u00e2nz\u0103 vegan\u0103 \u00een general, dar cu siguran\u021b\u0103 ar putea fi. Re\u021beta de crem\u0103 de br\u00e2nz\u0103 vegan\u0103 din mei aduce toate propriet\u0103\u021bile acestei cereale \u00eentr-o crem\u0103 pufoas\u0103 \u0219i fin\u0103 de care se poate bucura toat\u0103 familia. Este gustoas\u0103, foarte u\u0219or de f\u0103cut \u0219i pute\u021bi s\u0103 o folosi\u021bi ca atare sau ca ingredient \u00een diverse pr\u0103jituri.<\/p>\n<div class=\"td_text_columns_two_cols\">\n<p style=\"text-align: center;\"><span style=\"font-size: 10pt;\"><strong>TIMP DE PREPARARE \u00a0<\/strong><span style=\"color: #ff0000;\"> 25 minute<\/span><br \/>\n<\/span><\/p>\n<p style=\"text-align: center;\"><span style=\"font-size: 10pt;\"><strong>POR\u021aII\u00a0<\/strong><span style=\"color: #ff0000;\"> 800g<\/span><\/span><\/p>\n<p style=\"text-align: center;\"><span style=\"font-size: 10pt;\"><strong>TIP RE\u021aET\u0102\u00a0 Aperitiv<\/strong><\/span><\/p>\n<p style=\"text-align: center;\"><span style=\"font-size: 10pt;\"><strong>DIFICULTATE \u00a0<\/strong><span style=\"color: #ff0000;\"> Sc\u0103zut\u0103<\/span><br \/>\n<\/span><\/p>\n<p style=\"text-align: center;\"><span style=\"font-size: 10pt;\"><strong>PRINTEAZ\u0102 RE\u021aETA<\/strong> <\/span><\/p>\n<p style=\"text-align: center;\"><span style=\"font-size: 10pt;\"><span style=\"color: #000000;\"><div class=\"printfriendly pf-button  pf-aligncenter\">\n                    <a href=\"https:\/\/beta.sanovita.ro\/blog\/crema-de-branza-vegana-din-mei\/?pfstyle=wp\" rel=\"nofollow\" onclick=\"\" title=\"Printer Friendly, PDF & Email\">\n                    <img decoding=\"async\" class=\"pf-button-img\" src=\"https:\/\/cdn.printfriendly.com\/buttons\/printfriendly-pdf-button.png\" alt=\"Print Friendly, PDF & Email\" style=\"width: 112px;height: 24px;\"  \/>\n                    <\/a>\n                <\/div><\/span><br \/>\n<\/span><\/p>\n<\/div>\n<hr \/>\n<h3 style=\"text-align: left;\"><i class=\"fa fa-shopping-basket \" ><\/i> Ingrediente pentru g\u0103tit meiul:<\/h3>\n<ul>\n<li>\u00bd can\u0103 <a href=\"https:\/\/www.sanovita.ro\/seminte-de-mei-decorticat-1kg-41.html\">mei<\/a><\/li>\n<li>1 \u00bd can\u0103 ap\u0103<\/li>\n<\/ul>\n<h3 style=\"text-align: left;\"><i class=\"fa fa-cutlery \" ><\/i>\u00a0 Mod de preparare mei:<\/h3>\n<ul>\n<li>G\u0103ti\u021bi meiul, fierb\u00e2ndu-l la foc mic timp de 20-25 de minute. Cu c\u00e2t se g\u0103te\u0219te mai mult, cu at\u00e2t va fi mai moale \u0219i mai fin\u0103 crema de br\u00e2nz\u0103.<\/li>\n<li>Se las\u0103 la r\u0103cit.<\/li>\n<\/ul>\n<h3 style=\"text-align: left;\"><i class=\"fa fa-shopping-basket \" ><\/i> Ingrediente pentru crema de br\u00e2nz\u0103 din mei:<\/h3>\n<ul>\n<li>Meiul g\u0103tit (aproximativ 1 cea\u0219c\u0103 \u0219i jum\u0103tate)<\/li>\n<li>\u00bd can\u0103 ap\u0103<\/li>\n<li>2 \u00bd c\u0103ni <a href=\"https:\/\/www.sanovita.ro\/eco-lapte-de-soia-fara-zahar-1l-769.html\">lapte de soia<\/a><\/li>\n<li>1 linguri\u021b\u0103 usturoi pudr\u0103<\/li>\n<li>1 linguri\u021b\u0103 ceap\u0103 pudr\u0103<\/li>\n<li>\u00bc linguri\u021b\u0103 <a href=\"https:\/\/www.sanovita.ro\/sare-roz-de-himalaya-fina-500g-372.html\">sare<\/a><\/li>\n<li>\u00bc linguri\u021b\u0103 piper alb<\/li>\n<li>Sucul de la o jum\u0103tate de l\u0103m\u00e2ie<\/li>\n<li>1 lingur\u0103 <a href=\"https:\/\/www.sanovita.ro\/amidon-din-porumb-250g-248.html\">amidon de porumb<\/a><\/li>\n<li>4 linguri de <a href=\"https:\/\/www.sanovita.ro\/ulei-floarea-soarelui-presat-la-rece-500ml-1119.html\">ulei<\/a> (cu gust neutru)<\/li>\n<\/ul>\n<div class=\"blog-info\">\n<div class=\"description\">\n<div class=\"inner\">\n<div id=\"tdi_1\" class=\"tdc-row\"><div class=\"vc_row tdi_2  wpb_row td-pb-row\" >\n<style scoped>\n\n\/* custom css *\/\n.tdi_2,\r\n                .tdi_2 .tdc-columns{\r\n                    min-height: 0;\r\n                }.tdi_2,\r\n\t\t\t\t.tdi_2 .tdc-columns{\r\n\t\t\t\t    display: block;\r\n\t\t\t\t}.tdi_2 .tdc-columns{\r\n\t\t\t\t    width: 100%;\r\n\t\t\t\t}\n<\/style><div class=\"vc_column tdi_4  wpb_column vc_column_container tdc-column td-pb-span12\">\n<style scoped>\n\n\/* custom css *\/\n.tdi_4{\r\n                    vertical-align: baseline;\r\n                }.tdi_4 > .wpb_wrapper,\r\n\t\t\t\t.tdi_4 > .wpb_wrapper > .tdc-elements{\r\n\t\t\t\t    display: block;\r\n\t\t\t\t}.tdi_4 > .wpb_wrapper > .tdc-elements{\r\n\t\t\t\t    width: 100%;\r\n\t\t\t\t}.tdi_4 > .wpb_wrapper > .vc_row_inner{\r\n\t\t\t\t    width: auto;\r\n\t\t\t\t}.tdi_4 > .wpb_wrapper{\r\n\t\t\t\t    width: auto;\r\n\t\t\t\t    height: auto;\r\n\t\t\t\t}\n<\/style><div class=\"wpb_wrapper\" >[vc_custom_heading text=&#8221;Vrei s\u0103 preg\u0103te\u0219ti re\u021beta? Cump\u0103r\u0103 produsele!&#8221; font_container=&#8221;tag:h3|text_align:center|color:%23dd3333&#8243; use_theme_fonts=&#8221;yes&#8221;]<\/div><\/div><\/div><\/div><div id=\"tdi_5\" class=\"tdc-row\"><div class=\"vc_row tdi_6  wpb_row td-pb-row\" >\n<style scoped>\n\n\/* custom css *\/\n.tdi_6,\r\n                .tdi_6 .tdc-columns{\r\n                    min-height: 0;\r\n                }.tdi_6,\r\n\t\t\t\t.tdi_6 .tdc-columns{\r\n\t\t\t\t    display: block;\r\n\t\t\t\t}.tdi_6 .tdc-columns{\r\n\t\t\t\t    width: 100%;\r\n\t\t\t\t}\n<\/style><div class=\"vc_column tdi_8  wpb_column vc_column_container tdc-column td-pb-span6\">\n<style scoped>\n\n\/* custom css *\/\n.tdi_8{\r\n                    vertical-align: baseline;\r\n                }.tdi_8 > .wpb_wrapper,\r\n\t\t\t\t.tdi_8 > .wpb_wrapper > .tdc-elements{\r\n\t\t\t\t    display: block;\r\n\t\t\t\t}.tdi_8 > .wpb_wrapper > .tdc-elements{\r\n\t\t\t\t    width: 100%;\r\n\t\t\t\t}.tdi_8 > .wpb_wrapper > .vc_row_inner{\r\n\t\t\t\t    width: auto;\r\n\t\t\t\t}.tdi_8 > .wpb_wrapper{\r\n\t\t\t\t    width: auto;\r\n\t\t\t\t    height: auto;\r\n\t\t\t\t}\n<\/style><div class=\"wpb_wrapper\" >[vc_cta h2=&#8221;&#8221; h4=&#8221;Lapte de soia bio&#8221; txt_align=&#8221;center&#8221; color=&#8221;green&#8221; add_button=&#8221;bottom&#8221; btn_title=&#8221;Vezi detalii produs&#8221; btn_style=&#8221;classic&#8221; btn_color=&#8221;danger&#8221; btn_size=&#8221;sm&#8221; btn_align=&#8221;center&#8221; btn_link=&#8221;url:https%3A%2F%2Fwww.sanovita.ro%2soia-boabe-1-kg-cal-ii-148.html%3Futm_medium%3Dblog%26utm_source%3Dretetablog-<a href=\"https:\/\/www.sanovita.ro\/blog\/?p=18384&amp;preview=true\" target=\"wp-preview-18384\" rel=\"noopener noreferrer\"><span id=\"editable-post-name\">crema-de-branza-vegana-din-mei<\/span><\/a>|target:%20_blank|rel:nofollow&#8221;]<\/p>\n<p><img loading=\"lazy\" decoding=\"async\" class=\"aligncenter wp-image-16865\" src=\"https:\/\/www.sanovita.ro\/blog\/wp-content\/uploads\/2020\/07\/eco-lapte-de-soia-fara-zahar-1l-324x324.jpg\" alt=\"LAPTE DE SOIA BIO 1L\" width=\"180\" height=\"180\" srcset=\"https:\/\/beta.sanovita.ro\/blog\/wp-content\/uploads\/2020\/07\/eco-lapte-de-soia-fara-zahar-1l-324x324.jpg 324w, https:\/\/beta.sanovita.ro\/blog\/wp-content\/uploads\/2020\/07\/eco-lapte-de-soia-fara-zahar-1l-486x486.jpg 486w, https:\/\/beta.sanovita.ro\/blog\/wp-content\/uploads\/2020\/07\/eco-lapte-de-soia-fara-zahar-1l-200x200.jpg 200w, https:\/\/beta.sanovita.ro\/blog\/wp-content\/uploads\/2020\/07\/eco-lapte-de-soia-fara-zahar-1l-768x768.jpg 768w, https:\/\/beta.sanovita.ro\/blog\/wp-content\/uploads\/2020\/07\/eco-lapte-de-soia-fara-zahar-1l.jpg 800w\" sizes=\"auto, (max-width: 180px) 100vw, 180px\" \/><\/p>\n<p>[\/vc_cta]<\/div><\/div><div class=\"vc_column tdi_10  wpb_column vc_column_container tdc-column td-pb-span6\">\n<style scoped>\n\n\/* custom css *\/\n.tdi_10{\r\n                    vertical-align: baseline;\r\n                }.tdi_10 > .wpb_wrapper,\r\n\t\t\t\t.tdi_10 > .wpb_wrapper > .tdc-elements{\r\n\t\t\t\t    display: block;\r\n\t\t\t\t}.tdi_10 > .wpb_wrapper > .tdc-elements{\r\n\t\t\t\t    width: 100%;\r\n\t\t\t\t}.tdi_10 > .wpb_wrapper > .vc_row_inner{\r\n\t\t\t\t    width: auto;\r\n\t\t\t\t}.tdi_10 > .wpb_wrapper{\r\n\t\t\t\t    width: auto;\r\n\t\t\t\t    height: auto;\r\n\t\t\t\t}\n<\/style><div class=\"wpb_wrapper\" >[vc_cta h2=&#8221;&#8221; h4=&#8221;Amidon din porumb&#8221; txt_align=&#8221;center&#8221; color=&#8221;green&#8221; add_button=&#8221;bottom&#8221; btn_title=&#8221;Vezi detalii produs&#8221; btn_style=&#8221;classic&#8221; btn_color=&#8221;danger&#8221; btn_size=&#8221;sm&#8221; btn_align=&#8221;center&#8221; btn_link=&#8221;url:https%3A%2F%2Fwww.sanovita.ro%2Famidon-din-porumb-250g-248.html%3Futm_medium%3Dblog%26utm_source%3Dretetablog-<a href=\"https:\/\/www.sanovita.ro\/blog\/?p=18384&amp;preview=true\" target=\"wp-preview-18384\" rel=\"noopener noreferrer\"><span id=\"editable-post-name\">crema-de-branza-vegana-din-mei<\/span><\/a>|target:%20_blank|rel:nofollow&#8221;]<\/p>\n<p><img loading=\"lazy\" decoding=\"async\" class=\"wp-image-17398 aligncenter\" src=\"https:\/\/www.sanovita.ro\/blog\/wp-content\/uploads\/2020\/09\/amidon-din-porumb-250g-324x324.jpg\" alt=\"\" width=\"167\" height=\"167\" srcset=\"https:\/\/beta.sanovita.ro\/blog\/wp-content\/uploads\/2020\/09\/amidon-din-porumb-250g-324x324.jpg 324w, https:\/\/beta.sanovita.ro\/blog\/wp-content\/uploads\/2020\/09\/amidon-din-porumb-250g-200x200.jpg 200w, https:\/\/beta.sanovita.ro\/blog\/wp-content\/uploads\/2020\/09\/amidon-din-porumb-250g.jpg 458w\" sizes=\"auto, (max-width: 167px) 100vw, 167px\" \/><\/p>\n<p>[\/vc_cta]<\/div><\/div><\/div><\/div><div id=\"tdi_11\" class=\"tdc-row\"><div class=\"vc_row tdi_12  wpb_row td-pb-row\" >\n<style scoped>\n\n\/* custom css *\/\n.tdi_12,\r\n                .tdi_12 .tdc-columns{\r\n                    min-height: 0;\r\n                }.tdi_12,\r\n\t\t\t\t.tdi_12 .tdc-columns{\r\n\t\t\t\t    display: block;\r\n\t\t\t\t}.tdi_12 .tdc-columns{\r\n\t\t\t\t    width: 100%;\r\n\t\t\t\t}\n<\/style><\/div><\/div><div class=\"vc_column tdi_14  wpb_column vc_column_container tdc-column td-pb-span12\">\n<style scoped>\n\n\/* custom css *\/\n.tdi_14{\r\n                    vertical-align: baseline;\r\n                }.tdi_14 > .wpb_wrapper,\r\n\t\t\t\t.tdi_14 > .wpb_wrapper > .tdc-elements{\r\n\t\t\t\t    display: block;\r\n\t\t\t\t}.tdi_14 > .wpb_wrapper > .tdc-elements{\r\n\t\t\t\t    width: 100%;\r\n\t\t\t\t}.tdi_14 > .wpb_wrapper > .vc_row_inner{\r\n\t\t\t\t    width: auto;\r\n\t\t\t\t}.tdi_14 > .wpb_wrapper{\r\n\t\t\t\t    width: auto;\r\n\t\t\t\t    height: auto;\r\n\t\t\t\t}\n<\/style><div class=\"wpb_wrapper\" ><\/div><\/div>[vc_column_text]<\/p>\n<h3 style=\"text-align: left;\"><i class=\"fa fa-cutlery \" ><\/i>\u00a0 Mod de preparare:<\/h3>\n<ul>\n<li>Amesteca\u021bi toate ingredientele pentru crema de br\u00e2nz\u0103 de mei \u00eentr-un blender p\u00e2n\u0103 c\u00e2nd ob\u021bine\u021bi o past\u0103 cremoas\u0103 \u0219i neted\u0103<\/li>\n<li>Pune\u021bi toat\u0103 compozi\u021bia \u00eentr-o oal\u0103, pe aragaz, la foc mediu. Dup\u0103 ce compozi\u021bia d\u0103 \u00een clocot, o mai \u021bine\u021bi dou\u0103 minute, apoi o lua\u021bi de pe foc \u0219i o l\u0103sa\u021bi s\u0103 se r\u0103ceasc\u0103.<\/li>\n<li>Ad\u0103uga\u021bi mai mult\u0103 sau mai pu\u021bin\u0103 ap\u0103 \u0219i\/sau lapte vegan dac\u0103 dori\u021bi o crem\u0103 de consisten\u021b\u0103 mai groas\u0103 sau mai sub\u021bire.<\/li>\n<li>Re\u021bine\u021bi c\u0103 se va \u00eent\u0103ri odat\u0103 ce este refrigerat.<\/li>\n<li>Rezist\u0103 p\u00e2n\u0103 la 10 zile la frigider.<\/li>\n<li>Se consum\u0103 ca past\u0103 tartinabil\u0103 cu rondele, grisine, chipsuri, budinci etc.<\/li>\n<li>Dac\u0103 dori\u021bi, pute\u021bi s\u0103 folosi\u021bi \u00een deserturi (dar scoate\u021bi condimentele \u0219i pudrele) ad\u00e2ug\u00e2nd miere sau fructe.<\/li>\n<\/ul>\n<\/div>\n<\/div>\n<\/div>\n<h3 style=\"text-align: left;\"><i class=\"fa fa-lightbulb-o \" ><\/i>\u00a0 \u0218tiai c\u0103?<\/h3>\n<ul>\n<li>Meiul nu con\u021bine gluten, motiv pentru care poate fi consumat f\u0103r\u0103 grij\u0103 de persoanele cu intoleran\u021b\u0103 la gluten.<\/li>\n<li>Meiul con\u021bine substan\u021be nutritive care permit aparatului digestiv s\u0103 \u00ee\u0219i \u00eendeplineasc\u0103 func\u021biile \u00een condi\u021bii optime.<\/li>\n<li>De asemenea, meiul este o surs\u0103 excelent\u0103 de fier, complexul de vitamine B \u0219i fibre. Ofer\u0103 proteine, fibre, carbohidra\u021bi s\u0103\u021bio\u0219i \u0219i con\u021bine cantit\u0103\u021bi importante de siliciu, magneziu, potasiu \u0219i o cantitate moderat\u0103 de vitamina E.<\/li>\n<\/ul>\n<\/section>","protected":false},"excerpt":{"rendered":"<p>&nbsp; Poate c\u0103 meiul nu este primul lucru pe care \u00eel asociem cu crema de br\u00e2nz\u0103 vegan\u0103 \u00een general, dar cu siguran\u021b\u0103 ar putea fi. Re\u021beta de crem\u0103 de br\u00e2nz\u0103 vegan\u0103 din mei aduce toate propriet\u0103\u021bile acestei cereale \u00eentr-o crem\u0103 pufoas\u0103 \u0219i fin\u0103 de care se poate bucura toat\u0103 familia. Este gustoas\u0103, foarte u\u0219or de [&hellip;]<\/p>\n","protected":false},"author":19,"featured_media":18386,"comment_status":"open","ping_status":"open","sticky":false,"template":"","format":"standard","meta":{"jetpack_post_was_ever_published":false,"_jetpack_newsletter_access":"","_jetpack_dont_email_post_to_subs":false,"_jetpack_newsletter_tier_id":0,"_jetpack_memberships_contains_paywalled_content":false,"_jetpack_memberships_contains_paid_content":false,"footnotes":"","jetpack_publicize_message":"","jetpack_publicize_feature_enabled":true,"jetpack_social_post_already_shared":true,"jetpack_social_options":{"image_generator_settings":{"template":"highway","enabled":false},"version":2}},"categories":[10,1],"tags":[1259,1235,1366],"class_list":{"0":"post-18384","1":"post","2":"type-post","3":"status-publish","4":"format-standard","5":"has-post-thumbnail","7":"category-aperitive","8":"category-retete","9":"tag-aperitive-de-post","10":"tag-retete-de-post","11":"tag-retete-vegetariene"},"yoast_head":"<!-- This site is optimized with the Yoast SEO plugin v19.14 - https:\/\/yoast.com\/wordpress\/plugins\/seo\/ -->\n<title>CREM\u0102 de BR\u00c2NZ\u0102 VEGAN\u0102 din MEI &ndash; Zi de zi mai bine - SanoVita<\/title>\n<meta name=\"description\" content=\"Re\u021beta de crem\u0103 de br\u00e2nz\u0103 vegan\u0103 din mei aduce toate propriet\u0103\u021bile acestei cereale \u00eentr-o crem\u0103 pufoas\u0103 \u0219i fin\u0103 de care se poate bucura toat\u0103 familia.\" \/>\n<meta name=\"robots\" content=\"index, follow, max-snippet:-1, max-image-preview:large, max-video-preview:-1\" \/>\n<link rel=\"canonical\" href=\"https:\/\/beta.sanovita.ro\/blog\/crema-de-branza-vegana-din-mei\/\" \/>\n<meta property=\"og:locale\" content=\"ro_RO\" \/>\n<meta property=\"og:type\" content=\"article\" \/>\n<meta property=\"og:title\" content=\"CREM\u0102 de BR\u00c2NZ\u0102 VEGAN\u0102 din MEI &ndash; Zi de zi mai bine - SanoVita\" \/>\n<meta property=\"og:description\" content=\"Re\u021beta de crem\u0103 de br\u00e2nz\u0103 vegan\u0103 din mei aduce toate propriet\u0103\u021bile acestei cereale \u00eentr-o crem\u0103 pufoas\u0103 \u0219i fin\u0103 de care se poate bucura toat\u0103 familia.\" \/>\n<meta property=\"og:url\" content=\"https:\/\/beta.sanovita.ro\/blog\/crema-de-branza-vegana-din-mei\/\" \/>\n<meta property=\"og:site_name\" content=\"Zi de zi mai bine - SanoVita\" \/>\n<meta property=\"article:publisher\" content=\"https:\/\/www.facebook.com\/SanoVita\/\" \/>\n<meta property=\"article:published_time\" content=\"2021-05-22T08:03:37+00:00\" \/>\n<meta property=\"article:modified_time\" content=\"2024-11-11T15:09:09+00:00\" \/>\n<meta property=\"og:image\" content=\"https:\/\/beta.sanovita.ro\/blog\/wp-content\/uploads\/2021\/05\/DSC_0085-scaled.jpg\" \/>\n\t<meta property=\"og:image:width\" content=\"2560\" \/>\n\t<meta property=\"og:image:height\" content=\"1696\" \/>\n\t<meta property=\"og:image:type\" content=\"image\/jpeg\" \/>\n<meta name=\"author\" content=\"Daniela Dan\" \/>\n<meta name=\"twitter:card\" content=\"summary_large_image\" \/>\n<meta name=\"twitter:creator\" content=\"@SanoVitaOficial\" \/>\n<meta name=\"twitter:site\" content=\"@SanoVitaOficial\" \/>\n<meta name=\"twitter:label1\" content=\"Scris de\" \/>\n\t<meta name=\"twitter:data1\" content=\"Daniela Dan\" \/>\n\t<meta name=\"twitter:label2\" content=\"Timp estimat pentru citire\" \/>\n\t<meta name=\"twitter:data2\" content=\"3 minute\" \/>\n<script type=\"application\/ld+json\" class=\"yoast-schema-graph\">{\"@context\":\"https:\/\/schema.org\",\"@graph\":[{\"@type\":\"Article\",\"@id\":\"https:\/\/beta.sanovita.ro\/blog\/crema-de-branza-vegana-din-mei\/#article\",\"isPartOf\":{\"@id\":\"https:\/\/beta.sanovita.ro\/blog\/crema-de-branza-vegana-din-mei\/\"},\"author\":{\"name\":\"Daniela Dan\",\"@id\":\"https:\/\/beta.sanovita.ro\/blog\/#\/schema\/person\/88f72be00950bb01ebea04325b1897f8\"},\"headline\":\"CREM\u0102 de BR\u00c2NZ\u0102 VEGAN\u0102 din MEI\",\"datePublished\":\"2021-05-22T08:03:37+00:00\",\"dateModified\":\"2024-11-11T15:09:09+00:00\",\"mainEntityOfPage\":{\"@id\":\"https:\/\/beta.sanovita.ro\/blog\/crema-de-branza-vegana-din-mei\/\"},\"wordCount\":637,\"commentCount\":2,\"publisher\":{\"@id\":\"https:\/\/beta.sanovita.ro\/blog\/#organization\"},\"keywords\":[\"Aperitive de post\",\"Re\u021bete de post\",\"Re\u021bete vegetariene\"],\"articleSection\":[\"Aperitive \u0219i gust\u0103ri s\u0103n\u0103toase\",\"Re\u021bete\"],\"inLanguage\":\"ro-RO\",\"potentialAction\":[{\"@type\":\"CommentAction\",\"name\":\"Comment\",\"target\":[\"https:\/\/beta.sanovita.ro\/blog\/crema-de-branza-vegana-din-mei\/#respond\"]}]},{\"@type\":\"WebPage\",\"@id\":\"https:\/\/beta.sanovita.ro\/blog\/crema-de-branza-vegana-din-mei\/\",\"url\":\"https:\/\/beta.sanovita.ro\/blog\/crema-de-branza-vegana-din-mei\/\",\"name\":\"CREM\u0102 de BR\u00c2NZ\u0102 VEGAN\u0102 din MEI &ndash; Zi de zi mai bine - SanoVita\",\"isPartOf\":{\"@id\":\"https:\/\/beta.sanovita.ro\/blog\/#website\"},\"datePublished\":\"2021-05-22T08:03:37+00:00\",\"dateModified\":\"2024-11-11T15:09:09+00:00\",\"description\":\"Re\u021beta de crem\u0103 de br\u00e2nz\u0103 vegan\u0103 din mei aduce toate propriet\u0103\u021bile acestei cereale \u00eentr-o crem\u0103 pufoas\u0103 \u0219i fin\u0103 de care se poate bucura toat\u0103 familia.\",\"inLanguage\":\"ro-RO\",\"potentialAction\":[{\"@type\":\"ReadAction\",\"target\":[\"https:\/\/beta.sanovita.ro\/blog\/crema-de-branza-vegana-din-mei\/\"]}]},{\"@type\":\"WebSite\",\"@id\":\"https:\/\/beta.sanovita.ro\/blog\/#website\",\"url\":\"https:\/\/beta.sanovita.ro\/blog\/\",\"name\":\"Zi de zi mai bine\",\"description\":\"Zi de zi mai bine!\",\"publisher\":{\"@id\":\"https:\/\/beta.sanovita.ro\/blog\/#organization\"},\"potentialAction\":[{\"@type\":\"SearchAction\",\"target\":{\"@type\":\"EntryPoint\",\"urlTemplate\":\"https:\/\/beta.sanovita.ro\/blog\/?s={search_term_string}\"},\"query-input\":\"required name=search_term_string\"}],\"inLanguage\":\"ro-RO\"},{\"@type\":\"Organization\",\"@id\":\"https:\/\/beta.sanovita.ro\/blog\/#organization\",\"name\":\"Sano Vita\",\"url\":\"https:\/\/beta.sanovita.ro\/blog\/\",\"logo\":{\"@type\":\"ImageObject\",\"inLanguage\":\"ro-RO\",\"@id\":\"https:\/\/beta.sanovita.ro\/blog\/#\/schema\/logo\/image\/\",\"url\":\"https:\/\/sanovita.ro\/blog\/wp-content\/uploads\/2021\/05\/sanovita-new.png\",\"contentUrl\":\"https:\/\/sanovita.ro\/blog\/wp-content\/uploads\/2021\/05\/sanovita-new.png\",\"width\":546,\"height\":110,\"caption\":\"Sano Vita\"},\"image\":{\"@id\":\"https:\/\/beta.sanovita.ro\/blog\/#\/schema\/logo\/image\/\"},\"sameAs\":[\"https:\/\/www.instagram.com\/sano_vita\",\"https:\/\/www.facebook.com\/SanoVita\/\",\"https:\/\/twitter.com\/SanoVitaOficial\"]},{\"@type\":\"Person\",\"@id\":\"https:\/\/beta.sanovita.ro\/blog\/#\/schema\/person\/88f72be00950bb01ebea04325b1897f8\",\"name\":\"Daniela Dan\",\"image\":{\"@type\":\"ImageObject\",\"inLanguage\":\"ro-RO\",\"@id\":\"https:\/\/beta.sanovita.ro\/blog\/#\/schema\/person\/image\/\",\"url\":\"https:\/\/www.sanovita.ro\/blog\/wp-content\/uploads\/2021\/06\/Daniela-avatar-96x96.jpg\",\"contentUrl\":\"https:\/\/www.sanovita.ro\/blog\/wp-content\/uploads\/2021\/06\/Daniela-avatar-96x96.jpg\",\"caption\":\"Daniela Dan\"},\"description\":\"Pasiunea pentru buc\u0103t\u0103ria vegan\u0103 a \u00eenceput din dorin\u021ba de a-\u0219i hr\u0103ni s\u0103n\u0103tos familia. Treptat, dup\u0103 o serie de cursuri de formare \u0219i multe ore petrecute \u00een buc\u0103t\u0103rie, pasiunea a evoluat spre profesie. Chef Daniela iube\u0219te s\u0103 combine gusturi, culori, arome \u0219i texturi. Dac\u0103 ai dileme legat\u0103 de re\u021bete, gust, asocieri culinare, forme de prezentare, Daniela este omul potrivit c\u0103ruia s\u0103 \u00eei ceri o opinie. \u0218i garantat \u021bi-o va da abia dup\u0103 ce o va fi testat \u00een buc\u0103t\u0103ria proprie, unde zilnic se \u00eent\u00e2mpl\u0103 mult\u0103 magie.\",\"url\":\"https:\/\/beta.sanovita.ro\/blog\/author\/daniela-dan\/\"}]}<\/script>\n<!-- \/ Yoast SEO plugin. -->","yoast_head_json":{"title":"CREM\u0102 de BR\u00c2NZ\u0102 VEGAN\u0102 din MEI &ndash; Zi de zi mai bine - SanoVita","description":"Re\u021beta de crem\u0103 de br\u00e2nz\u0103 vegan\u0103 din mei aduce toate propriet\u0103\u021bile acestei cereale \u00eentr-o crem\u0103 pufoas\u0103 \u0219i fin\u0103 de care se poate bucura toat\u0103 familia.","robots":{"index":"index","follow":"follow","max-snippet":"max-snippet:-1","max-image-preview":"max-image-preview:large","max-video-preview":"max-video-preview:-1"},"canonical":"https:\/\/beta.sanovita.ro\/blog\/crema-de-branza-vegana-din-mei\/","og_locale":"ro_RO","og_type":"article","og_title":"CREM\u0102 de BR\u00c2NZ\u0102 VEGAN\u0102 din MEI &ndash; Zi de zi mai bine - SanoVita","og_description":"Re\u021beta de crem\u0103 de br\u00e2nz\u0103 vegan\u0103 din mei aduce toate propriet\u0103\u021bile acestei cereale \u00eentr-o crem\u0103 pufoas\u0103 \u0219i fin\u0103 de care se poate bucura toat\u0103 familia.","og_url":"https:\/\/beta.sanovita.ro\/blog\/crema-de-branza-vegana-din-mei\/","og_site_name":"Zi de zi mai bine - SanoVita","article_publisher":"https:\/\/www.facebook.com\/SanoVita\/","article_published_time":"2021-05-22T08:03:37+00:00","article_modified_time":"2024-11-11T15:09:09+00:00","og_image":[{"width":2560,"height":1696,"url":"https:\/\/beta.sanovita.ro\/blog\/wp-content\/uploads\/2021\/05\/DSC_0085-scaled.jpg","type":"image\/jpeg"}],"author":"Daniela Dan","twitter_card":"summary_large_image","twitter_creator":"@SanoVitaOficial","twitter_site":"@SanoVitaOficial","twitter_misc":{"Scris de":"Daniela Dan","Timp estimat pentru citire":"3 minute"},"schema":{"@context":"https:\/\/schema.org","@graph":[{"@type":"Article","@id":"https:\/\/beta.sanovita.ro\/blog\/crema-de-branza-vegana-din-mei\/#article","isPartOf":{"@id":"https:\/\/beta.sanovita.ro\/blog\/crema-de-branza-vegana-din-mei\/"},"author":{"name":"Daniela Dan","@id":"https:\/\/beta.sanovita.ro\/blog\/#\/schema\/person\/88f72be00950bb01ebea04325b1897f8"},"headline":"CREM\u0102 de BR\u00c2NZ\u0102 VEGAN\u0102 din MEI","datePublished":"2021-05-22T08:03:37+00:00","dateModified":"2024-11-11T15:09:09+00:00","mainEntityOfPage":{"@id":"https:\/\/beta.sanovita.ro\/blog\/crema-de-branza-vegana-din-mei\/"},"wordCount":637,"commentCount":2,"publisher":{"@id":"https:\/\/beta.sanovita.ro\/blog\/#organization"},"keywords":["Aperitive de post","Re\u021bete de post","Re\u021bete vegetariene"],"articleSection":["Aperitive \u0219i gust\u0103ri s\u0103n\u0103toase","Re\u021bete"],"inLanguage":"ro-RO","potentialAction":[{"@type":"CommentAction","name":"Comment","target":["https:\/\/beta.sanovita.ro\/blog\/crema-de-branza-vegana-din-mei\/#respond"]}]},{"@type":"WebPage","@id":"https:\/\/beta.sanovita.ro\/blog\/crema-de-branza-vegana-din-mei\/","url":"https:\/\/beta.sanovita.ro\/blog\/crema-de-branza-vegana-din-mei\/","name":"CREM\u0102 de BR\u00c2NZ\u0102 VEGAN\u0102 din MEI &ndash; Zi de zi mai bine - SanoVita","isPartOf":{"@id":"https:\/\/beta.sanovita.ro\/blog\/#website"},"datePublished":"2021-05-22T08:03:37+00:00","dateModified":"2024-11-11T15:09:09+00:00","description":"Re\u021beta de crem\u0103 de br\u00e2nz\u0103 vegan\u0103 din mei aduce toate propriet\u0103\u021bile acestei cereale \u00eentr-o crem\u0103 pufoas\u0103 \u0219i fin\u0103 de care se poate bucura toat\u0103 familia.","inLanguage":"ro-RO","potentialAction":[{"@type":"ReadAction","target":["https:\/\/beta.sanovita.ro\/blog\/crema-de-branza-vegana-din-mei\/"]}]},{"@type":"WebSite","@id":"https:\/\/beta.sanovita.ro\/blog\/#website","url":"https:\/\/beta.sanovita.ro\/blog\/","name":"Zi de zi mai bine","description":"Zi de zi mai bine!","publisher":{"@id":"https:\/\/beta.sanovita.ro\/blog\/#organization"},"potentialAction":[{"@type":"SearchAction","target":{"@type":"EntryPoint","urlTemplate":"https:\/\/beta.sanovita.ro\/blog\/?s={search_term_string}"},"query-input":"required name=search_term_string"}],"inLanguage":"ro-RO"},{"@type":"Organization","@id":"https:\/\/beta.sanovita.ro\/blog\/#organization","name":"Sano Vita","url":"https:\/\/beta.sanovita.ro\/blog\/","logo":{"@type":"ImageObject","inLanguage":"ro-RO","@id":"https:\/\/beta.sanovita.ro\/blog\/#\/schema\/logo\/image\/","url":"https:\/\/sanovita.ro\/blog\/wp-content\/uploads\/2021\/05\/sanovita-new.png","contentUrl":"https:\/\/sanovita.ro\/blog\/wp-content\/uploads\/2021\/05\/sanovita-new.png","width":546,"height":110,"caption":"Sano Vita"},"image":{"@id":"https:\/\/beta.sanovita.ro\/blog\/#\/schema\/logo\/image\/"},"sameAs":["https:\/\/www.instagram.com\/sano_vita","https:\/\/www.facebook.com\/SanoVita\/","https:\/\/twitter.com\/SanoVitaOficial"]},{"@type":"Person","@id":"https:\/\/beta.sanovita.ro\/blog\/#\/schema\/person\/88f72be00950bb01ebea04325b1897f8","name":"Daniela Dan","image":{"@type":"ImageObject","inLanguage":"ro-RO","@id":"https:\/\/beta.sanovita.ro\/blog\/#\/schema\/person\/image\/","url":"https:\/\/www.sanovita.ro\/blog\/wp-content\/uploads\/2021\/06\/Daniela-avatar-96x96.jpg","contentUrl":"https:\/\/www.sanovita.ro\/blog\/wp-content\/uploads\/2021\/06\/Daniela-avatar-96x96.jpg","caption":"Daniela Dan"},"description":"Pasiunea pentru buc\u0103t\u0103ria vegan\u0103 a \u00eenceput din dorin\u021ba de a-\u0219i hr\u0103ni s\u0103n\u0103tos familia. Treptat, dup\u0103 o serie de cursuri de formare \u0219i multe ore petrecute \u00een buc\u0103t\u0103rie, pasiunea a evoluat spre profesie. Chef Daniela iube\u0219te s\u0103 combine gusturi, culori, arome \u0219i texturi. Dac\u0103 ai dileme legat\u0103 de re\u021bete, gust, asocieri culinare, forme de prezentare, Daniela este omul potrivit c\u0103ruia s\u0103 \u00eei ceri o opinie. \u0218i garantat \u021bi-o va da abia dup\u0103 ce o va fi testat \u00een buc\u0103t\u0103ria proprie, unde zilnic se \u00eent\u00e2mpl\u0103 mult\u0103 magie.","url":"https:\/\/beta.sanovita.ro\/blog\/author\/daniela-dan\/"}]}},"jetpack_publicize_connections":[],"jetpack_featured_media_url":"https:\/\/beta.sanovita.ro\/blog\/wp-content\/uploads\/2021\/05\/DSC_0085-scaled.jpg","featured_image_src":"https:\/\/beta.sanovita.ro\/blog\/wp-content\/uploads\/2021\/05\/DSC_0085-734x486.jpg","jetpack_shortlink":"https:\/\/wp.me\/p8JCYA-4Mw","jetpack_sharing_enabled":true,"_links":{"self":[{"href":"https:\/\/beta.sanovita.ro\/blog\/wp-json\/wp\/v2\/posts\/18384","targetHints":{"allow":["GET"]}}],"collection":[{"href":"https:\/\/beta.sanovita.ro\/blog\/wp-json\/wp\/v2\/posts"}],"about":[{"href":"https:\/\/beta.sanovita.ro\/blog\/wp-json\/wp\/v2\/types\/post"}],"author":[{"embeddable":true,"href":"https:\/\/beta.sanovita.ro\/blog\/wp-json\/wp\/v2\/users\/19"}],"replies":[{"embeddable":true,"href":"https:\/\/beta.sanovita.ro\/blog\/wp-json\/wp\/v2\/comments?post=18384"}],"version-history":[{"count":5,"href":"https:\/\/beta.sanovita.ro\/blog\/wp-json\/wp\/v2\/posts\/18384\/revisions"}],"predecessor-version":[{"id":19721,"href":"https:\/\/beta.sanovita.ro\/blog\/wp-json\/wp\/v2\/posts\/18384\/revisions\/19721"}],"wp:featuredmedia":[{"embeddable":true,"href":"https:\/\/beta.sanovita.ro\/blog\/wp-json\/wp\/v2\/media\/18386"}],"wp:attachment":[{"href":"https:\/\/beta.sanovita.ro\/blog\/wp-json\/wp\/v2\/media?parent=18384"}],"wp:term":[{"taxonomy":"category","embeddable":true,"href":"https:\/\/beta.sanovita.ro\/blog\/wp-json\/wp\/v2\/categories?post=18384"},{"taxonomy":"post_tag","embeddable":true,"href":"https:\/\/beta.sanovita.ro\/blog\/wp-json\/wp\/v2\/tags?post=18384"}],"curies":[{"name":"wp","href":"https:\/\/api.w.org\/{rel}","templated":true}]}}