{"id":17963,"date":"2021-01-14T12:21:02","date_gmt":"2021-01-14T10:21:02","guid":{"rendered":"https:\/\/www.sanovita.ro\/blog\/?p=17963"},"modified":"2024-11-11T17:09:00","modified_gmt":"2024-11-11T15:09:00","slug":"sos-cremos-de-branza-vegetala","status":"publish","type":"post","link":"https:\/\/beta.sanovita.ro\/blog\/sos-cremos-de-branza-vegetala\/","title":{"rendered":"Sos cremos de \u201ebr\u00e2nz\u0103\u201d vegetal\u0103"},"content":{"rendered":"<section class=\"wpb-content-wrapper\"><p>&nbsp;<\/p>\n<p>\u0218ti\u021bi acel moment \u00een care sim\u021bi c\u0103 ceva \u00eei lipse\u0219te m\u00e2nc\u0103rii tale \u0219i nu \u0219tii ce? Dac\u0103 r\u0103spunsul este da, atunci po\u021bi \u00eencerca re\u021beta noastr\u0103 de sos de \u201ebr\u00e2nz\u0103\u201d.\u00a0 Acest sos este perfect pentru persoanele care au intoleran\u021b\u0103 la lactoz\u0103 sau pentru cele care au adoptat dieta vegan\u0103 sau vegetarian\u0103 \u2013 \u0219i, desigur, poate fi folosit de oricine respect\u0103 perioadele de post. Pe l\u00e2ng\u0103 acest aspect, mai este \u0219i foarte versatil. \u00cel po\u021bi folosi cu legume, lasagna, paste, taco, nachos, chiar \u0219i pe pizza. Tot ce trebuie s\u0103 faci e s\u0103 \u00ee\u021bi dai fr\u00e2u liber imagina\u021biei \u0219i s\u0103 explorezi \u00een buc\u0103t\u0103rie!<\/p>\n<div class=\"td_text_columns_two_cols\">\n<p style=\"text-align: center;\"><span style=\"font-size: 10pt;\"><strong>TIMP DE PREPARARE \u00a0<\/strong><span style=\"color: #ff0000;\"> 30 minute\u00a0<\/span><br \/>\n<\/span><\/p>\n<p style=\"text-align: center;\"><span style=\"font-size: 10pt;\"><strong>POR\u021aII\u00a0<\/strong><span style=\"color: #ff0000;\"> 8<\/span><\/span><\/p>\n<p style=\"text-align: center;\"><span style=\"font-size: 10pt;\"><strong>TIP RE\u021aET\u0102\u00a0 Aperitiv<\/strong><\/span><\/p>\n<p style=\"text-align: center;\"><span style=\"font-size: 10pt;\"><strong>DIFICULTATE \u00a0<\/strong><span style=\"color: #ff0000;\"> Sc\u0103zut\u0103<\/span><br \/>\n<\/span><\/p>\n<p style=\"text-align: center;\"><span style=\"font-size: 10pt;\"><strong>PRINTEAZ\u0102 RE\u021aETA<\/strong> <\/span><\/p>\n<p style=\"text-align: center;\"><span style=\"font-size: 10pt;\"><span style=\"color: #000000;\"><div class=\"printfriendly pf-button  pf-aligncenter\">\n                    <a href=\"https:\/\/beta.sanovita.ro\/blog\/sos-cremos-de-branza-vegetala\/?pfstyle=wp\" rel=\"nofollow\" onclick=\"\" title=\"Printer Friendly, PDF & Email\">\n                    <img decoding=\"async\" class=\"pf-button-img\" src=\"https:\/\/cdn.printfriendly.com\/buttons\/printfriendly-pdf-button.png\" alt=\"Print Friendly, PDF & Email\" style=\"width: 112px;height: 24px;\"  \/>\n                    <\/a>\n                <\/div><\/span><br \/>\n<\/span><\/p>\n<\/div>\n<hr \/>\n<h3 style=\"text-align: left;\"><i class=\"fa fa-shopping-basket \" ><\/i> Ingrediente:<\/h3>\n<ul>\n<li>1\/3 can\u0103 <a href=\"https:\/\/www.sanovita.ro\/caju-crud-500g-693.html\">nuc\u0103 caju<\/a><\/li>\n<li>1\/3 can\u0103 <a href=\"https:\/\/www.sanovita.ro\/amidon-din-porumb-250g-248.html\">amidon de porumb<\/a><\/li>\n<li>\u00bc can\u0103 <a href=\"https:\/\/www.sanovita.ro\/fulgi-de-drojdie-uscata-100g-61.html\">fulgi de drojdie<\/a><\/li>\n<li>1 \u00bd linguri\u021b\u0103 sare<\/li>\n<li>1 \u00bd linguri\u021b\u0103 ceap\u0103 pudr\u0103<\/li>\n<li>1 linguri\u021b\u0103 curcuma SAU 1 morcov fiert SAU 1 sau 2 buc\u0103\u021bi de ardei copt (pentru colorarea sosului)<\/li>\n<li>1 x 4OO ml <a href=\"https:\/\/www.sanovita.ro\/bautura-vegetala-din-nuca-de-cocos-400-ml-643.html\">lapte de nuc\u0103 de cocos<\/a><\/li>\n<li>2 c\u0103ni ap\u0103<\/li>\n<\/ul>\n<div class=\"blog-info\">\n<div class=\"description\">\n<div class=\"inner\">\n<ul>\n<li style=\"list-style-type: none;\"><\/li>\n<\/ul>\n<div id=\"tdi_1\" class=\"tdc-row\"><div class=\"vc_row tdi_2  wpb_row td-pb-row\" >\n<style scoped>\n\n\/* custom css *\/\n.tdi_2,\r\n                .tdi_2 .tdc-columns{\r\n                    min-height: 0;\r\n                }.tdi_2,\r\n\t\t\t\t.tdi_2 .tdc-columns{\r\n\t\t\t\t    display: block;\r\n\t\t\t\t}.tdi_2 .tdc-columns{\r\n\t\t\t\t    width: 100%;\r\n\t\t\t\t}\n<\/style><div class=\"vc_column tdi_4  wpb_column vc_column_container tdc-column td-pb-span12\">\n<style scoped>\n\n\/* custom css *\/\n.tdi_4{\r\n                    vertical-align: baseline;\r\n                }.tdi_4 > .wpb_wrapper,\r\n\t\t\t\t.tdi_4 > .wpb_wrapper > .tdc-elements{\r\n\t\t\t\t    display: block;\r\n\t\t\t\t}.tdi_4 > .wpb_wrapper > .tdc-elements{\r\n\t\t\t\t    width: 100%;\r\n\t\t\t\t}.tdi_4 > .wpb_wrapper > .vc_row_inner{\r\n\t\t\t\t    width: auto;\r\n\t\t\t\t}.tdi_4 > .wpb_wrapper{\r\n\t\t\t\t    width: auto;\r\n\t\t\t\t    height: auto;\r\n\t\t\t\t}\n<\/style><div class=\"wpb_wrapper\" >[vc_custom_heading text=&#8221;Vrei s\u0103 preg\u0103te\u0219ti re\u021beta? Cump\u0103r\u0103 produsele!&#8221; font_container=&#8221;tag:h3|text_align:center|color:%23dd3333&#8243; use_theme_fonts=&#8221;yes&#8221;]<\/div><\/div><\/div><\/div><div id=\"tdi_5\" class=\"tdc-row\"><div class=\"vc_row tdi_6  wpb_row td-pb-row\" >\n<style scoped>\n\n\/* custom css *\/\n.tdi_6,\r\n                .tdi_6 .tdc-columns{\r\n                    min-height: 0;\r\n                }.tdi_6,\r\n\t\t\t\t.tdi_6 .tdc-columns{\r\n\t\t\t\t    display: block;\r\n\t\t\t\t}.tdi_6 .tdc-columns{\r\n\t\t\t\t    width: 100%;\r\n\t\t\t\t}\n<\/style><div class=\"vc_column tdi_8  wpb_column vc_column_container tdc-column td-pb-span6\">\n<style scoped>\n\n\/* custom css *\/\n.tdi_8{\r\n                    vertical-align: baseline;\r\n                }.tdi_8 > .wpb_wrapper,\r\n\t\t\t\t.tdi_8 > .wpb_wrapper > .tdc-elements{\r\n\t\t\t\t    display: block;\r\n\t\t\t\t}.tdi_8 > .wpb_wrapper > .tdc-elements{\r\n\t\t\t\t    width: 100%;\r\n\t\t\t\t}.tdi_8 > .wpb_wrapper > .vc_row_inner{\r\n\t\t\t\t    width: auto;\r\n\t\t\t\t}.tdi_8 > .wpb_wrapper{\r\n\t\t\t\t    width: auto;\r\n\t\t\t\t    height: auto;\r\n\t\t\t\t}\n<\/style><div class=\"wpb_wrapper\" >[vc_cta h2=&#8221;&#8221; h4=&#8221;B\u0103utur\u0103 de migdale&#8221; txt_align=&#8221;center&#8221; color=&#8221;green&#8221; add_button=&#8221;bottom&#8221; btn_title=&#8221;Vezi detalii produs&#8221; btn_style=&#8221;classic&#8221; btn_color=&#8221;danger&#8221; btn_size=&#8221;sm&#8221; btn_align=&#8221;center&#8221; btn_link=&#8221;url:https%3A%2F%2Fwww.sanovita.ro%2Fcaju-crud-500g-693.html%3Futm_medium%3Dblog%26utm_source%3Dretetablog-sos-cremos-de-branza||target:%20_blank|rel:nofollow&#8221;]<\/p>\n<p><img loading=\"lazy\" decoding=\"async\" class=\"aligncenter wp-image-16769\" src=\"https:\/\/www.sanovita.ro\/blog\/wp-content\/uploads\/2020\/07\/caju-crud-500g-324x324.jpg\" alt=\"CAJU CRUD 500G\" width=\"168\" height=\"168\" srcset=\"https:\/\/beta.sanovita.ro\/blog\/wp-content\/uploads\/2020\/07\/caju-crud-500g-324x324.jpg 324w, https:\/\/beta.sanovita.ro\/blog\/wp-content\/uploads\/2020\/07\/caju-crud-500g-200x200.jpg 200w, https:\/\/beta.sanovita.ro\/blog\/wp-content\/uploads\/2020\/07\/caju-crud-500g.jpg 458w\" sizes=\"auto, (max-width: 168px) 100vw, 168px\" \/><br \/>\n[\/vc_cta]<\/div><\/div><div class=\"vc_column tdi_10  wpb_column vc_column_container tdc-column td-pb-span6\">\n<style scoped>\n\n\/* custom css *\/\n.tdi_10{\r\n                    vertical-align: baseline;\r\n                }.tdi_10 > .wpb_wrapper,\r\n\t\t\t\t.tdi_10 > .wpb_wrapper > .tdc-elements{\r\n\t\t\t\t    display: block;\r\n\t\t\t\t}.tdi_10 > .wpb_wrapper > .tdc-elements{\r\n\t\t\t\t    width: 100%;\r\n\t\t\t\t}.tdi_10 > .wpb_wrapper > .vc_row_inner{\r\n\t\t\t\t    width: auto;\r\n\t\t\t\t}.tdi_10 > .wpb_wrapper{\r\n\t\t\t\t    width: auto;\r\n\t\t\t\t    height: auto;\r\n\t\t\t\t}\n<\/style><div class=\"wpb_wrapper\" >[vc_cta h2=&#8221;&#8221; h4=&#8221;Amidon din porumb&#8221; txt_align=&#8221;center&#8221; color=&#8221;green&#8221; add_button=&#8221;bottom&#8221; btn_title=&#8221;Vezi detalii produs&#8221; btn_style=&#8221;classic&#8221; btn_color=&#8221;danger&#8221; btn_size=&#8221;sm&#8221; btn_align=&#8221;center&#8221; btn_link=&#8221;url:https%3A%2F%2Fwww.sanovita.ro%2Famidon-din-porumb-250g-248.html%3Futm_medium%3Dblog%26utm_source%3Dretetablog-sos-cremos-de-branza||target:%20_blank|rel:nofollow&#8221;]<\/p>\n<p><img loading=\"lazy\" decoding=\"async\" class=\"aligncenter wp-image-5973\" src=\"https:\/\/www.sanovita.ro\/blog\/wp-content\/uploads\/2017\/04\/amidon-din-porumb-250g-324x324.jpg\" alt=\"amidon-din-porumb-250g sos\" width=\"159\" height=\"159\" srcset=\"https:\/\/beta.sanovita.ro\/blog\/wp-content\/uploads\/2017\/04\/amidon-din-porumb-250g-324x324.jpg 324w, https:\/\/beta.sanovita.ro\/blog\/wp-content\/uploads\/2017\/04\/amidon-din-porumb-250g-200x200.jpg 200w, https:\/\/beta.sanovita.ro\/blog\/wp-content\/uploads\/2017\/04\/amidon-din-porumb-250g.jpg 458w\" sizes=\"auto, (max-width: 159px) 100vw, 159px\" \/><\/p>\n<p>[\/vc_cta]<\/div><\/div><\/div><\/div><div id=\"tdi_11\" class=\"tdc-row\"><div class=\"vc_row tdi_12  wpb_row td-pb-row\" >\n<style scoped>\n\n\/* custom css *\/\n.tdi_12,\r\n                .tdi_12 .tdc-columns{\r\n                    min-height: 0;\r\n                }.tdi_12,\r\n\t\t\t\t.tdi_12 .tdc-columns{\r\n\t\t\t\t    display: block;\r\n\t\t\t\t}.tdi_12 .tdc-columns{\r\n\t\t\t\t    width: 100%;\r\n\t\t\t\t}\n<\/style><\/div><\/div><div class=\"vc_column tdi_14  wpb_column vc_column_container tdc-column td-pb-span12\">\n<style scoped>\n\n\/* custom css *\/\n.tdi_14{\r\n                    vertical-align: baseline;\r\n                }.tdi_14 > .wpb_wrapper,\r\n\t\t\t\t.tdi_14 > .wpb_wrapper > .tdc-elements{\r\n\t\t\t\t    display: block;\r\n\t\t\t\t}.tdi_14 > .wpb_wrapper > .tdc-elements{\r\n\t\t\t\t    width: 100%;\r\n\t\t\t\t}.tdi_14 > .wpb_wrapper > .vc_row_inner{\r\n\t\t\t\t    width: auto;\r\n\t\t\t\t}.tdi_14 > .wpb_wrapper{\r\n\t\t\t\t    width: auto;\r\n\t\t\t\t    height: auto;\r\n\t\t\t\t}\n<\/style><div class=\"wpb_wrapper\" ><\/div><\/div>[vc_column_text]<\/p>\n<h3 style=\"text-align: left;\"><i class=\"fa fa-cutlery \" ><\/i> \u00a0 Mod de preparare:<\/h3>\n<ul>\n<li>Pune\u021bi nucile de caju, amidonul de porumb, fulgii de drojdie, praful de sare \u0219i ceapa pudr\u0103 \u00eentr-un robot de buc\u0103t\u0103rie \u0219i amesteca\u021bi p\u00e2n\u0103 c\u00e2nd totul devine cremos.<\/li>\n<li>Ad\u0103uga\u021bi laptele de cocos, apa \u0219i turmericul \/ morcovul fiert \/ ardeiul copt \u0219i amesteca\u021bi p\u00e2n\u0103 c\u00e2nd compozi\u021bia devine un sos fin, cremos.<\/li>\n<li>G\u0103ti\u021bi \u00eentr-o crati\u021b\u0103 la foc mediu, amestec\u00e2nd constant, p\u00e2n\u0103 c\u00e2nd sosul fierbe \u0219i se \u00eengroa\u0219\u0103.<\/li>\n<li>Se poate servi peste legume, ca un sos pentru lasagna sau pentru macaroanele cu br\u00e2nz\u0103. Poate fi folosit \u0219i pe pizza. Un sos cremos, delicios \u0219i versatil!<\/li>\n<\/ul>\n<\/div>\n<\/div>\n<\/div>\n<h3 style=\"text-align: left;\"><i class=\"fa fa-lightbulb-o \" ><\/i>\u00a0 \u0218tiai c\u0103?<\/h3>\n<ul>\n<li>Magneziul, element care se reg\u0103se\u0219te din plin \u00een compozi\u021bia nucilor de caju, te ajut\u0103 s\u0103 \u00ee\u021bi men\u021bii oasele s\u0103n\u0103toase \u0219i, de asemenea, sus\u021bine flexibilitatea articula\u021biilor.<\/li>\n<li>Amidonul de porumb poate fi utilizat pe post de \u0219ampon uscat sau dezodorizant pentru \u00eenc\u0103l\u021b\u0103minte.<\/li>\n<li>Fulgii de drojdie sunt un supliment alimentar bogat \u00een vitamine \u015fi minerale. Ace\u0219tia con\u021bin vitamine din complexul B, minerale de tipul fosforului, magneziului \u0219i zincului precum \u0219i o cantitate \u00eensemnat\u0103 de proteine .<\/li>\n<li>Cocosul este recomandat deoarece ajut\u0103 la \u00eent\u0103rirea sistemului imunitar, reduce inflama\u021bia \u0219i dimensiunea ulcerului \u0219i poate lupta \u00eempotriva virusurilor \u0219i bacteriilor care cauzeaz\u0103 infec\u021bii.<\/li>\n<\/ul>\n<\/section>","protected":false},"excerpt":{"rendered":"<p>&nbsp; \u0218ti\u021bi acel moment \u00een care sim\u021bi c\u0103 ceva \u00eei lipse\u0219te m\u00e2nc\u0103rii tale \u0219i nu \u0219tii ce? Dac\u0103 r\u0103spunsul este da, atunci po\u021bi \u00eencerca re\u021beta noastr\u0103 de sos de \u201ebr\u00e2nz\u0103\u201d.\u00a0 Acest sos este perfect pentru persoanele care au intoleran\u021b\u0103 la lactoz\u0103 sau pentru cele care au adoptat dieta vegan\u0103 sau vegetarian\u0103 \u2013 \u0219i, desigur, poate [&hellip;]<\/p>\n","protected":false},"author":19,"featured_media":17969,"comment_status":"open","ping_status":"open","sticky":false,"template":"","format":"standard","meta":{"jetpack_post_was_ever_published":false,"_jetpack_newsletter_access":"","_jetpack_dont_email_post_to_subs":false,"_jetpack_newsletter_tier_id":0,"_jetpack_memberships_contains_paywalled_content":false,"_jetpack_memberships_contains_paid_content":false,"footnotes":"","jetpack_publicize_message":"","jetpack_publicize_feature_enabled":true,"jetpack_social_post_already_shared":true,"jetpack_social_options":{"image_generator_settings":{"template":"highway","enabled":false},"version":2}},"categories":[10,1],"tags":[1259,1235,1366],"class_list":{"0":"post-17963","1":"post","2":"type-post","3":"status-publish","4":"format-standard","5":"has-post-thumbnail","7":"category-aperitive","8":"category-retete","9":"tag-aperitive-de-post","10":"tag-retete-de-post","11":"tag-retete-vegetariene"},"yoast_head":"<!-- This site is optimized with the Yoast SEO plugin v19.14 - https:\/\/yoast.com\/wordpress\/plugins\/seo\/ -->\n<title>Sos cremos de \u201ebr\u00e2nz\u0103\u201d vegetal\u0103 &ndash; Zi de zi mai bine - SanoVita<\/title>\n<meta name=\"description\" content=\"Acest sos este perfect pentru persoanele care au intoleran\u021b\u0103 la lactoz\u0103 sau pentru cele care au adoptat dieta vegan\u0103 sau vegetaria.\" \/>\n<meta name=\"robots\" content=\"index, follow, max-snippet:-1, max-image-preview:large, max-video-preview:-1\" \/>\n<link rel=\"canonical\" href=\"https:\/\/beta.sanovita.ro\/blog\/sos-cremos-de-branza-vegetala\/\" \/>\n<meta property=\"og:locale\" content=\"ro_RO\" \/>\n<meta property=\"og:type\" content=\"article\" \/>\n<meta property=\"og:title\" content=\"Sos cremos de \u201ebr\u00e2nz\u0103\u201d vegetal\u0103 &ndash; Zi de zi mai bine - SanoVita\" \/>\n<meta property=\"og:description\" content=\"Acest sos este perfect pentru persoanele care au intoleran\u021b\u0103 la lactoz\u0103 sau pentru cele care au adoptat dieta vegan\u0103 sau vegetaria.\" \/>\n<meta property=\"og:url\" content=\"https:\/\/beta.sanovita.ro\/blog\/sos-cremos-de-branza-vegetala\/\" \/>\n<meta property=\"og:site_name\" content=\"Zi de zi mai bine - SanoVita\" \/>\n<meta property=\"article:publisher\" content=\"https:\/\/www.facebook.com\/SanoVita\/\" \/>\n<meta property=\"article:published_time\" content=\"2021-01-14T10:21:02+00:00\" \/>\n<meta property=\"article:modified_time\" content=\"2024-11-11T15:09:00+00:00\" \/>\n<meta property=\"og:image\" content=\"https:\/\/beta.sanovita.ro\/blog\/wp-content\/uploads\/2021\/01\/shutterstock_1458064910-scaled.jpg\" \/>\n\t<meta property=\"og:image:width\" content=\"2560\" \/>\n\t<meta property=\"og:image:height\" content=\"1760\" \/>\n\t<meta property=\"og:image:type\" content=\"image\/jpeg\" \/>\n<meta name=\"author\" content=\"Daniela Dan\" \/>\n<meta name=\"twitter:card\" content=\"summary_large_image\" \/>\n<meta name=\"twitter:creator\" content=\"@SanoVitaOficial\" \/>\n<meta name=\"twitter:site\" content=\"@SanoVitaOficial\" \/>\n<meta name=\"twitter:label1\" content=\"Scris de\" \/>\n\t<meta name=\"twitter:data1\" content=\"Daniela Dan\" \/>\n\t<meta name=\"twitter:label2\" content=\"Timp estimat pentru citire\" \/>\n\t<meta name=\"twitter:data2\" content=\"3 minute\" \/>\n<script type=\"application\/ld+json\" class=\"yoast-schema-graph\">{\"@context\":\"https:\/\/schema.org\",\"@graph\":[{\"@type\":\"Article\",\"@id\":\"https:\/\/beta.sanovita.ro\/blog\/sos-cremos-de-branza-vegetala\/#article\",\"isPartOf\":{\"@id\":\"https:\/\/beta.sanovita.ro\/blog\/sos-cremos-de-branza-vegetala\/\"},\"author\":{\"name\":\"Daniela Dan\",\"@id\":\"https:\/\/beta.sanovita.ro\/blog\/#\/schema\/person\/88f72be00950bb01ebea04325b1897f8\"},\"headline\":\"Sos cremos de \u201ebr\u00e2nz\u0103\u201d vegetal\u0103\",\"datePublished\":\"2021-01-14T10:21:02+00:00\",\"dateModified\":\"2024-11-11T15:09:00+00:00\",\"mainEntityOfPage\":{\"@id\":\"https:\/\/beta.sanovita.ro\/blog\/sos-cremos-de-branza-vegetala\/\"},\"wordCount\":590,\"commentCount\":0,\"publisher\":{\"@id\":\"https:\/\/beta.sanovita.ro\/blog\/#organization\"},\"keywords\":[\"Aperitive de post\",\"Re\u021bete de post\",\"Re\u021bete vegetariene\"],\"articleSection\":[\"Aperitive \u0219i gust\u0103ri s\u0103n\u0103toase\",\"Re\u021bete\"],\"inLanguage\":\"ro-RO\",\"potentialAction\":[{\"@type\":\"CommentAction\",\"name\":\"Comment\",\"target\":[\"https:\/\/beta.sanovita.ro\/blog\/sos-cremos-de-branza-vegetala\/#respond\"]}]},{\"@type\":\"WebPage\",\"@id\":\"https:\/\/beta.sanovita.ro\/blog\/sos-cremos-de-branza-vegetala\/\",\"url\":\"https:\/\/beta.sanovita.ro\/blog\/sos-cremos-de-branza-vegetala\/\",\"name\":\"Sos cremos de \u201ebr\u00e2nz\u0103\u201d vegetal\u0103 &ndash; Zi de zi mai bine - SanoVita\",\"isPartOf\":{\"@id\":\"https:\/\/beta.sanovita.ro\/blog\/#website\"},\"datePublished\":\"2021-01-14T10:21:02+00:00\",\"dateModified\":\"2024-11-11T15:09:00+00:00\",\"description\":\"Acest sos este perfect pentru persoanele care au intoleran\u021b\u0103 la lactoz\u0103 sau pentru cele care au adoptat dieta vegan\u0103 sau vegetaria.\",\"inLanguage\":\"ro-RO\",\"potentialAction\":[{\"@type\":\"ReadAction\",\"target\":[\"https:\/\/beta.sanovita.ro\/blog\/sos-cremos-de-branza-vegetala\/\"]}]},{\"@type\":\"WebSite\",\"@id\":\"https:\/\/beta.sanovita.ro\/blog\/#website\",\"url\":\"https:\/\/beta.sanovita.ro\/blog\/\",\"name\":\"Zi de zi mai bine\",\"description\":\"Zi de zi mai bine!\",\"publisher\":{\"@id\":\"https:\/\/beta.sanovita.ro\/blog\/#organization\"},\"potentialAction\":[{\"@type\":\"SearchAction\",\"target\":{\"@type\":\"EntryPoint\",\"urlTemplate\":\"https:\/\/beta.sanovita.ro\/blog\/?s={search_term_string}\"},\"query-input\":\"required name=search_term_string\"}],\"inLanguage\":\"ro-RO\"},{\"@type\":\"Organization\",\"@id\":\"https:\/\/beta.sanovita.ro\/blog\/#organization\",\"name\":\"Sano Vita\",\"url\":\"https:\/\/beta.sanovita.ro\/blog\/\",\"logo\":{\"@type\":\"ImageObject\",\"inLanguage\":\"ro-RO\",\"@id\":\"https:\/\/beta.sanovita.ro\/blog\/#\/schema\/logo\/image\/\",\"url\":\"https:\/\/sanovita.ro\/blog\/wp-content\/uploads\/2021\/05\/sanovita-new.png\",\"contentUrl\":\"https:\/\/sanovita.ro\/blog\/wp-content\/uploads\/2021\/05\/sanovita-new.png\",\"width\":546,\"height\":110,\"caption\":\"Sano Vita\"},\"image\":{\"@id\":\"https:\/\/beta.sanovita.ro\/blog\/#\/schema\/logo\/image\/\"},\"sameAs\":[\"https:\/\/www.instagram.com\/sano_vita\",\"https:\/\/www.facebook.com\/SanoVita\/\",\"https:\/\/twitter.com\/SanoVitaOficial\"]},{\"@type\":\"Person\",\"@id\":\"https:\/\/beta.sanovita.ro\/blog\/#\/schema\/person\/88f72be00950bb01ebea04325b1897f8\",\"name\":\"Daniela Dan\",\"image\":{\"@type\":\"ImageObject\",\"inLanguage\":\"ro-RO\",\"@id\":\"https:\/\/beta.sanovita.ro\/blog\/#\/schema\/person\/image\/\",\"url\":\"https:\/\/www.sanovita.ro\/blog\/wp-content\/uploads\/2021\/06\/Daniela-avatar-96x96.jpg\",\"contentUrl\":\"https:\/\/www.sanovita.ro\/blog\/wp-content\/uploads\/2021\/06\/Daniela-avatar-96x96.jpg\",\"caption\":\"Daniela Dan\"},\"description\":\"Pasiunea pentru buc\u0103t\u0103ria vegan\u0103 a \u00eenceput din dorin\u021ba de a-\u0219i hr\u0103ni s\u0103n\u0103tos familia. Treptat, dup\u0103 o serie de cursuri de formare \u0219i multe ore petrecute \u00een buc\u0103t\u0103rie, pasiunea a evoluat spre profesie. Chef Daniela iube\u0219te s\u0103 combine gusturi, culori, arome \u0219i texturi. Dac\u0103 ai dileme legat\u0103 de re\u021bete, gust, asocieri culinare, forme de prezentare, Daniela este omul potrivit c\u0103ruia s\u0103 \u00eei ceri o opinie. \u0218i garantat \u021bi-o va da abia dup\u0103 ce o va fi testat \u00een buc\u0103t\u0103ria proprie, unde zilnic se \u00eent\u00e2mpl\u0103 mult\u0103 magie.\",\"url\":\"https:\/\/beta.sanovita.ro\/blog\/author\/daniela-dan\/\"}]}<\/script>\n<!-- \/ Yoast SEO plugin. -->","yoast_head_json":{"title":"Sos cremos de \u201ebr\u00e2nz\u0103\u201d vegetal\u0103 &ndash; Zi de zi mai bine - SanoVita","description":"Acest sos este perfect pentru persoanele care au intoleran\u021b\u0103 la lactoz\u0103 sau pentru cele care au adoptat dieta vegan\u0103 sau vegetaria.","robots":{"index":"index","follow":"follow","max-snippet":"max-snippet:-1","max-image-preview":"max-image-preview:large","max-video-preview":"max-video-preview:-1"},"canonical":"https:\/\/beta.sanovita.ro\/blog\/sos-cremos-de-branza-vegetala\/","og_locale":"ro_RO","og_type":"article","og_title":"Sos cremos de \u201ebr\u00e2nz\u0103\u201d vegetal\u0103 &ndash; Zi de zi mai bine - SanoVita","og_description":"Acest sos este perfect pentru persoanele care au intoleran\u021b\u0103 la lactoz\u0103 sau pentru cele care au adoptat dieta vegan\u0103 sau vegetaria.","og_url":"https:\/\/beta.sanovita.ro\/blog\/sos-cremos-de-branza-vegetala\/","og_site_name":"Zi de zi mai bine - SanoVita","article_publisher":"https:\/\/www.facebook.com\/SanoVita\/","article_published_time":"2021-01-14T10:21:02+00:00","article_modified_time":"2024-11-11T15:09:00+00:00","og_image":[{"width":2560,"height":1760,"url":"https:\/\/beta.sanovita.ro\/blog\/wp-content\/uploads\/2021\/01\/shutterstock_1458064910-scaled.jpg","type":"image\/jpeg"}],"author":"Daniela Dan","twitter_card":"summary_large_image","twitter_creator":"@SanoVitaOficial","twitter_site":"@SanoVitaOficial","twitter_misc":{"Scris de":"Daniela Dan","Timp estimat pentru citire":"3 minute"},"schema":{"@context":"https:\/\/schema.org","@graph":[{"@type":"Article","@id":"https:\/\/beta.sanovita.ro\/blog\/sos-cremos-de-branza-vegetala\/#article","isPartOf":{"@id":"https:\/\/beta.sanovita.ro\/blog\/sos-cremos-de-branza-vegetala\/"},"author":{"name":"Daniela Dan","@id":"https:\/\/beta.sanovita.ro\/blog\/#\/schema\/person\/88f72be00950bb01ebea04325b1897f8"},"headline":"Sos cremos de \u201ebr\u00e2nz\u0103\u201d vegetal\u0103","datePublished":"2021-01-14T10:21:02+00:00","dateModified":"2024-11-11T15:09:00+00:00","mainEntityOfPage":{"@id":"https:\/\/beta.sanovita.ro\/blog\/sos-cremos-de-branza-vegetala\/"},"wordCount":590,"commentCount":0,"publisher":{"@id":"https:\/\/beta.sanovita.ro\/blog\/#organization"},"keywords":["Aperitive de post","Re\u021bete de post","Re\u021bete vegetariene"],"articleSection":["Aperitive \u0219i gust\u0103ri s\u0103n\u0103toase","Re\u021bete"],"inLanguage":"ro-RO","potentialAction":[{"@type":"CommentAction","name":"Comment","target":["https:\/\/beta.sanovita.ro\/blog\/sos-cremos-de-branza-vegetala\/#respond"]}]},{"@type":"WebPage","@id":"https:\/\/beta.sanovita.ro\/blog\/sos-cremos-de-branza-vegetala\/","url":"https:\/\/beta.sanovita.ro\/blog\/sos-cremos-de-branza-vegetala\/","name":"Sos cremos de \u201ebr\u00e2nz\u0103\u201d vegetal\u0103 &ndash; Zi de zi mai bine - SanoVita","isPartOf":{"@id":"https:\/\/beta.sanovita.ro\/blog\/#website"},"datePublished":"2021-01-14T10:21:02+00:00","dateModified":"2024-11-11T15:09:00+00:00","description":"Acest sos este perfect pentru persoanele care au intoleran\u021b\u0103 la lactoz\u0103 sau pentru cele care au adoptat dieta vegan\u0103 sau vegetaria.","inLanguage":"ro-RO","potentialAction":[{"@type":"ReadAction","target":["https:\/\/beta.sanovita.ro\/blog\/sos-cremos-de-branza-vegetala\/"]}]},{"@type":"WebSite","@id":"https:\/\/beta.sanovita.ro\/blog\/#website","url":"https:\/\/beta.sanovita.ro\/blog\/","name":"Zi de zi mai bine","description":"Zi de zi mai bine!","publisher":{"@id":"https:\/\/beta.sanovita.ro\/blog\/#organization"},"potentialAction":[{"@type":"SearchAction","target":{"@type":"EntryPoint","urlTemplate":"https:\/\/beta.sanovita.ro\/blog\/?s={search_term_string}"},"query-input":"required name=search_term_string"}],"inLanguage":"ro-RO"},{"@type":"Organization","@id":"https:\/\/beta.sanovita.ro\/blog\/#organization","name":"Sano Vita","url":"https:\/\/beta.sanovita.ro\/blog\/","logo":{"@type":"ImageObject","inLanguage":"ro-RO","@id":"https:\/\/beta.sanovita.ro\/blog\/#\/schema\/logo\/image\/","url":"https:\/\/sanovita.ro\/blog\/wp-content\/uploads\/2021\/05\/sanovita-new.png","contentUrl":"https:\/\/sanovita.ro\/blog\/wp-content\/uploads\/2021\/05\/sanovita-new.png","width":546,"height":110,"caption":"Sano Vita"},"image":{"@id":"https:\/\/beta.sanovita.ro\/blog\/#\/schema\/logo\/image\/"},"sameAs":["https:\/\/www.instagram.com\/sano_vita","https:\/\/www.facebook.com\/SanoVita\/","https:\/\/twitter.com\/SanoVitaOficial"]},{"@type":"Person","@id":"https:\/\/beta.sanovita.ro\/blog\/#\/schema\/person\/88f72be00950bb01ebea04325b1897f8","name":"Daniela Dan","image":{"@type":"ImageObject","inLanguage":"ro-RO","@id":"https:\/\/beta.sanovita.ro\/blog\/#\/schema\/person\/image\/","url":"https:\/\/www.sanovita.ro\/blog\/wp-content\/uploads\/2021\/06\/Daniela-avatar-96x96.jpg","contentUrl":"https:\/\/www.sanovita.ro\/blog\/wp-content\/uploads\/2021\/06\/Daniela-avatar-96x96.jpg","caption":"Daniela Dan"},"description":"Pasiunea pentru buc\u0103t\u0103ria vegan\u0103 a \u00eenceput din dorin\u021ba de a-\u0219i hr\u0103ni s\u0103n\u0103tos familia. Treptat, dup\u0103 o serie de cursuri de formare \u0219i multe ore petrecute \u00een buc\u0103t\u0103rie, pasiunea a evoluat spre profesie. Chef Daniela iube\u0219te s\u0103 combine gusturi, culori, arome \u0219i texturi. Dac\u0103 ai dileme legat\u0103 de re\u021bete, gust, asocieri culinare, forme de prezentare, Daniela este omul potrivit c\u0103ruia s\u0103 \u00eei ceri o opinie. \u0218i garantat \u021bi-o va da abia dup\u0103 ce o va fi testat \u00een buc\u0103t\u0103ria proprie, unde zilnic se \u00eent\u00e2mpl\u0103 mult\u0103 magie.","url":"https:\/\/beta.sanovita.ro\/blog\/author\/daniela-dan\/"}]}},"jetpack_publicize_connections":[],"jetpack_featured_media_url":"https:\/\/beta.sanovita.ro\/blog\/wp-content\/uploads\/2021\/01\/shutterstock_1458064910-scaled.jpg","featured_image_src":"https:\/\/beta.sanovita.ro\/blog\/wp-content\/uploads\/2021\/01\/shutterstock_1458064910-707x486.jpg","jetpack_shortlink":"https:\/\/wp.me\/p8JCYA-4FJ","jetpack_sharing_enabled":true,"_links":{"self":[{"href":"https:\/\/beta.sanovita.ro\/blog\/wp-json\/wp\/v2\/posts\/17963","targetHints":{"allow":["GET"]}}],"collection":[{"href":"https:\/\/beta.sanovita.ro\/blog\/wp-json\/wp\/v2\/posts"}],"about":[{"href":"https:\/\/beta.sanovita.ro\/blog\/wp-json\/wp\/v2\/types\/post"}],"author":[{"embeddable":true,"href":"https:\/\/beta.sanovita.ro\/blog\/wp-json\/wp\/v2\/users\/19"}],"replies":[{"embeddable":true,"href":"https:\/\/beta.sanovita.ro\/blog\/wp-json\/wp\/v2\/comments?post=17963"}],"version-history":[{"count":7,"href":"https:\/\/beta.sanovita.ro\/blog\/wp-json\/wp\/v2\/posts\/17963\/revisions"}],"predecessor-version":[{"id":19731,"href":"https:\/\/beta.sanovita.ro\/blog\/wp-json\/wp\/v2\/posts\/17963\/revisions\/19731"}],"wp:featuredmedia":[{"embeddable":true,"href":"https:\/\/beta.sanovita.ro\/blog\/wp-json\/wp\/v2\/media\/17969"}],"wp:attachment":[{"href":"https:\/\/beta.sanovita.ro\/blog\/wp-json\/wp\/v2\/media?parent=17963"}],"wp:term":[{"taxonomy":"category","embeddable":true,"href":"https:\/\/beta.sanovita.ro\/blog\/wp-json\/wp\/v2\/categories?post=17963"},{"taxonomy":"post_tag","embeddable":true,"href":"https:\/\/beta.sanovita.ro\/blog\/wp-json\/wp\/v2\/tags?post=17963"}],"curies":[{"name":"wp","href":"https:\/\/api.w.org\/{rel}","templated":true}]}}