{"id":17316,"date":"2020-09-17T15:04:04","date_gmt":"2020-09-17T12:04:04","guid":{"rendered":"https:\/\/www.sanovita.ro\/blog\/?p=17316"},"modified":"2024-02-19T09:54:52","modified_gmt":"2024-02-19T07:54:52","slug":"placinta-de-lamaie","status":"publish","type":"post","link":"https:\/\/beta.sanovita.ro\/blog\/placinta-de-lamaie\/","title":{"rendered":"Pl\u0103cint\u0103 de l\u0103m\u00e2ie"},"content":{"rendered":"<section class=\"wpb-content-wrapper\"><p><img loading=\"lazy\" decoding=\"async\" class=\"aligncenter wp-image-17326 size-full\" src=\"https:\/\/www.sanovita.ro\/blog\/wp-content\/uploads\/2020\/09\/shutterstock_670961761.jpg\" alt=\"Pl\u0103cint\u0103 de l\u0103m\u00e2ie\" width=\"1000\" height=\"667\" srcset=\"https:\/\/beta.sanovita.ro\/blog\/wp-content\/uploads\/2020\/09\/shutterstock_670961761.jpg 1000w, https:\/\/beta.sanovita.ro\/blog\/wp-content\/uploads\/2020\/09\/shutterstock_670961761-324x216.jpg 324w, https:\/\/beta.sanovita.ro\/blog\/wp-content\/uploads\/2020\/09\/shutterstock_670961761-729x486.jpg 729w, https:\/\/beta.sanovita.ro\/blog\/wp-content\/uploads\/2020\/09\/shutterstock_670961761-768x512.jpg 768w\" sizes=\"auto, (max-width: 1000px) 100vw, 1000px\" \/>Ne este, cumva, greu s\u0103 ne imagin\u0103m un desert \u00een care lam\u00e2ia este ingredientul-vedet\u0103. Gustul ei foarte am\u0103rui nu prea se combin\u0103 cu a\u0219tept\u0103rile noastre c\u00e2nd vine vorba de pr\u0103jituri. \u00cens\u0103 cheful nostru <a href=\"https:\/\/www.sanovita.ro\/blog\/daniela-dan\/\">Daniela Dan<\/a> a reu\u0219it s\u0103 fac\u0103 acest lucru! Aceast\u0103 re\u021bet\u0103 de pl\u0103cint\u0103 de l\u0103m\u00e2ie nu o s\u0103 \u00ee\u021bi lase un gust amar \u00een gur\u0103 \u2013 dimpotriv\u0103, unul dulce-acri\u0219or, \u0219i asta f\u0103r\u0103 a folosi zah\u0103r. Altfel spus, dispare orice motiv s\u0103 nu \u00eencerca\u021bi s\u0103 o prepara\u021bi!<\/p>\n<p>&nbsp;<\/p>\n<div class=\"td_text_columns_two_cols\">\n<p style=\"text-align: center;\"><span style=\"font-size: 10pt;\"><strong>TIMP DE PREPARARE \u00a0<\/strong><span style=\"color: #ff0000;\"> 50 minute<\/span><br \/>\n<\/span><\/p>\n<p style=\"text-align: center;\"><span style=\"font-size: 10pt;\"><strong>POR\u021aII\u00a0<\/strong><span style=\"color: #ff0000;\"> 10<\/span><\/span><\/p>\n<p style=\"text-align: center;\"><span style=\"font-size: 10pt;\"><strong>TIP RE\u021aET\u0102\u00a0 \u00a0Desert<\/strong><\/span><\/p>\n<p style=\"text-align: center;\"><span style=\"font-size: 10pt;\"><strong>DIFICULTATE \u00a0<\/strong><span style=\"color: #ff0000;\"> Medie<\/span><br \/>\n<\/span><\/p>\n<p style=\"text-align: center;\"><span style=\"font-size: 10pt;\"><strong>PRINTEAZ\u0102 RE\u021aETA<\/strong> <\/span><\/p>\n<p style=\"text-align: center;\"><span style=\"font-size: 10pt;\"><span style=\"color: #000000;\"><div class=\"printfriendly pf-button  pf-aligncenter\">\n                    <a href=\"https:\/\/beta.sanovita.ro\/blog\/placinta-de-lamaie\/?pfstyle=wp\" rel=\"nofollow\" onclick=\"\" title=\"Printer Friendly, PDF & Email\">\n                    <img decoding=\"async\" class=\"pf-button-img\" src=\"https:\/\/cdn.printfriendly.com\/buttons\/printfriendly-pdf-button.png\" alt=\"Print Friendly, PDF & Email\" style=\"width: 112px;height: 24px;\"  \/>\n                    <\/a>\n                <\/div><\/span><br \/>\n<\/span><\/p>\n<\/div>\n<hr \/>\n<h3 style=\"text-align: left;\"><i class=\"fa fa-shopping-basket \" ><\/i> \u00a0 Ingrediente pentru pl\u0103cint\u0103 de l\u0103m\u00e2ie<\/h3>\n<div class=\"blog-info\">\n<div class=\"description\">\n<div class=\"inner\">\n<h6>Blat:<\/h6>\n<ul>\n<li>1 can\u0103 de <a href=\"https:\/\/www.sanovita.ro\/migdale-100g-178.html\">migdale<\/a><\/li>\n<li>1 \u00bc can\u0103 <a href=\"https:\/\/www.sanovita.ro\/faina-integrala-de-grau-1-kg-17.html\">f\u0103in\u0103 de gr\u00e2u integral\u0103<\/a><\/li>\n<li>1 can\u0103 <a href=\"https:\/\/www.sanovita.ro\/fulgi-de-ovaz-500g-193.html\">fulgi de ov\u0103z<\/a><\/li>\n<li>\u00bd linguri\u021b\u0103 de sare<\/li>\n<li>1 can\u0103 de ulei<\/li>\n<li>1\/3 can\u0103 de <a href=\"https:\/\/www.sanovita.ro\/miere-poliflora-jajin-221.html\">miere<\/a><\/li>\n<li>3-4 linguri de ap\u0103<\/li>\n<\/ul>\n<h6>Umplutur\u0103:<\/h6>\n<ul>\n<li>2 conserve de ananas \u00een suc (56O g)<\/li>\n<li>\u00be can\u0103 <a href=\"https:\/\/www.sanovita.ro\/amidon-din-porumb-250g-248.html\">amidon de porumb<\/a><\/li>\n<li>Suc de la dou\u0103 l\u0103m\u00e2i \u2013 aproximativ 2 linguri<\/li>\n<li>Coaja de la dou\u0103 l\u0103m\u00e2i sau 1 \u00bd linguri extract de l\u0103m\u00e2ie<\/li>\n<li>\u00bc can\u0103 miere<\/li>\n<\/ul>\n<p>&nbsp;<\/p>\n<div id=\"tdi_1\" class=\"tdc-row\"><div class=\"vc_row tdi_2  wpb_row td-pb-row\" >\n<style scoped>\n\n\/* custom css *\/\n.tdi_2,\r\n                .tdi_2 .tdc-columns{\r\n                    min-height: 0;\r\n                }.tdi_2,\r\n\t\t\t\t.tdi_2 .tdc-columns{\r\n\t\t\t\t    display: block;\r\n\t\t\t\t}.tdi_2 .tdc-columns{\r\n\t\t\t\t    width: 100%;\r\n\t\t\t\t}\n<\/style><div class=\"vc_column tdi_4  wpb_column vc_column_container tdc-column td-pb-span12\">\n<style scoped>\n\n\/* custom css *\/\n.tdi_4{\r\n                    vertical-align: baseline;\r\n                }.tdi_4 > .wpb_wrapper,\r\n\t\t\t\t.tdi_4 > .wpb_wrapper > .tdc-elements{\r\n\t\t\t\t    display: block;\r\n\t\t\t\t}.tdi_4 > .wpb_wrapper > .tdc-elements{\r\n\t\t\t\t    width: 100%;\r\n\t\t\t\t}.tdi_4 > .wpb_wrapper > .vc_row_inner{\r\n\t\t\t\t    width: auto;\r\n\t\t\t\t}.tdi_4 > .wpb_wrapper{\r\n\t\t\t\t    width: auto;\r\n\t\t\t\t    height: auto;\r\n\t\t\t\t}\n<\/style><div class=\"wpb_wrapper\" >[vc_custom_heading text=&#8221;Vrei s\u0103 preg\u0103te\u0219ti re\u021beta? Cump\u0103r\u0103 produsele!&#8221; font_container=&#8221;tag:h3|text_align:center|color:%23dd3333&#8243; use_theme_fonts=&#8221;yes&#8221;]<\/div><\/div><\/div><\/div><div id=\"tdi_5\" class=\"tdc-row\"><div class=\"vc_row tdi_6  wpb_row td-pb-row\" >\n<style scoped>\n\n\/* custom css *\/\n.tdi_6,\r\n                .tdi_6 .tdc-columns{\r\n                    min-height: 0;\r\n                }.tdi_6,\r\n\t\t\t\t.tdi_6 .tdc-columns{\r\n\t\t\t\t    display: block;\r\n\t\t\t\t}.tdi_6 .tdc-columns{\r\n\t\t\t\t    width: 100%;\r\n\t\t\t\t}\n<\/style><div class=\"vc_column tdi_8  wpb_column vc_column_container tdc-column td-pb-span6\">\n<style scoped>\n\n\/* custom css *\/\n.tdi_8{\r\n                    vertical-align: baseline;\r\n                }.tdi_8 > .wpb_wrapper,\r\n\t\t\t\t.tdi_8 > .wpb_wrapper > .tdc-elements{\r\n\t\t\t\t    display: block;\r\n\t\t\t\t}.tdi_8 > .wpb_wrapper > .tdc-elements{\r\n\t\t\t\t    width: 100%;\r\n\t\t\t\t}.tdi_8 > .wpb_wrapper > .vc_row_inner{\r\n\t\t\t\t    width: auto;\r\n\t\t\t\t}.tdi_8 > .wpb_wrapper{\r\n\t\t\t\t    width: auto;\r\n\t\t\t\t    height: auto;\r\n\t\t\t\t}\n<\/style><div class=\"wpb_wrapper\" >[vc_cta h2=&#8221;&#8221; h4=&#8221;Migdale&#8221; txt_align=&#8221;center&#8221; color=&#8221;green&#8221; add_button=&#8221;bottom&#8221; btn_title=&#8221;Vezi detalii produs&#8221; btn_style=&#8221;classic&#8221; btn_color=&#8221;danger&#8221; btn_size=&#8221;sm&#8221; btn_align=&#8221;center&#8221; btn_link=&#8221;url:https%3A%2F%2Fwww.sanovita.ro%2Fmigdale-100g-178.html%3Futm_medium%3Dblog%26utm_source%3Dretetablog-placinta-de-lamaie||target:%20_blank|rel:nofollow&#8221;]<\/p>\n<p><a href=\"http:\/\/www.sanovita.ro\/migdale-100g-178.html\"><img loading=\"lazy\" decoding=\"async\" class=\"aligncenter wp-image-17319\" src=\"https:\/\/www.sanovita.ro\/blog\/wp-content\/uploads\/2020\/09\/migdale-100g.jpg\" alt=\"MIGDALE PREMIUM 100G\" width=\"258\" height=\"258\" srcset=\"https:\/\/beta.sanovita.ro\/blog\/wp-content\/uploads\/2020\/09\/migdale-100g.jpg 458w, https:\/\/beta.sanovita.ro\/blog\/wp-content\/uploads\/2020\/09\/migdale-100g-324x324.jpg 324w, https:\/\/beta.sanovita.ro\/blog\/wp-content\/uploads\/2020\/09\/migdale-100g-200x200.jpg 200w\" sizes=\"auto, (max-width: 258px) 100vw, 258px\" \/><\/a><br \/>\n[\/vc_cta]<\/div><\/div><div class=\"vc_column tdi_10  wpb_column vc_column_container tdc-column td-pb-span6\">\n<style scoped>\n\n\/* custom css *\/\n.tdi_10{\r\n                    vertical-align: baseline;\r\n                }.tdi_10 > .wpb_wrapper,\r\n\t\t\t\t.tdi_10 > .wpb_wrapper > .tdc-elements{\r\n\t\t\t\t    display: block;\r\n\t\t\t\t}.tdi_10 > .wpb_wrapper > .tdc-elements{\r\n\t\t\t\t    width: 100%;\r\n\t\t\t\t}.tdi_10 > .wpb_wrapper > .vc_row_inner{\r\n\t\t\t\t    width: auto;\r\n\t\t\t\t}.tdi_10 > .wpb_wrapper{\r\n\t\t\t\t    width: auto;\r\n\t\t\t\t    height: auto;\r\n\t\t\t\t}\n<\/style><div class=\"wpb_wrapper\" >[vc_cta h2=&#8221;&#8221; h4=&#8221;Fulgi de ov\u0103z&#8221; txt_align=&#8221;center&#8221; color=&#8221;green&#8221; add_button=&#8221;bottom&#8221; btn_title=&#8221;Vezi detalii produs&#8221; btn_style=&#8221;classic&#8221; btn_color=&#8221;danger&#8221; btn_size=&#8221;sm&#8221; btn_align=&#8221;center&#8221; btn_link=&#8221;url:https%3A%2F%2Fwww.sanovita.ro%2Ffulgi-de-ovaz-500g-193.html%3Futm_medium%3Dblog%26utm_source%3Dretetablog-placinta-de-lamaie||target:%20_blank|rel:nofollow&#8221;]<\/p>\n<p><a href=\"https:\/\/www.sanovita.ro\/fulgi-de-ovaz-500g-193.html\"><img loading=\"lazy\" decoding=\"async\" class=\"aligncenter wp-image-17320 \" src=\"https:\/\/www.sanovita.ro\/blog\/wp-content\/uploads\/2020\/09\/fulgi-de-ovaz-500g.jpg\" alt=\"FULGI DE OVAZ 500G\" width=\"257\" height=\"257\" srcset=\"https:\/\/beta.sanovita.ro\/blog\/wp-content\/uploads\/2020\/09\/fulgi-de-ovaz-500g.jpg 458w, https:\/\/beta.sanovita.ro\/blog\/wp-content\/uploads\/2020\/09\/fulgi-de-ovaz-500g-324x324.jpg 324w, https:\/\/beta.sanovita.ro\/blog\/wp-content\/uploads\/2020\/09\/fulgi-de-ovaz-500g-200x200.jpg 200w\" sizes=\"auto, (max-width: 257px) 100vw, 257px\" \/><\/a><br \/>\n[\/vc_cta]<\/div><\/div><\/div><\/div><div id=\"tdi_11\" class=\"tdc-row\"><div class=\"vc_row tdi_12  wpb_row td-pb-row\" >\n<style scoped>\n\n\/* custom css *\/\n.tdi_12,\r\n                .tdi_12 .tdc-columns{\r\n                    min-height: 0;\r\n                }.tdi_12,\r\n\t\t\t\t.tdi_12 .tdc-columns{\r\n\t\t\t\t    display: block;\r\n\t\t\t\t}.tdi_12 .tdc-columns{\r\n\t\t\t\t    width: 100%;\r\n\t\t\t\t}\n<\/style><div class=\"vc_column tdi_14  wpb_column vc_column_container tdc-column td-pb-span12\">\n<style scoped>\n\n\/* custom css *\/\n.tdi_14{\r\n                    vertical-align: baseline;\r\n                }.tdi_14 > .wpb_wrapper,\r\n\t\t\t\t.tdi_14 > .wpb_wrapper > .tdc-elements{\r\n\t\t\t\t    display: block;\r\n\t\t\t\t}.tdi_14 > .wpb_wrapper > .tdc-elements{\r\n\t\t\t\t    width: 100%;\r\n\t\t\t\t}.tdi_14 > .wpb_wrapper > .vc_row_inner{\r\n\t\t\t\t    width: auto;\r\n\t\t\t\t}.tdi_14 > .wpb_wrapper{\r\n\t\t\t\t    width: auto;\r\n\t\t\t\t    height: auto;\r\n\t\t\t\t}\n<\/style><div class=\"wpb_wrapper\" >[vc_column_text]<\/p>\n<h3 style=\"text-align: left;\"><i class=\"fa fa-cutlery \" ><\/i> \u00a0 Mod de preparare pl\u0103cint\u0103 de l\u0103m\u00e2ie<\/h3>\n<h6><em>Blat:<\/em><\/h6>\n<ul>\n<li>\u00centr-un robot de buc\u0103t\u0103rie se m\u0103run\u021besc foarte bine migdalele, apoi se adaug\u0103 ov\u0103zul, dup\u0103 care amestecul se macin\u0103 din nou;<\/li>\n<li>Se toarn\u0103 \u00eentr-un vas ingredientele m\u0103run\u021bite adaug\u00e2nd \u0219i restul \u00a0ingredientelor r\u0103mase \u0219i se amestec\u0103 foarte bine.<\/li>\n<li>Compozi\u021bia se pune \u00a0\u00eentr-o tav\u0103 de copt (de preferat forma rotund\u0103 &#8211; special\u0103 pentru tart\u0103) uns\u0103 cu ulei.<\/li>\n<li>Se coace la 180 de grade, timp de 15-18 minute sau p\u00e2n\u0103 c\u00e2nd se rumene\u0219te.<\/li>\n<\/ul>\n<h6><em>Pentru umplutur\u0103:<\/em><\/h6>\n<ul>\n<li>Se a\u0219az\u0103 toate ingredientele \u00eentr-un robot de buc\u0103t\u0103rie \u0219i se mixeaz\u0103 p\u00e2n\u0103 c\u00e2nd compozi\u021bia este omogen\u0103.\u00a0 Se transfer\u0103 amestecul \u00eentr-o crati\u021b\u0103 \u0219i se g\u0103te\u0219te la foc mediu, p\u00e2n\u0103 c\u00e2nd amestecul este gros \u0219i gelatinos.<\/li>\n<li>La final, se toarn\u0103 \u00een crusta blatului \u0219i se las\u0103 la r\u0103cit.<\/li>\n<\/ul>\n<\/div>\n<\/div>\n<\/div>\n<h3 style=\"text-align: left;\"><i class=\"fa fa-lightbulb-o \" ><\/i>\u00a0 \u0218tiai c\u0103?<\/h3>\n<ul>\n<li>L\u0103m\u00e2iul a fost cultivat prima dat\u0103 undeva \u00een nordul Indiei; se crede c\u0103 \u201el\u0103m\u00e2ie\u201d provine din persan\u0103 \u2013 <em>limu<\/em> \u2013 sau din arabul<em> laym\u00fbn<\/em>.<\/li>\n<li>Primii romani cuno\u0219teau l\u0103m\u00e2ile sub denumirea \u201cmerele mediene\u201d, numite astfel dup\u0103 Media, numele dat de Imperiu teritoriilor persane cucerite (Iranul de azi).<\/li>\n<li>Cristofor Columb a fost cel care a adus semin\u021bele de l\u0103m\u00e2ie \u00een America.<\/li>\n<\/ul>\n<p>[\/vc_column_text]<\/div><\/div><\/div><\/div>\n<\/section>","protected":false},"excerpt":{"rendered":"<p>Ne este, cumva, greu s\u0103 ne imagin\u0103m un desert \u00een care lam\u00e2ia este ingredientul-vedet\u0103. Gustul ei foarte am\u0103rui nu prea se combin\u0103 cu a\u0219tept\u0103rile noastre c\u00e2nd vine vorba de pr\u0103jituri. \u00cens\u0103 cheful nostru Daniela Dan a reu\u0219it s\u0103 fac\u0103 acest lucru! Aceast\u0103 re\u021bet\u0103 de pl\u0103cint\u0103 de l\u0103m\u00e2ie nu o s\u0103 \u00ee\u021bi lase un gust amar [&hellip;]<\/p>\n","protected":false},"author":19,"featured_media":17326,"comment_status":"open","ping_status":"open","sticky":false,"template":"","format":"standard","meta":{"jetpack_post_was_ever_published":false,"_jetpack_newsletter_access":"","_jetpack_dont_email_post_to_subs":false,"_jetpack_newsletter_tier_id":0,"_jetpack_memberships_contains_paywalled_content":false,"_jetpack_memberships_contains_paid_content":false,"footnotes":"","jetpack_publicize_message":"","jetpack_publicize_feature_enabled":true,"jetpack_social_post_already_shared":true,"jetpack_social_options":{"image_generator_settings":{"template":"highway","enabled":false},"version":2}},"categories":[8,1],"tags":[723,722,797,12,41,897,877,852,716,779],"class_list":{"0":"post-17316","1":"post","2":"type-post","3":"status-publish","4":"format-standard","5":"has-post-thumbnail","7":"category-deserturi","8":"category-retete","9":"tag-chef-daniela-dan","10":"tag-daniela-dan","11":"tag-desert","12":"tag-lamaie","13":"tag-migdale","14":"tag-placinta-lamaie","15":"tag-prajitura","16":"tag-retete","17":"tag-sano-vita","18":"tag-sanovita"},"yoast_head":"<!-- This site is optimized with the Yoast SEO plugin v19.14 - https:\/\/yoast.com\/wordpress\/plugins\/seo\/ -->\n<title>Pl\u0103cint\u0103 de l\u0103m\u00e2ie &ndash; Zi de zi mai bine - SanoVita<\/title>\n<meta name=\"description\" content=\"Aceast\u0103 re\u021bet\u0103 de pl\u0103cint\u0103 de l\u0103m\u00e2ie nu o s\u0103 \u00ee\u021bi lase un gust amar \u00een gur\u0103 \u2013 dimpotriv\u0103, unul dulce-acri\u0219or, \u0219i asta f\u0103r\u0103 a folosi zah\u0103r.\" \/>\n<meta name=\"robots\" content=\"index, follow, max-snippet:-1, max-image-preview:large, max-video-preview:-1\" \/>\n<link rel=\"canonical\" href=\"https:\/\/beta.sanovita.ro\/blog\/placinta-de-lamaie\/\" \/>\n<meta property=\"og:locale\" content=\"ro_RO\" \/>\n<meta property=\"og:type\" content=\"article\" \/>\n<meta property=\"og:title\" content=\"Pl\u0103cint\u0103 de l\u0103m\u00e2ie &ndash; Zi de zi mai bine - SanoVita\" \/>\n<meta property=\"og:description\" content=\"Aceast\u0103 re\u021bet\u0103 de pl\u0103cint\u0103 de l\u0103m\u00e2ie nu o s\u0103 \u00ee\u021bi lase un gust amar \u00een gur\u0103 \u2013 dimpotriv\u0103, unul dulce-acri\u0219or, \u0219i asta f\u0103r\u0103 a folosi zah\u0103r.\" \/>\n<meta property=\"og:url\" content=\"https:\/\/beta.sanovita.ro\/blog\/placinta-de-lamaie\/\" \/>\n<meta property=\"og:site_name\" content=\"Zi de zi mai bine - SanoVita\" \/>\n<meta property=\"article:publisher\" content=\"https:\/\/www.facebook.com\/SanoVita\/\" \/>\n<meta property=\"article:published_time\" content=\"2020-09-17T12:04:04+00:00\" \/>\n<meta property=\"article:modified_time\" content=\"2024-02-19T07:54:52+00:00\" \/>\n<meta property=\"og:image\" content=\"https:\/\/beta.sanovita.ro\/blog\/wp-content\/uploads\/2020\/09\/shutterstock_670961761.jpg\" \/>\n\t<meta property=\"og:image:width\" content=\"1000\" \/>\n\t<meta property=\"og:image:height\" content=\"667\" \/>\n\t<meta property=\"og:image:type\" content=\"image\/jpeg\" \/>\n<meta name=\"author\" content=\"Daniela Dan\" \/>\n<meta name=\"twitter:card\" content=\"summary_large_image\" \/>\n<meta name=\"twitter:creator\" content=\"@SanoVitaOficial\" \/>\n<meta name=\"twitter:site\" content=\"@SanoVitaOficial\" \/>\n<meta name=\"twitter:label1\" content=\"Scris de\" \/>\n\t<meta name=\"twitter:data1\" content=\"Daniela Dan\" \/>\n\t<meta name=\"twitter:label2\" content=\"Timp estimat pentru citire\" \/>\n\t<meta name=\"twitter:data2\" content=\"3 minute\" \/>\n<script type=\"application\/ld+json\" class=\"yoast-schema-graph\">{\"@context\":\"https:\/\/schema.org\",\"@graph\":[{\"@type\":\"Article\",\"@id\":\"https:\/\/beta.sanovita.ro\/blog\/placinta-de-lamaie\/#article\",\"isPartOf\":{\"@id\":\"https:\/\/beta.sanovita.ro\/blog\/placinta-de-lamaie\/\"},\"author\":{\"name\":\"Daniela Dan\",\"@id\":\"https:\/\/beta.sanovita.ro\/blog\/#\/schema\/person\/88f72be00950bb01ebea04325b1897f8\"},\"headline\":\"Pl\u0103cint\u0103 de l\u0103m\u00e2ie\",\"datePublished\":\"2020-09-17T12:04:04+00:00\",\"dateModified\":\"2024-02-19T07:54:52+00:00\",\"mainEntityOfPage\":{\"@id\":\"https:\/\/beta.sanovita.ro\/blog\/placinta-de-lamaie\/\"},\"wordCount\":601,\"commentCount\":1,\"publisher\":{\"@id\":\"https:\/\/beta.sanovita.ro\/blog\/#organization\"},\"keywords\":[\"chef daniela dan\",\"daniela dan\",\"desert\",\"lamaie\",\"migdale\",\"placinta lamaie\",\"prajitura\",\"retete\",\"sano vita\",\"sanovita\"],\"articleSection\":[\"Deserturi s\u0103n\u0103toase\",\"Re\u021bete\"],\"inLanguage\":\"ro-RO\",\"potentialAction\":[{\"@type\":\"CommentAction\",\"name\":\"Comment\",\"target\":[\"https:\/\/beta.sanovita.ro\/blog\/placinta-de-lamaie\/#respond\"]}]},{\"@type\":\"WebPage\",\"@id\":\"https:\/\/beta.sanovita.ro\/blog\/placinta-de-lamaie\/\",\"url\":\"https:\/\/beta.sanovita.ro\/blog\/placinta-de-lamaie\/\",\"name\":\"Pl\u0103cint\u0103 de l\u0103m\u00e2ie &ndash; Zi de zi mai bine - SanoVita\",\"isPartOf\":{\"@id\":\"https:\/\/beta.sanovita.ro\/blog\/#website\"},\"datePublished\":\"2020-09-17T12:04:04+00:00\",\"dateModified\":\"2024-02-19T07:54:52+00:00\",\"description\":\"Aceast\u0103 re\u021bet\u0103 de pl\u0103cint\u0103 de l\u0103m\u00e2ie nu o s\u0103 \u00ee\u021bi lase un gust amar \u00een gur\u0103 \u2013 dimpotriv\u0103, unul dulce-acri\u0219or, \u0219i asta f\u0103r\u0103 a folosi zah\u0103r.\",\"inLanguage\":\"ro-RO\",\"potentialAction\":[{\"@type\":\"ReadAction\",\"target\":[\"https:\/\/beta.sanovita.ro\/blog\/placinta-de-lamaie\/\"]}]},{\"@type\":\"WebSite\",\"@id\":\"https:\/\/beta.sanovita.ro\/blog\/#website\",\"url\":\"https:\/\/beta.sanovita.ro\/blog\/\",\"name\":\"Zi de zi mai bine\",\"description\":\"Zi de zi mai bine!\",\"publisher\":{\"@id\":\"https:\/\/beta.sanovita.ro\/blog\/#organization\"},\"potentialAction\":[{\"@type\":\"SearchAction\",\"target\":{\"@type\":\"EntryPoint\",\"urlTemplate\":\"https:\/\/beta.sanovita.ro\/blog\/?s={search_term_string}\"},\"query-input\":\"required name=search_term_string\"}],\"inLanguage\":\"ro-RO\"},{\"@type\":\"Organization\",\"@id\":\"https:\/\/beta.sanovita.ro\/blog\/#organization\",\"name\":\"Sano Vita\",\"url\":\"https:\/\/beta.sanovita.ro\/blog\/\",\"logo\":{\"@type\":\"ImageObject\",\"inLanguage\":\"ro-RO\",\"@id\":\"https:\/\/beta.sanovita.ro\/blog\/#\/schema\/logo\/image\/\",\"url\":\"https:\/\/sanovita.ro\/blog\/wp-content\/uploads\/2021\/05\/sanovita-new.png\",\"contentUrl\":\"https:\/\/sanovita.ro\/blog\/wp-content\/uploads\/2021\/05\/sanovita-new.png\",\"width\":546,\"height\":110,\"caption\":\"Sano Vita\"},\"image\":{\"@id\":\"https:\/\/beta.sanovita.ro\/blog\/#\/schema\/logo\/image\/\"},\"sameAs\":[\"https:\/\/www.instagram.com\/sano_vita\",\"https:\/\/www.facebook.com\/SanoVita\/\",\"https:\/\/twitter.com\/SanoVitaOficial\"]},{\"@type\":\"Person\",\"@id\":\"https:\/\/beta.sanovita.ro\/blog\/#\/schema\/person\/88f72be00950bb01ebea04325b1897f8\",\"name\":\"Daniela Dan\",\"image\":{\"@type\":\"ImageObject\",\"inLanguage\":\"ro-RO\",\"@id\":\"https:\/\/beta.sanovita.ro\/blog\/#\/schema\/person\/image\/\",\"url\":\"https:\/\/www.sanovita.ro\/blog\/wp-content\/uploads\/2021\/06\/Daniela-avatar-96x96.jpg\",\"contentUrl\":\"https:\/\/www.sanovita.ro\/blog\/wp-content\/uploads\/2021\/06\/Daniela-avatar-96x96.jpg\",\"caption\":\"Daniela Dan\"},\"description\":\"Pasiunea pentru buc\u0103t\u0103ria vegan\u0103 a \u00eenceput din dorin\u021ba de a-\u0219i hr\u0103ni s\u0103n\u0103tos familia. Treptat, dup\u0103 o serie de cursuri de formare \u0219i multe ore petrecute \u00een buc\u0103t\u0103rie, pasiunea a evoluat spre profesie. Chef Daniela iube\u0219te s\u0103 combine gusturi, culori, arome \u0219i texturi. Dac\u0103 ai dileme legat\u0103 de re\u021bete, gust, asocieri culinare, forme de prezentare, Daniela este omul potrivit c\u0103ruia s\u0103 \u00eei ceri o opinie. \u0218i garantat \u021bi-o va da abia dup\u0103 ce o va fi testat \u00een buc\u0103t\u0103ria proprie, unde zilnic se \u00eent\u00e2mpl\u0103 mult\u0103 magie.\",\"url\":\"https:\/\/beta.sanovita.ro\/blog\/author\/daniela-dan\/\"}]}<\/script>\n<!-- \/ Yoast SEO plugin. -->","yoast_head_json":{"title":"Pl\u0103cint\u0103 de l\u0103m\u00e2ie &ndash; Zi de zi mai bine - SanoVita","description":"Aceast\u0103 re\u021bet\u0103 de pl\u0103cint\u0103 de l\u0103m\u00e2ie nu o s\u0103 \u00ee\u021bi lase un gust amar \u00een gur\u0103 \u2013 dimpotriv\u0103, unul dulce-acri\u0219or, \u0219i asta f\u0103r\u0103 a folosi zah\u0103r.","robots":{"index":"index","follow":"follow","max-snippet":"max-snippet:-1","max-image-preview":"max-image-preview:large","max-video-preview":"max-video-preview:-1"},"canonical":"https:\/\/beta.sanovita.ro\/blog\/placinta-de-lamaie\/","og_locale":"ro_RO","og_type":"article","og_title":"Pl\u0103cint\u0103 de l\u0103m\u00e2ie &ndash; Zi de zi mai bine - SanoVita","og_description":"Aceast\u0103 re\u021bet\u0103 de pl\u0103cint\u0103 de l\u0103m\u00e2ie nu o s\u0103 \u00ee\u021bi lase un gust amar \u00een gur\u0103 \u2013 dimpotriv\u0103, unul dulce-acri\u0219or, \u0219i asta f\u0103r\u0103 a folosi zah\u0103r.","og_url":"https:\/\/beta.sanovita.ro\/blog\/placinta-de-lamaie\/","og_site_name":"Zi de zi mai bine - SanoVita","article_publisher":"https:\/\/www.facebook.com\/SanoVita\/","article_published_time":"2020-09-17T12:04:04+00:00","article_modified_time":"2024-02-19T07:54:52+00:00","og_image":[{"width":1000,"height":667,"url":"https:\/\/beta.sanovita.ro\/blog\/wp-content\/uploads\/2020\/09\/shutterstock_670961761.jpg","type":"image\/jpeg"}],"author":"Daniela Dan","twitter_card":"summary_large_image","twitter_creator":"@SanoVitaOficial","twitter_site":"@SanoVitaOficial","twitter_misc":{"Scris de":"Daniela Dan","Timp estimat pentru citire":"3 minute"},"schema":{"@context":"https:\/\/schema.org","@graph":[{"@type":"Article","@id":"https:\/\/beta.sanovita.ro\/blog\/placinta-de-lamaie\/#article","isPartOf":{"@id":"https:\/\/beta.sanovita.ro\/blog\/placinta-de-lamaie\/"},"author":{"name":"Daniela Dan","@id":"https:\/\/beta.sanovita.ro\/blog\/#\/schema\/person\/88f72be00950bb01ebea04325b1897f8"},"headline":"Pl\u0103cint\u0103 de l\u0103m\u00e2ie","datePublished":"2020-09-17T12:04:04+00:00","dateModified":"2024-02-19T07:54:52+00:00","mainEntityOfPage":{"@id":"https:\/\/beta.sanovita.ro\/blog\/placinta-de-lamaie\/"},"wordCount":601,"commentCount":1,"publisher":{"@id":"https:\/\/beta.sanovita.ro\/blog\/#organization"},"keywords":["chef daniela dan","daniela dan","desert","lamaie","migdale","placinta lamaie","prajitura","retete","sano vita","sanovita"],"articleSection":["Deserturi s\u0103n\u0103toase","Re\u021bete"],"inLanguage":"ro-RO","potentialAction":[{"@type":"CommentAction","name":"Comment","target":["https:\/\/beta.sanovita.ro\/blog\/placinta-de-lamaie\/#respond"]}]},{"@type":"WebPage","@id":"https:\/\/beta.sanovita.ro\/blog\/placinta-de-lamaie\/","url":"https:\/\/beta.sanovita.ro\/blog\/placinta-de-lamaie\/","name":"Pl\u0103cint\u0103 de l\u0103m\u00e2ie &ndash; Zi de zi mai bine - SanoVita","isPartOf":{"@id":"https:\/\/beta.sanovita.ro\/blog\/#website"},"datePublished":"2020-09-17T12:04:04+00:00","dateModified":"2024-02-19T07:54:52+00:00","description":"Aceast\u0103 re\u021bet\u0103 de pl\u0103cint\u0103 de l\u0103m\u00e2ie nu o s\u0103 \u00ee\u021bi lase un gust amar \u00een gur\u0103 \u2013 dimpotriv\u0103, unul dulce-acri\u0219or, \u0219i asta f\u0103r\u0103 a folosi zah\u0103r.","inLanguage":"ro-RO","potentialAction":[{"@type":"ReadAction","target":["https:\/\/beta.sanovita.ro\/blog\/placinta-de-lamaie\/"]}]},{"@type":"WebSite","@id":"https:\/\/beta.sanovita.ro\/blog\/#website","url":"https:\/\/beta.sanovita.ro\/blog\/","name":"Zi de zi mai bine","description":"Zi de zi mai bine!","publisher":{"@id":"https:\/\/beta.sanovita.ro\/blog\/#organization"},"potentialAction":[{"@type":"SearchAction","target":{"@type":"EntryPoint","urlTemplate":"https:\/\/beta.sanovita.ro\/blog\/?s={search_term_string}"},"query-input":"required name=search_term_string"}],"inLanguage":"ro-RO"},{"@type":"Organization","@id":"https:\/\/beta.sanovita.ro\/blog\/#organization","name":"Sano Vita","url":"https:\/\/beta.sanovita.ro\/blog\/","logo":{"@type":"ImageObject","inLanguage":"ro-RO","@id":"https:\/\/beta.sanovita.ro\/blog\/#\/schema\/logo\/image\/","url":"https:\/\/sanovita.ro\/blog\/wp-content\/uploads\/2021\/05\/sanovita-new.png","contentUrl":"https:\/\/sanovita.ro\/blog\/wp-content\/uploads\/2021\/05\/sanovita-new.png","width":546,"height":110,"caption":"Sano Vita"},"image":{"@id":"https:\/\/beta.sanovita.ro\/blog\/#\/schema\/logo\/image\/"},"sameAs":["https:\/\/www.instagram.com\/sano_vita","https:\/\/www.facebook.com\/SanoVita\/","https:\/\/twitter.com\/SanoVitaOficial"]},{"@type":"Person","@id":"https:\/\/beta.sanovita.ro\/blog\/#\/schema\/person\/88f72be00950bb01ebea04325b1897f8","name":"Daniela Dan","image":{"@type":"ImageObject","inLanguage":"ro-RO","@id":"https:\/\/beta.sanovita.ro\/blog\/#\/schema\/person\/image\/","url":"https:\/\/www.sanovita.ro\/blog\/wp-content\/uploads\/2021\/06\/Daniela-avatar-96x96.jpg","contentUrl":"https:\/\/www.sanovita.ro\/blog\/wp-content\/uploads\/2021\/06\/Daniela-avatar-96x96.jpg","caption":"Daniela Dan"},"description":"Pasiunea pentru buc\u0103t\u0103ria vegan\u0103 a \u00eenceput din dorin\u021ba de a-\u0219i hr\u0103ni s\u0103n\u0103tos familia. Treptat, dup\u0103 o serie de cursuri de formare \u0219i multe ore petrecute \u00een buc\u0103t\u0103rie, pasiunea a evoluat spre profesie. Chef Daniela iube\u0219te s\u0103 combine gusturi, culori, arome \u0219i texturi. Dac\u0103 ai dileme legat\u0103 de re\u021bete, gust, asocieri culinare, forme de prezentare, Daniela este omul potrivit c\u0103ruia s\u0103 \u00eei ceri o opinie. \u0218i garantat \u021bi-o va da abia dup\u0103 ce o va fi testat \u00een buc\u0103t\u0103ria proprie, unde zilnic se \u00eent\u00e2mpl\u0103 mult\u0103 magie.","url":"https:\/\/beta.sanovita.ro\/blog\/author\/daniela-dan\/"}]}},"jetpack_publicize_connections":[],"jetpack_featured_media_url":"https:\/\/beta.sanovita.ro\/blog\/wp-content\/uploads\/2020\/09\/shutterstock_670961761.jpg","featured_image_src":"https:\/\/beta.sanovita.ro\/blog\/wp-content\/uploads\/2020\/09\/shutterstock_670961761-729x486.jpg","jetpack_shortlink":"https:\/\/wp.me\/p8JCYA-4vi","jetpack_sharing_enabled":true,"_links":{"self":[{"href":"https:\/\/beta.sanovita.ro\/blog\/wp-json\/wp\/v2\/posts\/17316","targetHints":{"allow":["GET"]}}],"collection":[{"href":"https:\/\/beta.sanovita.ro\/blog\/wp-json\/wp\/v2\/posts"}],"about":[{"href":"https:\/\/beta.sanovita.ro\/blog\/wp-json\/wp\/v2\/types\/post"}],"author":[{"embeddable":true,"href":"https:\/\/beta.sanovita.ro\/blog\/wp-json\/wp\/v2\/users\/19"}],"replies":[{"embeddable":true,"href":"https:\/\/beta.sanovita.ro\/blog\/wp-json\/wp\/v2\/comments?post=17316"}],"version-history":[{"count":6,"href":"https:\/\/beta.sanovita.ro\/blog\/wp-json\/wp\/v2\/posts\/17316\/revisions"}],"predecessor-version":[{"id":17355,"href":"https:\/\/beta.sanovita.ro\/blog\/wp-json\/wp\/v2\/posts\/17316\/revisions\/17355"}],"wp:featuredmedia":[{"embeddable":true,"href":"https:\/\/beta.sanovita.ro\/blog\/wp-json\/wp\/v2\/media\/17326"}],"wp:attachment":[{"href":"https:\/\/beta.sanovita.ro\/blog\/wp-json\/wp\/v2\/media?parent=17316"}],"wp:term":[{"taxonomy":"category","embeddable":true,"href":"https:\/\/beta.sanovita.ro\/blog\/wp-json\/wp\/v2\/categories?post=17316"},{"taxonomy":"post_tag","embeddable":true,"href":"https:\/\/beta.sanovita.ro\/blog\/wp-json\/wp\/v2\/tags?post=17316"}],"curies":[{"name":"wp","href":"https:\/\/api.w.org\/{rel}","templated":true}]}}