{"id":17203,"date":"2020-08-21T13:17:05","date_gmt":"2020-08-21T10:17:05","guid":{"rendered":"https:\/\/www.sanovita.ro\/blog\/?p=17203"},"modified":"2021-06-23T18:59:46","modified_gmt":"2021-06-23T15:59:46","slug":"5-feluri-in-care-putem-integra-pepenele-la-micul-dejun","status":"publish","type":"post","link":"https:\/\/beta.sanovita.ro\/blog\/5-feluri-in-care-putem-integra-pepenele-la-micul-dejun\/","title":{"rendered":"5 feluri \u00een care putem integra pepenele la micul dejun"},"content":{"rendered":"<p>&nbsp;<\/p>\n<p><img loading=\"lazy\" decoding=\"async\" class=\"aligncenter wp-image-17204 size-full\" src=\"https:\/\/www.sanovita.ro\/blog\/wp-content\/uploads\/2020\/08\/shutterstock_735185545.jpg\" alt=\"pepenele\" width=\"1000\" height=\"667\" srcset=\"https:\/\/beta.sanovita.ro\/blog\/wp-content\/uploads\/2020\/08\/shutterstock_735185545.jpg 1000w, https:\/\/beta.sanovita.ro\/blog\/wp-content\/uploads\/2020\/08\/shutterstock_735185545-324x216.jpg 324w, https:\/\/beta.sanovita.ro\/blog\/wp-content\/uploads\/2020\/08\/shutterstock_735185545-729x486.jpg 729w, https:\/\/beta.sanovita.ro\/blog\/wp-content\/uploads\/2020\/08\/shutterstock_735185545-768x512.jpg 768w\" sizes=\"auto, (max-width: 1000px) 100vw, 1000px\" \/>Cu to\u021bii avem amintiri de c\u00e2nd eram mici \u0219i vara veneau mama, tata sau o alt\u0103 rud\u0103 cu un pepene mai mare ca noi \u0219i \u00eencepea s\u0103 \u00eel taie \u0219i s\u0103 \u00eel \u00eempart\u0103 tuturor. Nu \u0219tim cum reu\u0219eau \u00eens\u0103 pepenele ales de ei era foarte gustos \u0219i \u00eel m\u00e2ncai cu a\u0219a poft\u0103, \u00eenc\u00e2t abia te puteai opri. Datorit\u0103 acelor momente putem afirma c\u0103 pepenele este fructul preferat al verii, c\u00e2nd nimic nu poate st\u0103p\u00e2ni mai bine c\u0103ldura ca o felie de pepene rece.<\/p>\n<p>Din p\u0103cate, \u00een cultura culinar\u0103 rom\u00e2neasc\u0103 pepenele este \u00een general consumat la pr\u00e2nz sau seara &#8211; spunem \u201edin p\u0103cate\u201d pentru c\u0103 acesta hidrateaz\u0103 perfect \u00eenc\u0103 de la prima or\u0103!<\/p>\n<p>Iat\u0103, a\u0219adar, cinci idei prin care po\u021bi consuma pepenele la micul dejun pentru a te hidrata corespunz\u0103tor de la \u00eenceputul zilei.<\/p>\n<p><img loading=\"lazy\" decoding=\"async\" class=\"aligncenter wp-image-17205 size-full\" src=\"https:\/\/www.sanovita.ro\/blog\/wp-content\/uploads\/2020\/08\/shutterstock_679389301.jpg\" alt=\"penele cu fructe \u0219i iaurt\" width=\"1000\" height=\"667\" srcset=\"https:\/\/beta.sanovita.ro\/blog\/wp-content\/uploads\/2020\/08\/shutterstock_679389301.jpg 1000w, https:\/\/beta.sanovita.ro\/blog\/wp-content\/uploads\/2020\/08\/shutterstock_679389301-324x216.jpg 324w, https:\/\/beta.sanovita.ro\/blog\/wp-content\/uploads\/2020\/08\/shutterstock_679389301-729x486.jpg 729w, https:\/\/beta.sanovita.ro\/blog\/wp-content\/uploads\/2020\/08\/shutterstock_679389301-768x512.jpg 768w\" sizes=\"auto, (max-width: 1000px) 100vw, 1000px\" \/><\/p>\n<ol>\n<li><strong>Pizza din pepene #1<\/strong><\/li>\n<\/ol>\n<p>\u0218tim, pizza nu se m\u0103n\u00e2nc\u0103 de obicei la micul dejun, \u00eens\u0103 aceast\u0103 re\u021bet\u0103 este diferit\u0103. Iei o felie de pepene, pui pe ea iaurt (noi \u00ee\u021bi recomand\u0103m unul simplu, de post , \u00eens\u0103 po\u021bi varia \u00een func\u021bie de ce \u00ee\u021bi place), presari ni\u0219te <a href=\"https:\/\/www.sanovita.ro\/musli-crunch-cu-oligofructoza-400-g-292.html\">musli<\/a>, mai adaugi ni\u0219te frunze de ment\u0103 \u0219i busuioc \u0219i te-ai ales cu un mic dejun s\u0103n\u0103tos \u0219i hidratant.<\/p>\n<ol start=\"2\">\n<li><strong>Pizza din pepene #2<\/strong><\/li>\n<\/ol>\n<p>Dac\u0103 nu e\u0219ti mare fan ment\u0103 sau busuioc, mai avem \u00eenc\u0103 o re\u021bet\u0103 pentru tine. Primii pa\u0219i sunt aceea\u0219i ca la re\u021beta de mai sus, adic\u0103 o felie (sau mai multe) de pepene, iaurt \u0219i <a href=\"https:\/\/www.sanovita.ro\/musli-crunch-500g-819.html\">musli<\/a>, \u00eens\u0103 la final adaugi <a href=\"https:\/\/www.sanovita.ro\/seminte-de-dovleac-100g-2.html\">semin\u021be<\/a> \u0219i miere.<\/p>\n<ol start=\"3\">\n<li><strong>Salat\u0103 de fructe <\/strong><\/li>\n<\/ol>\n<p>Sunt cunoscute recomand\u0103rile de a consuma fructe pe stomacul gol. Dar de ce s\u0103 nu le combini \u00eentr-o salat\u0103 de fructe? Aceast\u0103 re\u021bet\u0103 este simpl\u0103 \u0219i gustoas\u0103. Pe l\u00e2ng\u0103 buc\u0103\u021belele de pepene, po\u021bi pune \u00een bol ce fructe \u00ee\u021bi plac, cum ar fi: c\u0103p\u0219uni, mere, pere, fructe de p\u0103dure, banane. Peste po\u021bi ad\u0103uga pu\u021bin\u0103 miere sau zah\u0103r brun (dar merge foarte bine \u0219i f\u0103r\u0103).<\/p>\n<p><img loading=\"lazy\" decoding=\"async\" class=\"aligncenter wp-image-17206 size-full\" src=\"https:\/\/www.sanovita.ro\/blog\/wp-content\/uploads\/2020\/08\/shutterstock_252802582.jpg\" alt=\"smoothie cu pepene\" width=\"1000\" height=\"667\" srcset=\"https:\/\/beta.sanovita.ro\/blog\/wp-content\/uploads\/2020\/08\/shutterstock_252802582.jpg 1000w, https:\/\/beta.sanovita.ro\/blog\/wp-content\/uploads\/2020\/08\/shutterstock_252802582-324x216.jpg 324w, https:\/\/beta.sanovita.ro\/blog\/wp-content\/uploads\/2020\/08\/shutterstock_252802582-729x486.jpg 729w, https:\/\/beta.sanovita.ro\/blog\/wp-content\/uploads\/2020\/08\/shutterstock_252802582-768x512.jpg 768w\" sizes=\"auto, (max-width: 1000px) 100vw, 1000px\" \/><\/p>\n<ol start=\"4\">\n<li><strong>Smoothie cu pepene \u0219i c\u0103p\u0219uni<\/strong><\/li>\n<\/ol>\n<p>Pentru cei care evit\u0103 de obicei micul dejun, ne-am g\u00e2ndit s\u0103 ad\u0103ug\u0103m \u0219i un smoothie, poate a\u0219a le vine pofta de m\u00e2ncare! \ud83d\ude42 Pui \u00eentr-un blender dou\u0103 portocale medii, dou\u0103 c\u0103ni de pepene f\u0103r\u0103 s\u00e2mburi, dou\u0103 c\u0103ni de c\u0103p\u0219uni congelate \u0219i c\u00e2teva frunze de ment\u0103 sau rozmarin. Le amesteci timp de 30 p\u00e2n\u0103 la 60 de secunde, p\u00e2n\u0103 c\u00e2nd con\u021binutul este fin \u0219i \u00eenghe\u021bat &#8211; \u0219i ai terminat!<\/p>\n<ol start=\"5\">\n<li><strong>Gazpacho de pepene<\/strong><\/li>\n<\/ol>\n<p>O sup\u0103 rece este bine venit\u0103 \u00een orice moment al zilei, \u00een special \u00een zilele toride de var\u0103.<\/p>\n<p>\u00cencepi prin a pune \u00een blender dou\u0103 c\u0103ni de pepene f\u0103r\u0103 s\u00e2mburi \u0219i 6 ro\u0219ii medii, le amesteci bine \u0219i strecori con\u021binutul printr-o sit\u0103. Adaugi sare \u0219i piper dup\u0103 gust \u0219i \u00eel serve\u0219ti cu c\u00e2teva frunze de busuioc deasupra. \u0218i cu ni\u0219te crutoane, dac\u0103-\u021bi place.<\/p>\n<p>A\u0219adar, data viitoare c\u00e2nd \u00ee\u021bi iei un pepene \u00eencearc\u0103 s\u0103 faci una dintre ideile propuse de noi. Sper\u0103m c\u0103 o s\u0103 \u00ee\u021bi plac\u0103!<\/p>\n","protected":false},"excerpt":{"rendered":"<p>&nbsp; Cu to\u021bii avem amintiri de c\u00e2nd eram mici \u0219i vara veneau mama, tata sau o alt\u0103 rud\u0103 cu un pepene mai mare ca noi \u0219i \u00eencepea s\u0103 \u00eel taie \u0219i s\u0103 \u00eel \u00eempart\u0103 tuturor. Nu \u0219tim cum reu\u0219eau \u00eens\u0103 pepenele ales de ei era foarte gustos \u0219i \u00eel m\u00e2ncai cu a\u0219a poft\u0103, \u00eenc\u00e2t abia [&hellip;]<\/p>\n","protected":false},"author":12,"featured_media":17204,"comment_status":"open","ping_status":"open","sticky":false,"template":"","format":"standard","meta":{"jetpack_post_was_ever_published":false,"_jetpack_newsletter_access":"","_jetpack_dont_email_post_to_subs":false,"_jetpack_newsletter_tier_id":0,"_jetpack_memberships_contains_paywalled_content":false,"_jetpack_memberships_contains_paid_content":false,"footnotes":"","jetpack_publicize_message":"","jetpack_publicize_feature_enabled":true,"jetpack_social_post_already_shared":true,"jetpack_social_options":{"image_generator_settings":{"template":"highway","enabled":false},"version":2}},"categories":[55,1],"tags":[800,851,595,852,716,779],"class_list":{"0":"post-17203","1":"post","2":"type-post","3":"status-publish","4":"format-standard","5":"has-post-thumbnail","7":"category-gustari","8":"category-retete","9":"tag-mic-dejun","10":"tag-pepene","11":"tag-pepene-rosu","12":"tag-retete","13":"tag-sano-vita","14":"tag-sanovita"},"yoast_head":"<!-- This site is optimized with the Yoast SEO plugin v19.14 - https:\/\/yoast.com\/wordpress\/plugins\/seo\/ -->\n<title>5 feluri \u00een care putem integra pepenele la micul dejun &ndash; Zi de zi mai bine - SanoVita<\/title>\n<meta name=\"description\" content=\"Iat\u0103, a\u0219adar, cinci idei prin care po\u021bi consuma pepenele la micul dejun pentru a te hidrata corespunz\u0103tor de la \u00eenceputul zilei.\" \/>\n<meta name=\"robots\" content=\"index, follow, max-snippet:-1, max-image-preview:large, max-video-preview:-1\" \/>\n<link rel=\"canonical\" href=\"https:\/\/beta.sanovita.ro\/blog\/5-feluri-in-care-putem-integra-pepenele-la-micul-dejun\/\" \/>\n<meta property=\"og:locale\" content=\"ro_RO\" \/>\n<meta property=\"og:type\" content=\"article\" \/>\n<meta property=\"og:title\" content=\"5 feluri \u00een care putem integra pepenele la micul dejun &ndash; Zi de zi mai bine - SanoVita\" \/>\n<meta property=\"og:description\" content=\"Iat\u0103, a\u0219adar, cinci idei prin care po\u021bi consuma pepenele la micul dejun pentru a te hidrata corespunz\u0103tor de la \u00eenceputul zilei.\" \/>\n<meta property=\"og:url\" content=\"https:\/\/beta.sanovita.ro\/blog\/5-feluri-in-care-putem-integra-pepenele-la-micul-dejun\/\" \/>\n<meta property=\"og:site_name\" content=\"Zi de zi mai bine - SanoVita\" \/>\n<meta property=\"article:publisher\" content=\"https:\/\/www.facebook.com\/SanoVita\/\" \/>\n<meta property=\"article:author\" content=\"https:\/\/www.facebook.com\/SanoVita\/\" \/>\n<meta property=\"article:published_time\" content=\"2020-08-21T10:17:05+00:00\" \/>\n<meta property=\"article:modified_time\" content=\"2021-06-23T15:59:46+00:00\" \/>\n<meta property=\"og:image\" content=\"https:\/\/beta.sanovita.ro\/blog\/wp-content\/uploads\/2020\/08\/shutterstock_735185545.jpg\" \/>\n\t<meta property=\"og:image:width\" content=\"1000\" \/>\n\t<meta property=\"og:image:height\" content=\"667\" \/>\n\t<meta property=\"og:image:type\" content=\"image\/jpeg\" \/>\n<meta name=\"author\" content=\"Expertul SanoVita\" \/>\n<meta name=\"twitter:card\" content=\"summary_large_image\" \/>\n<meta name=\"twitter:creator\" content=\"@https:\/\/twitter.com\/sanovitaoficial\" \/>\n<meta name=\"twitter:site\" content=\"@SanoVitaOficial\" \/>\n<meta name=\"twitter:label1\" content=\"Scris de\" \/>\n\t<meta name=\"twitter:data1\" content=\"Expertul SanoVita\" \/>\n\t<meta name=\"twitter:label2\" content=\"Timp estimat pentru citire\" \/>\n\t<meta name=\"twitter:data2\" content=\"3 minute\" \/>\n<script type=\"application\/ld+json\" class=\"yoast-schema-graph\">{\"@context\":\"https:\/\/schema.org\",\"@graph\":[{\"@type\":\"Article\",\"@id\":\"https:\/\/beta.sanovita.ro\/blog\/5-feluri-in-care-putem-integra-pepenele-la-micul-dejun\/#article\",\"isPartOf\":{\"@id\":\"https:\/\/beta.sanovita.ro\/blog\/5-feluri-in-care-putem-integra-pepenele-la-micul-dejun\/\"},\"author\":{\"name\":\"Expertul SanoVita\",\"@id\":\"https:\/\/beta.sanovita.ro\/blog\/#\/schema\/person\/9f87f9806cd9a47de966c1dce4829b60\"},\"headline\":\"5 feluri \u00een care putem integra pepenele la micul dejun\",\"datePublished\":\"2020-08-21T10:17:05+00:00\",\"dateModified\":\"2021-06-23T15:59:46+00:00\",\"mainEntityOfPage\":{\"@id\":\"https:\/\/beta.sanovita.ro\/blog\/5-feluri-in-care-putem-integra-pepenele-la-micul-dejun\/\"},\"wordCount\":556,\"commentCount\":0,\"publisher\":{\"@id\":\"https:\/\/beta.sanovita.ro\/blog\/#organization\"},\"keywords\":[\"mic dejun\",\"pepene\",\"pepene rosu\",\"retete\",\"sano vita\",\"sanovita\"],\"articleSection\":[\"Mic dejun s\u0103n\u0103tos\",\"Re\u021bete\"],\"inLanguage\":\"ro-RO\",\"potentialAction\":[{\"@type\":\"CommentAction\",\"name\":\"Comment\",\"target\":[\"https:\/\/beta.sanovita.ro\/blog\/5-feluri-in-care-putem-integra-pepenele-la-micul-dejun\/#respond\"]}]},{\"@type\":\"WebPage\",\"@id\":\"https:\/\/beta.sanovita.ro\/blog\/5-feluri-in-care-putem-integra-pepenele-la-micul-dejun\/\",\"url\":\"https:\/\/beta.sanovita.ro\/blog\/5-feluri-in-care-putem-integra-pepenele-la-micul-dejun\/\",\"name\":\"5 feluri \u00een care putem integra pepenele la micul dejun &ndash; Zi de zi mai bine - SanoVita\",\"isPartOf\":{\"@id\":\"https:\/\/beta.sanovita.ro\/blog\/#website\"},\"datePublished\":\"2020-08-21T10:17:05+00:00\",\"dateModified\":\"2021-06-23T15:59:46+00:00\",\"description\":\"Iat\u0103, a\u0219adar, cinci idei prin care po\u021bi consuma pepenele la micul dejun pentru a te hidrata corespunz\u0103tor de la \u00eenceputul zilei.\",\"inLanguage\":\"ro-RO\",\"potentialAction\":[{\"@type\":\"ReadAction\",\"target\":[\"https:\/\/beta.sanovita.ro\/blog\/5-feluri-in-care-putem-integra-pepenele-la-micul-dejun\/\"]}]},{\"@type\":\"WebSite\",\"@id\":\"https:\/\/beta.sanovita.ro\/blog\/#website\",\"url\":\"https:\/\/beta.sanovita.ro\/blog\/\",\"name\":\"Zi de zi mai bine\",\"description\":\"Zi de zi mai bine!\",\"publisher\":{\"@id\":\"https:\/\/beta.sanovita.ro\/blog\/#organization\"},\"potentialAction\":[{\"@type\":\"SearchAction\",\"target\":{\"@type\":\"EntryPoint\",\"urlTemplate\":\"https:\/\/beta.sanovita.ro\/blog\/?s={search_term_string}\"},\"query-input\":\"required name=search_term_string\"}],\"inLanguage\":\"ro-RO\"},{\"@type\":\"Organization\",\"@id\":\"https:\/\/beta.sanovita.ro\/blog\/#organization\",\"name\":\"Sano Vita\",\"url\":\"https:\/\/beta.sanovita.ro\/blog\/\",\"logo\":{\"@type\":\"ImageObject\",\"inLanguage\":\"ro-RO\",\"@id\":\"https:\/\/beta.sanovita.ro\/blog\/#\/schema\/logo\/image\/\",\"url\":\"https:\/\/sanovita.ro\/blog\/wp-content\/uploads\/2021\/05\/sanovita-new.png\",\"contentUrl\":\"https:\/\/sanovita.ro\/blog\/wp-content\/uploads\/2021\/05\/sanovita-new.png\",\"width\":546,\"height\":110,\"caption\":\"Sano Vita\"},\"image\":{\"@id\":\"https:\/\/beta.sanovita.ro\/blog\/#\/schema\/logo\/image\/\"},\"sameAs\":[\"https:\/\/www.instagram.com\/sano_vita\",\"https:\/\/www.facebook.com\/SanoVita\/\",\"https:\/\/twitter.com\/SanoVitaOficial\"]},{\"@type\":\"Person\",\"@id\":\"https:\/\/beta.sanovita.ro\/blog\/#\/schema\/person\/9f87f9806cd9a47de966c1dce4829b60\",\"name\":\"Expertul SanoVita\",\"image\":{\"@type\":\"ImageObject\",\"inLanguage\":\"ro-RO\",\"@id\":\"https:\/\/beta.sanovita.ro\/blog\/#\/schema\/person\/image\/\",\"url\":\"https:\/\/www.sanovita.ro\/blog\/wp-content\/uploads\/2021\/08\/expert-sano-2-96x96.png\",\"contentUrl\":\"https:\/\/www.sanovita.ro\/blog\/wp-content\/uploads\/2021\/08\/expert-sano-2-96x96.png\",\"caption\":\"Expertul SanoVita\"},\"description\":\"Viziunea SanoVita este c\u0103, promov\u00e2nd hrana s\u0103n\u0103toas\u0103, nu doar vom asista la o \u00eembun\u0103t\u0103\u021bire a s\u0103n\u0103t\u0103\u021bii rom\u00e2nilor, ci, mai mult de at\u00e2t, vom fi unul dintre factorii care particip\u0103 activ la schimbarea \u00een bine. Ne dorim s\u0103 contribuim la o lume mai bun\u0103, mai con\u0219tient\u0103 de ceea ce m\u0103n\u00e2nc\u0103, de oportunit\u0103\u021bile care exist\u0103 \u00een c\u0103mara fiec\u0103ruia \u0219i s\u0103 d\u0103m idei pentru o alimenta\u021bie s\u0103n\u0103toas\u0103 \u0219i, \u00een acela\u0219i timp, gustoas\u0103.\",\"sameAs\":[\"https:\/\/www.sanovita.ro\/\",\"https:\/\/www.facebook.com\/SanoVita\/\",\"https:\/\/www.instagram.com\/sano_vita\/\",\"https:\/\/twitter.com\/https:\/\/twitter.com\/sanovitaoficial\",\"https:\/\/www.youtube.com\/channel\/UCBKoqOSEJxjRCSiZcoi_1NA\"],\"url\":\"https:\/\/beta.sanovita.ro\/blog\/author\/expertul-sanovita\/\"}]}<\/script>\n<!-- \/ Yoast SEO plugin. -->","yoast_head_json":{"title":"5 feluri \u00een care putem integra pepenele la micul dejun &ndash; Zi de zi mai bine - SanoVita","description":"Iat\u0103, a\u0219adar, cinci idei prin care po\u021bi consuma pepenele la micul dejun pentru a te hidrata corespunz\u0103tor de la \u00eenceputul zilei.","robots":{"index":"index","follow":"follow","max-snippet":"max-snippet:-1","max-image-preview":"max-image-preview:large","max-video-preview":"max-video-preview:-1"},"canonical":"https:\/\/beta.sanovita.ro\/blog\/5-feluri-in-care-putem-integra-pepenele-la-micul-dejun\/","og_locale":"ro_RO","og_type":"article","og_title":"5 feluri \u00een care putem integra pepenele la micul dejun &ndash; Zi de zi mai bine - SanoVita","og_description":"Iat\u0103, a\u0219adar, cinci idei prin care po\u021bi consuma pepenele la micul dejun pentru a te hidrata corespunz\u0103tor de la \u00eenceputul zilei.","og_url":"https:\/\/beta.sanovita.ro\/blog\/5-feluri-in-care-putem-integra-pepenele-la-micul-dejun\/","og_site_name":"Zi de zi mai bine - SanoVita","article_publisher":"https:\/\/www.facebook.com\/SanoVita\/","article_author":"https:\/\/www.facebook.com\/SanoVita\/","article_published_time":"2020-08-21T10:17:05+00:00","article_modified_time":"2021-06-23T15:59:46+00:00","og_image":[{"width":1000,"height":667,"url":"https:\/\/beta.sanovita.ro\/blog\/wp-content\/uploads\/2020\/08\/shutterstock_735185545.jpg","type":"image\/jpeg"}],"author":"Expertul SanoVita","twitter_card":"summary_large_image","twitter_creator":"@https:\/\/twitter.com\/sanovitaoficial","twitter_site":"@SanoVitaOficial","twitter_misc":{"Scris de":"Expertul SanoVita","Timp estimat pentru citire":"3 minute"},"schema":{"@context":"https:\/\/schema.org","@graph":[{"@type":"Article","@id":"https:\/\/beta.sanovita.ro\/blog\/5-feluri-in-care-putem-integra-pepenele-la-micul-dejun\/#article","isPartOf":{"@id":"https:\/\/beta.sanovita.ro\/blog\/5-feluri-in-care-putem-integra-pepenele-la-micul-dejun\/"},"author":{"name":"Expertul SanoVita","@id":"https:\/\/beta.sanovita.ro\/blog\/#\/schema\/person\/9f87f9806cd9a47de966c1dce4829b60"},"headline":"5 feluri \u00een care putem integra pepenele la micul dejun","datePublished":"2020-08-21T10:17:05+00:00","dateModified":"2021-06-23T15:59:46+00:00","mainEntityOfPage":{"@id":"https:\/\/beta.sanovita.ro\/blog\/5-feluri-in-care-putem-integra-pepenele-la-micul-dejun\/"},"wordCount":556,"commentCount":0,"publisher":{"@id":"https:\/\/beta.sanovita.ro\/blog\/#organization"},"keywords":["mic dejun","pepene","pepene rosu","retete","sano vita","sanovita"],"articleSection":["Mic dejun s\u0103n\u0103tos","Re\u021bete"],"inLanguage":"ro-RO","potentialAction":[{"@type":"CommentAction","name":"Comment","target":["https:\/\/beta.sanovita.ro\/blog\/5-feluri-in-care-putem-integra-pepenele-la-micul-dejun\/#respond"]}]},{"@type":"WebPage","@id":"https:\/\/beta.sanovita.ro\/blog\/5-feluri-in-care-putem-integra-pepenele-la-micul-dejun\/","url":"https:\/\/beta.sanovita.ro\/blog\/5-feluri-in-care-putem-integra-pepenele-la-micul-dejun\/","name":"5 feluri \u00een care putem integra pepenele la micul dejun &ndash; Zi de zi mai bine - SanoVita","isPartOf":{"@id":"https:\/\/beta.sanovita.ro\/blog\/#website"},"datePublished":"2020-08-21T10:17:05+00:00","dateModified":"2021-06-23T15:59:46+00:00","description":"Iat\u0103, a\u0219adar, cinci idei prin care po\u021bi consuma pepenele la micul dejun pentru a te hidrata corespunz\u0103tor de la \u00eenceputul zilei.","inLanguage":"ro-RO","potentialAction":[{"@type":"ReadAction","target":["https:\/\/beta.sanovita.ro\/blog\/5-feluri-in-care-putem-integra-pepenele-la-micul-dejun\/"]}]},{"@type":"WebSite","@id":"https:\/\/beta.sanovita.ro\/blog\/#website","url":"https:\/\/beta.sanovita.ro\/blog\/","name":"Zi de zi mai bine","description":"Zi de zi mai bine!","publisher":{"@id":"https:\/\/beta.sanovita.ro\/blog\/#organization"},"potentialAction":[{"@type":"SearchAction","target":{"@type":"EntryPoint","urlTemplate":"https:\/\/beta.sanovita.ro\/blog\/?s={search_term_string}"},"query-input":"required name=search_term_string"}],"inLanguage":"ro-RO"},{"@type":"Organization","@id":"https:\/\/beta.sanovita.ro\/blog\/#organization","name":"Sano Vita","url":"https:\/\/beta.sanovita.ro\/blog\/","logo":{"@type":"ImageObject","inLanguage":"ro-RO","@id":"https:\/\/beta.sanovita.ro\/blog\/#\/schema\/logo\/image\/","url":"https:\/\/sanovita.ro\/blog\/wp-content\/uploads\/2021\/05\/sanovita-new.png","contentUrl":"https:\/\/sanovita.ro\/blog\/wp-content\/uploads\/2021\/05\/sanovita-new.png","width":546,"height":110,"caption":"Sano Vita"},"image":{"@id":"https:\/\/beta.sanovita.ro\/blog\/#\/schema\/logo\/image\/"},"sameAs":["https:\/\/www.instagram.com\/sano_vita","https:\/\/www.facebook.com\/SanoVita\/","https:\/\/twitter.com\/SanoVitaOficial"]},{"@type":"Person","@id":"https:\/\/beta.sanovita.ro\/blog\/#\/schema\/person\/9f87f9806cd9a47de966c1dce4829b60","name":"Expertul SanoVita","image":{"@type":"ImageObject","inLanguage":"ro-RO","@id":"https:\/\/beta.sanovita.ro\/blog\/#\/schema\/person\/image\/","url":"https:\/\/www.sanovita.ro\/blog\/wp-content\/uploads\/2021\/08\/expert-sano-2-96x96.png","contentUrl":"https:\/\/www.sanovita.ro\/blog\/wp-content\/uploads\/2021\/08\/expert-sano-2-96x96.png","caption":"Expertul SanoVita"},"description":"Viziunea SanoVita este c\u0103, promov\u00e2nd hrana s\u0103n\u0103toas\u0103, nu doar vom asista la o \u00eembun\u0103t\u0103\u021bire a s\u0103n\u0103t\u0103\u021bii rom\u00e2nilor, ci, mai mult de at\u00e2t, vom fi unul dintre factorii care particip\u0103 activ la schimbarea \u00een bine. Ne dorim s\u0103 contribuim la o lume mai bun\u0103, mai con\u0219tient\u0103 de ceea ce m\u0103n\u00e2nc\u0103, de oportunit\u0103\u021bile care exist\u0103 \u00een c\u0103mara fiec\u0103ruia \u0219i s\u0103 d\u0103m idei pentru o alimenta\u021bie s\u0103n\u0103toas\u0103 \u0219i, \u00een acela\u0219i timp, gustoas\u0103.","sameAs":["https:\/\/www.sanovita.ro\/","https:\/\/www.facebook.com\/SanoVita\/","https:\/\/www.instagram.com\/sano_vita\/","https:\/\/twitter.com\/https:\/\/twitter.com\/sanovitaoficial","https:\/\/www.youtube.com\/channel\/UCBKoqOSEJxjRCSiZcoi_1NA"],"url":"https:\/\/beta.sanovita.ro\/blog\/author\/expertul-sanovita\/"}]}},"jetpack_publicize_connections":[],"jetpack_featured_media_url":"https:\/\/beta.sanovita.ro\/blog\/wp-content\/uploads\/2020\/08\/shutterstock_735185545.jpg","featured_image_src":"https:\/\/beta.sanovita.ro\/blog\/wp-content\/uploads\/2020\/08\/shutterstock_735185545-729x486.jpg","jetpack_shortlink":"https:\/\/wp.me\/p8JCYA-4tt","jetpack_sharing_enabled":true,"_links":{"self":[{"href":"https:\/\/beta.sanovita.ro\/blog\/wp-json\/wp\/v2\/posts\/17203","targetHints":{"allow":["GET"]}}],"collection":[{"href":"https:\/\/beta.sanovita.ro\/blog\/wp-json\/wp\/v2\/posts"}],"about":[{"href":"https:\/\/beta.sanovita.ro\/blog\/wp-json\/wp\/v2\/types\/post"}],"author":[{"embeddable":true,"href":"https:\/\/beta.sanovita.ro\/blog\/wp-json\/wp\/v2\/users\/12"}],"replies":[{"embeddable":true,"href":"https:\/\/beta.sanovita.ro\/blog\/wp-json\/wp\/v2\/comments?post=17203"}],"version-history":[{"count":3,"href":"https:\/\/beta.sanovita.ro\/blog\/wp-json\/wp\/v2\/posts\/17203\/revisions"}],"predecessor-version":[{"id":17221,"href":"https:\/\/beta.sanovita.ro\/blog\/wp-json\/wp\/v2\/posts\/17203\/revisions\/17221"}],"wp:featuredmedia":[{"embeddable":true,"href":"https:\/\/beta.sanovita.ro\/blog\/wp-json\/wp\/v2\/media\/17204"}],"wp:attachment":[{"href":"https:\/\/beta.sanovita.ro\/blog\/wp-json\/wp\/v2\/media?parent=17203"}],"wp:term":[{"taxonomy":"category","embeddable":true,"href":"https:\/\/beta.sanovita.ro\/blog\/wp-json\/wp\/v2\/categories?post=17203"},{"taxonomy":"post_tag","embeddable":true,"href":"https:\/\/beta.sanovita.ro\/blog\/wp-json\/wp\/v2\/tags?post=17203"}],"curies":[{"name":"wp","href":"https:\/\/api.w.org\/{rel}","templated":true}]}}