{"id":16949,"date":"2020-07-23T18:36:28","date_gmt":"2020-07-23T15:36:28","guid":{"rendered":"https:\/\/www.sanovita.ro\/blog\/?p=16949"},"modified":"2024-11-25T15:30:06","modified_gmt":"2024-11-25T13:30:06","slug":"dovlecei-la-gratar","status":"publish","type":"post","link":"https:\/\/beta.sanovita.ro\/blog\/dovlecei-la-gratar\/","title":{"rendered":"Dovlecei la gr\u0103tar cu drojdie inactiv\u0103"},"content":{"rendered":"<section class=\"wpb-content-wrapper\"><p><img loading=\"lazy\" decoding=\"async\" class=\"aligncenter wp-image-16954 size-full\" src=\"https:\/\/www.sanovita.ro\/blog\/wp-content\/uploads\/2020\/07\/shutterstock_111781241-resize-scaled.jpg\" alt=\"dovlecei la gratar cu ulei si drojdie inactiva\" width=\"2560\" height=\"1707\" srcset=\"https:\/\/beta.sanovita.ro\/blog\/wp-content\/uploads\/2020\/07\/shutterstock_111781241-resize-scaled.jpg 2560w, https:\/\/beta.sanovita.ro\/blog\/wp-content\/uploads\/2020\/07\/shutterstock_111781241-resize-324x216.jpg 324w, https:\/\/beta.sanovita.ro\/blog\/wp-content\/uploads\/2020\/07\/shutterstock_111781241-resize-729x486.jpg 729w, https:\/\/beta.sanovita.ro\/blog\/wp-content\/uploads\/2020\/07\/shutterstock_111781241-resize-768x512.jpg 768w, https:\/\/beta.sanovita.ro\/blog\/wp-content\/uploads\/2020\/07\/shutterstock_111781241-resize-1536x1024.jpg 1536w, https:\/\/beta.sanovita.ro\/blog\/wp-content\/uploads\/2020\/07\/shutterstock_111781241-resize-2048x1365.jpg 2048w\" sizes=\"auto, (max-width: 2560px) 100vw, 2560px\" \/>Dovleceii sunt garnitura perfect\u0103 pentru orice tip de gr\u0103tar \u2013 carnivor sau nu &#8211; \u0219i pot fi, de asemenea, o gustare delicioas\u0103 pentru zilele de post. \u00cen plus, merit\u0103 s\u0103 ad\u0103ug\u0103m faptul c\u0103 dovlecelul este un aliment intens hidratant. Asta \u00eel face perfect pentru zilele c\u0103lduroase!<\/p>\n<p>&nbsp;<\/p>\n<div class=\"td_text_columns_two_cols\">\n<p style=\"text-align: center;\"><span style=\"font-size: 10pt;\"><strong>TIMP DE PREPARARE \u00a0<\/strong> <span style=\"color: #ff0000;\">15 &#8211; 20 minute<\/span><br \/>\n<\/span><\/p>\n<p style=\"text-align: center;\"><span style=\"font-size: 10pt;\"><strong>POR\u021aII\u00a0 \u00a0<\/strong><span style=\"color: #ff0000;\">2<\/span><\/span><\/p>\n<p style=\"text-align: center;\"><span style=\"font-size: 10pt;\"><strong>TIP RE\u021aET\u0102\u00a0 \u00a0Fel principal<\/strong><\/span><\/p>\n<p style=\"text-align: center;\"><span style=\"font-size: 10pt;\"><strong>DIFICULTATE \u00a0<\/strong> <span style=\"color: #ff0000;\">Medie<\/span><br \/>\n<\/span><\/p>\n<p style=\"text-align: center;\"><span style=\"font-size: 10pt;\"><strong>PRINTEAZ\u0102 RE\u021aETA<\/strong> <\/span><\/p>\n<p style=\"text-align: center;\"><span style=\"font-size: 10pt;\"><span style=\"color: #000000;\"><div class=\"printfriendly pf-button  pf-aligncenter\">\n                    <a href=\"https:\/\/beta.sanovita.ro\/blog\/dovlecei-la-gratar\/?pfstyle=wp\" rel=\"nofollow\" onclick=\"\" title=\"Printer Friendly, PDF & Email\">\n                    <img decoding=\"async\" class=\"pf-button-img\" src=\"https:\/\/cdn.printfriendly.com\/buttons\/printfriendly-pdf-button.png\" alt=\"Print Friendly, PDF & Email\" style=\"width: 112px;height: 24px;\"  \/>\n                    <\/a>\n                <\/div><\/span><br \/>\n<\/span><\/p>\n<\/div>\n<hr \/>\n<h3 style=\"text-align: left;\"><i class=\"fa fa-shopping-basket \" ><\/i> \u00a0 Ingrediente pentru dovlecei la gr\u0103tar<\/h3>\n<div class=\"blog-info\">\n<div class=\"description\">\n<div class=\"inner\">\n<ul>\n<li>\u00a01 dovlecel de m\u0103rime medie<\/li>\n<li>o lingur\u0103 de ulei de m\u0103sline<\/li>\n<li>1 frunz\u0103 uscat\u0103 de ment\u0103<\/li>\n<li>1 frunz\u0103 uscat\u0103 de busuioc<\/li>\n<li>1 ca\u021bel mic de usturoi<\/li>\n<li>5 gr. o\u021bet de struguri albi<\/li>\n<li>25 gr. <a href=\"https:\/\/www.sanovita.ro\/fulgi-de-drojdie-uscata-500g-63.html\">fulgi de drojdie inactiv\u0103<\/a><\/li>\n<li><a href=\"https:\/\/www.sanovita.ro\/niavis-sare-neagra-de-himalaya-250g-915.html\">sare<\/a><\/li>\n<\/ul>\n<div id=\"tdi_1\" class=\"tdc-row\"><div class=\"vc_row tdi_2  wpb_row td-pb-row\" >\n<style scoped>\n\n\/* custom css *\/\n.tdi_2,\r\n                .tdi_2 .tdc-columns{\r\n                    min-height: 0;\r\n                }.tdi_2,\r\n\t\t\t\t.tdi_2 .tdc-columns{\r\n\t\t\t\t    display: block;\r\n\t\t\t\t}.tdi_2 .tdc-columns{\r\n\t\t\t\t    width: 100%;\r\n\t\t\t\t}\n<\/style><div class=\"vc_column tdi_4  wpb_column vc_column_container tdc-column td-pb-span12\">\n<style scoped>\n\n\/* custom css *\/\n.tdi_4{\r\n                    vertical-align: baseline;\r\n                }.tdi_4 > .wpb_wrapper,\r\n\t\t\t\t.tdi_4 > .wpb_wrapper > .tdc-elements{\r\n\t\t\t\t    display: block;\r\n\t\t\t\t}.tdi_4 > .wpb_wrapper > .tdc-elements{\r\n\t\t\t\t    width: 100%;\r\n\t\t\t\t}.tdi_4 > .wpb_wrapper > .vc_row_inner{\r\n\t\t\t\t    width: auto;\r\n\t\t\t\t}.tdi_4 > .wpb_wrapper{\r\n\t\t\t\t    width: auto;\r\n\t\t\t\t    height: auto;\r\n\t\t\t\t}\n<\/style><div class=\"wpb_wrapper\" >[vc_custom_heading text=&#8221;Vrei s\u0103 preg\u0103te\u0219ti re\u021beta? Cump\u0103r\u0103 produsele!&#8221; font_container=&#8221;tag:h3|text_align:center|color:%23dd3333&#8243; use_theme_fonts=&#8221;yes&#8221;]<\/div><\/div><\/div><\/div><div id=\"tdi_5\" class=\"tdc-row\"><div class=\"vc_row tdi_6  wpb_row td-pb-row\" >\n<style scoped>\n\n\/* custom css *\/\n.tdi_6,\r\n                .tdi_6 .tdc-columns{\r\n                    min-height: 0;\r\n                }.tdi_6,\r\n\t\t\t\t.tdi_6 .tdc-columns{\r\n\t\t\t\t    display: block;\r\n\t\t\t\t}.tdi_6 .tdc-columns{\r\n\t\t\t\t    width: 100%;\r\n\t\t\t\t}\n<\/style><div class=\"vc_column tdi_8  wpb_column vc_column_container tdc-column td-pb-span6\">\n<style scoped>\n\n\/* custom css *\/\n.tdi_8{\r\n                    vertical-align: baseline;\r\n                }.tdi_8 > .wpb_wrapper,\r\n\t\t\t\t.tdi_8 > .wpb_wrapper > .tdc-elements{\r\n\t\t\t\t    display: block;\r\n\t\t\t\t}.tdi_8 > .wpb_wrapper > .tdc-elements{\r\n\t\t\t\t    width: 100%;\r\n\t\t\t\t}.tdi_8 > .wpb_wrapper > .vc_row_inner{\r\n\t\t\t\t    width: auto;\r\n\t\t\t\t}.tdi_8 > .wpb_wrapper{\r\n\t\t\t\t    width: auto;\r\n\t\t\t\t    height: auto;\r\n\t\t\t\t}\n<\/style><div class=\"wpb_wrapper\" >[vc_cta h2=&#8221;&#8221; h4=&#8221;Fulgi de drojdie inactiv\u0103&#8221; txt_align=&#8221;center&#8221; color=&#8221;green&#8221; add_button=&#8221;bottom&#8221; btn_title=&#8221;Vezi detalii produs&#8221; btn_style=&#8221;classic&#8221; btn_color=&#8221;danger&#8221; btn_size=&#8221;sm&#8221; btn_align=&#8221;center&#8221; btn_link=&#8221;url:https%3A%2F%2Fwww.sanovita.ro%2Ffulgi-de-drojdie-uscata-500g-63.html%3Futm_medium%3Dblog%26utm_source%3Dretetablog-dovlecei-la-gratar||target:%20_blank|rel:nofollow&#8221;]<\/p>\n<p>&nbsp;<\/p>\n<p><img loading=\"lazy\" decoding=\"async\" class=\"aligncenter wp-image-16951\" src=\"https:\/\/www.sanovita.ro\/blog\/wp-content\/uploads\/2020\/07\/fulgi-de-drojdie-uscata-500g.jpg\" alt=\"FULGI DE DROJDIE INACTIVA USCATA 500G\" width=\"233\" height=\"233\" srcset=\"https:\/\/beta.sanovita.ro\/blog\/wp-content\/uploads\/2020\/07\/fulgi-de-drojdie-uscata-500g.jpg 458w, https:\/\/beta.sanovita.ro\/blog\/wp-content\/uploads\/2020\/07\/fulgi-de-drojdie-uscata-500g-324x324.jpg 324w, https:\/\/beta.sanovita.ro\/blog\/wp-content\/uploads\/2020\/07\/fulgi-de-drojdie-uscata-500g-200x200.jpg 200w\" sizes=\"auto, (max-width: 233px) 100vw, 233px\" \/>[\/vc_cta]<\/div><\/div><div class=\"vc_column tdi_10  wpb_column vc_column_container tdc-column td-pb-span6\">\n<style scoped>\n\n\/* custom css *\/\n.tdi_10{\r\n                    vertical-align: baseline;\r\n                }.tdi_10 > .wpb_wrapper,\r\n\t\t\t\t.tdi_10 > .wpb_wrapper > .tdc-elements{\r\n\t\t\t\t    display: block;\r\n\t\t\t\t}.tdi_10 > .wpb_wrapper > .tdc-elements{\r\n\t\t\t\t    width: 100%;\r\n\t\t\t\t}.tdi_10 > .wpb_wrapper > .vc_row_inner{\r\n\t\t\t\t    width: auto;\r\n\t\t\t\t}.tdi_10 > .wpb_wrapper{\r\n\t\t\t\t    width: auto;\r\n\t\t\t\t    height: auto;\r\n\t\t\t\t}\n<\/style><div class=\"wpb_wrapper\" >[vc_cta h2=&#8221;&#8221; h4=&#8221;Sare de mare&#8221; txt_align=&#8221;center&#8221; color=&#8221;green&#8221; add_button=&#8221;bottom&#8221; btn_title=&#8221;Vezi detalii produs&#8221; btn_style=&#8221;classic&#8221; btn_color=&#8221;danger&#8221; btn_size=&#8221;sm&#8221; btn_align=&#8221;center&#8221; btn_link=&#8221;url:https%3A%2F%2Fwww.sanovita.ro%2Fsare-de-mare-fina-iodata-1-kg-37.html%3Futm_medium%3Dblog%26utm_source%3Dretetablog-dovlecei-la-gratar||target:%20_blank|rel:nofollow&#8221;]<\/p>\n<p><img loading=\"lazy\" decoding=\"async\" class=\"aligncenter wp-image-16945\" src=\"https:\/\/www.sanovita.ro\/blog\/wp-content\/uploads\/2020\/07\/sare-de-mare-fina-iodata-1-kg.jpg\" alt=\"SARE DE MARE FINA IODATA 1 KG\" width=\"233\" height=\"234\" srcset=\"https:\/\/beta.sanovita.ro\/blog\/wp-content\/uploads\/2020\/07\/sare-de-mare-fina-iodata-1-kg.jpg 458w, https:\/\/beta.sanovita.ro\/blog\/wp-content\/uploads\/2020\/07\/sare-de-mare-fina-iodata-1-kg-324x324.jpg 324w, https:\/\/beta.sanovita.ro\/blog\/wp-content\/uploads\/2020\/07\/sare-de-mare-fina-iodata-1-kg-200x200.jpg 200w\" sizes=\"auto, (max-width: 233px) 100vw, 233px\" \/>[\/vc_cta]<\/div><\/div><\/div><\/div><div id=\"tdi_11\" class=\"tdc-row\"><div class=\"vc_row tdi_12  wpb_row td-pb-row\" >\n<style scoped>\n\n\/* custom css *\/\n.tdi_12,\r\n                .tdi_12 .tdc-columns{\r\n                    min-height: 0;\r\n                }.tdi_12,\r\n\t\t\t\t.tdi_12 .tdc-columns{\r\n\t\t\t\t    display: block;\r\n\t\t\t\t}.tdi_12 .tdc-columns{\r\n\t\t\t\t    width: 100%;\r\n\t\t\t\t}\n<\/style><div class=\"vc_column tdi_14  wpb_column vc_column_container tdc-column td-pb-span12\">\n<style scoped>\n\n\/* custom css *\/\n.tdi_14{\r\n                    vertical-align: baseline;\r\n                }.tdi_14 > .wpb_wrapper,\r\n\t\t\t\t.tdi_14 > .wpb_wrapper > .tdc-elements{\r\n\t\t\t\t    display: block;\r\n\t\t\t\t}.tdi_14 > .wpb_wrapper > .tdc-elements{\r\n\t\t\t\t    width: 100%;\r\n\t\t\t\t}.tdi_14 > .wpb_wrapper > .vc_row_inner{\r\n\t\t\t\t    width: auto;\r\n\t\t\t\t}.tdi_14 > .wpb_wrapper{\r\n\t\t\t\t    width: auto;\r\n\t\t\t\t    height: auto;\r\n\t\t\t\t}\n<\/style><div class=\"wpb_wrapper\" >[vc_column_text]<\/p>\n<h3 style=\"text-align: left;\"><i class=\"fa fa-cutlery \" ><\/i> \u00a0 Mod de preparare dovlecei la gr\u0103tar<\/h3>\n<ul>\n<li>Ca de obicei, \u00eencepem prin a sp\u0103la legumele, respectiv dovlecelul \u0219i \u00eei t\u0103iem coada<\/li>\n<li>\u00cencerci s\u0103 \u00eel tai pe lungime \u00een f\u00e2\u0219ii foarte sub\u021biri (ideal ar fi de 3-5 mm, \u00eens\u0103 nu e o problem\u0103 dac\u0103 \u00ee\u021bi ies un pic mai groase)<\/li>\n<li>Dup\u0103 ce se \u00eencinge gr\u0103tarul po\u021bi ad\u0103uga f\u00e2\u0219iile. Dac\u0103 nu-i faci la gr\u0103tar cu c\u0103rbune, plita de font\u0103 sau o tigaie antiaderent\u0103 vor rezolva problema \ud83d\ude42<\/li>\n<li>\u021aine minte: nu trebuie s\u0103 adaugi \u00eenc\u0103 ulei, sare sau piper!<\/li>\n<li>\u00centorci dovleceii odat\u0103 la 5\/7 minute<\/li>\n<li>\u00centre timp te po\u021bi apuca de dressing. Este simplu de f\u0103cut &#8211; pui \u00eentr-un bol usturoi pisat, ulei de m\u0103sline, sare, busuioc \u0219i amesteci bine. Dac\u0103 ai la \u00eendem\u00e2n\u0103 un blender, treaba e gata \u00een c\u00e2teva secunde.<\/li>\n<li>Dup\u0103 ce sunt gata dovleceii, \u00eei pui \u0219i pe ei \u00eentr-un bol, \u00eei pulverizezi cu pu\u021bin o\u021bet \u0219i \u00eei la\u0219i s\u0103 se odihneasc\u0103 timp de c\u00e2teva minute<\/li>\n<li>La final, tot ce trebuie s\u0103 faci este s\u0103 adaugi dressing-ul, s\u0103 amesteci \u0219i s\u0103 pui, dup\u0103 gust, ment\u0103 \u0219i drojdie inactiv\u0103.<\/li>\n<\/ul>\n<p>Bon Appetit!<\/p>\n<h3><strong>Observa\u021bii la re\u021bet\u0103<\/strong><\/h3>\n<ul>\n<li>Ca preparatul t\u0103u s\u0103 aib\u0103 un gust \u0219i mai bun, \u00ee\u021bi recomand\u0103m s\u0103 alegi un dovlecel cu coaja verzuie \u0219i catifelat\u0103. Atunci e fraged si bun. Cel cu coaja albicioas\u0103-g\u0103lbuie e prea copt \u0219i va avea \u0219i coaja, \u0219i semin\u021bele destul de tari&#8230;<\/li>\n<li>Condimentele \u2013 usturoiul, menta \u0219i busuiocul nu trebuie puse \u00een exces, pentru c\u0103 aromele se vor \u201eanula\u201d reciproc, inclusiv cea a dovlecelului.<\/li>\n<\/ul>\n<ul>\n<li style=\"list-style-type: none;\"><\/li>\n<\/ul>\n<\/div>\n<\/div>\n<\/div>\n<h3 style=\"text-align: left;\"><i class=\"fa fa-lightbulb-o \" ><\/i>\u00a0 \u0218tiai c\u0103?<\/h3>\n<ul>\n<li>Drojdia inactiv\u0103 are un gust asem\u0103n\u0103tor cu cel de br\u00e2nz\u0103 \u0219i nu con\u021bine gluten &#8211; asta o face o op\u021biune perfect\u0103 at\u00e2t pentru cei cu intorelan\u021b\u0103 la lactoz\u0103, c\u00e2t \u0219i pentru cei cu intoleran\u021b\u0103 la gluten;<\/li>\n<li>Gra\u021bie con\u021binutului ridicat de vitamine din complexul B, drojdia inactiv\u0103 ajut\u0103 la s\u0103n\u0103tatea sistemului nervos \u0219i la \u00eembun\u0103t\u0103\u021birea func\u021biei creierului.<\/li>\n<li style=\"list-style-type: none;\"><\/li>\n<\/ul>\n<p>[\/vc_column_text]<\/div><\/div><\/div><\/div>\n<\/section>","protected":false},"excerpt":{"rendered":"<p>Dovleceii sunt garnitura perfect\u0103 pentru orice tip de gr\u0103tar \u2013 carnivor sau nu &#8211; \u0219i pot fi, de asemenea, o gustare delicioas\u0103 pentru zilele de post. \u00cen plus, merit\u0103 s\u0103 ad\u0103ug\u0103m faptul c\u0103 dovlecelul este un aliment intens hidratant. Asta \u00eel face perfect pentru zilele c\u0103lduroase! &nbsp; TIMP DE PREPARARE \u00a0 15 &#8211; 20 minute [&hellip;]<\/p>\n","protected":false},"author":19,"featured_media":16954,"comment_status":"open","ping_status":"open","sticky":false,"template":"","format":"standard","meta":{"jetpack_post_was_ever_published":false,"_jetpack_newsletter_access":"","_jetpack_dont_email_post_to_subs":false,"_jetpack_newsletter_tier_id":0,"_jetpack_memberships_contains_paywalled_content":false,"_jetpack_memberships_contains_paid_content":false,"footnotes":"","jetpack_publicize_message":"","jetpack_publicize_feature_enabled":true,"jetpack_social_post_already_shared":true,"jetpack_social_options":{"image_generator_settings":{"template":"highway","enabled":false},"version":2}},"categories":[51,1],"tags":[1368,1367],"class_list":{"0":"post-16949","1":"post","2":"type-post","3":"status-publish","4":"format-standard","5":"has-post-thumbnail","7":"category-garnituri","8":"category-retete","9":"tag-retete-cu-legume","10":"tag-retete-fara-carne"},"yoast_head":"<!-- This site is optimized with the Yoast SEO plugin v19.14 - https:\/\/yoast.com\/wordpress\/plugins\/seo\/ -->\n<title>Dovlecei la gr\u0103tar cu drojdie inactiv\u0103 &ndash; Zi de zi mai bine - SanoVita<\/title>\n<meta name=\"description\" content=\"Dac\u0103 vrei o garnitur\u0103 perfect\u0103 pentru orice tip de gr\u0103tar sau o gustare pentru zilele de post atunci trebuie s\u0103 \u00eencerci s\u0103 faci dovlecei la gr\u0103tar.\" \/>\n<meta name=\"robots\" content=\"index, follow, max-snippet:-1, max-image-preview:large, max-video-preview:-1\" \/>\n<link rel=\"canonical\" href=\"https:\/\/beta.sanovita.ro\/blog\/dovlecei-la-gratar\/\" \/>\n<meta property=\"og:locale\" content=\"ro_RO\" \/>\n<meta property=\"og:type\" content=\"article\" \/>\n<meta property=\"og:title\" content=\"Dovlecei la gr\u0103tar cu drojdie inactiv\u0103 &ndash; Zi de zi mai bine - SanoVita\" \/>\n<meta property=\"og:description\" content=\"Dac\u0103 vrei o garnitur\u0103 perfect\u0103 pentru orice tip de gr\u0103tar sau o gustare pentru zilele de post atunci trebuie s\u0103 \u00eencerci s\u0103 faci dovlecei la gr\u0103tar.\" \/>\n<meta property=\"og:url\" content=\"https:\/\/beta.sanovita.ro\/blog\/dovlecei-la-gratar\/\" \/>\n<meta property=\"og:site_name\" content=\"Zi de zi mai bine - SanoVita\" \/>\n<meta property=\"article:publisher\" content=\"https:\/\/www.facebook.com\/SanoVita\/\" \/>\n<meta property=\"article:published_time\" content=\"2020-07-23T15:36:28+00:00\" \/>\n<meta property=\"article:modified_time\" content=\"2024-11-25T13:30:06+00:00\" \/>\n<meta property=\"og:image\" content=\"https:\/\/beta.sanovita.ro\/blog\/wp-content\/uploads\/2020\/07\/shutterstock_111781241-resize-scaled.jpg\" \/>\n\t<meta property=\"og:image:width\" content=\"2560\" \/>\n\t<meta property=\"og:image:height\" content=\"1707\" \/>\n\t<meta property=\"og:image:type\" content=\"image\/jpeg\" \/>\n<meta name=\"author\" content=\"Daniela Dan\" \/>\n<meta name=\"twitter:card\" content=\"summary_large_image\" \/>\n<meta name=\"twitter:creator\" content=\"@SanoVitaOficial\" \/>\n<meta name=\"twitter:site\" content=\"@SanoVitaOficial\" \/>\n<meta name=\"twitter:label1\" content=\"Scris de\" \/>\n\t<meta name=\"twitter:data1\" content=\"Daniela Dan\" \/>\n\t<meta name=\"twitter:label2\" content=\"Timp estimat pentru citire\" \/>\n\t<meta name=\"twitter:data2\" content=\"3 minute\" \/>\n<script type=\"application\/ld+json\" class=\"yoast-schema-graph\">{\"@context\":\"https:\/\/schema.org\",\"@graph\":[{\"@type\":\"Article\",\"@id\":\"https:\/\/beta.sanovita.ro\/blog\/dovlecei-la-gratar\/#article\",\"isPartOf\":{\"@id\":\"https:\/\/beta.sanovita.ro\/blog\/dovlecei-la-gratar\/\"},\"author\":{\"name\":\"Daniela Dan\",\"@id\":\"https:\/\/beta.sanovita.ro\/blog\/#\/schema\/person\/88f72be00950bb01ebea04325b1897f8\"},\"headline\":\"Dovlecei la gr\u0103tar cu drojdie inactiv\u0103\",\"datePublished\":\"2020-07-23T15:36:28+00:00\",\"dateModified\":\"2024-11-25T13:30:06+00:00\",\"mainEntityOfPage\":{\"@id\":\"https:\/\/beta.sanovita.ro\/blog\/dovlecei-la-gratar\/\"},\"wordCount\":653,\"commentCount\":0,\"publisher\":{\"@id\":\"https:\/\/beta.sanovita.ro\/blog\/#organization\"},\"keywords\":[\"Re\u021bete cu legume\",\"Re\u021bete f\u0103r\u0103 carne\"],\"articleSection\":[\"Garnituri s\u0103n\u0103toase\",\"Re\u021bete\"],\"inLanguage\":\"ro-RO\",\"potentialAction\":[{\"@type\":\"CommentAction\",\"name\":\"Comment\",\"target\":[\"https:\/\/beta.sanovita.ro\/blog\/dovlecei-la-gratar\/#respond\"]}]},{\"@type\":\"WebPage\",\"@id\":\"https:\/\/beta.sanovita.ro\/blog\/dovlecei-la-gratar\/\",\"url\":\"https:\/\/beta.sanovita.ro\/blog\/dovlecei-la-gratar\/\",\"name\":\"Dovlecei la gr\u0103tar cu drojdie inactiv\u0103 &ndash; Zi de zi mai bine - SanoVita\",\"isPartOf\":{\"@id\":\"https:\/\/beta.sanovita.ro\/blog\/#website\"},\"datePublished\":\"2020-07-23T15:36:28+00:00\",\"dateModified\":\"2024-11-25T13:30:06+00:00\",\"description\":\"Dac\u0103 vrei o garnitur\u0103 perfect\u0103 pentru orice tip de gr\u0103tar sau o gustare pentru zilele de post atunci trebuie s\u0103 \u00eencerci s\u0103 faci dovlecei la gr\u0103tar.\",\"inLanguage\":\"ro-RO\",\"potentialAction\":[{\"@type\":\"ReadAction\",\"target\":[\"https:\/\/beta.sanovita.ro\/blog\/dovlecei-la-gratar\/\"]}]},{\"@type\":\"WebSite\",\"@id\":\"https:\/\/beta.sanovita.ro\/blog\/#website\",\"url\":\"https:\/\/beta.sanovita.ro\/blog\/\",\"name\":\"Zi de zi mai bine\",\"description\":\"Zi de zi mai bine!\",\"publisher\":{\"@id\":\"https:\/\/beta.sanovita.ro\/blog\/#organization\"},\"potentialAction\":[{\"@type\":\"SearchAction\",\"target\":{\"@type\":\"EntryPoint\",\"urlTemplate\":\"https:\/\/beta.sanovita.ro\/blog\/?s={search_term_string}\"},\"query-input\":\"required name=search_term_string\"}],\"inLanguage\":\"ro-RO\"},{\"@type\":\"Organization\",\"@id\":\"https:\/\/beta.sanovita.ro\/blog\/#organization\",\"name\":\"Sano Vita\",\"url\":\"https:\/\/beta.sanovita.ro\/blog\/\",\"logo\":{\"@type\":\"ImageObject\",\"inLanguage\":\"ro-RO\",\"@id\":\"https:\/\/beta.sanovita.ro\/blog\/#\/schema\/logo\/image\/\",\"url\":\"https:\/\/sanovita.ro\/blog\/wp-content\/uploads\/2021\/05\/sanovita-new.png\",\"contentUrl\":\"https:\/\/sanovita.ro\/blog\/wp-content\/uploads\/2021\/05\/sanovita-new.png\",\"width\":546,\"height\":110,\"caption\":\"Sano Vita\"},\"image\":{\"@id\":\"https:\/\/beta.sanovita.ro\/blog\/#\/schema\/logo\/image\/\"},\"sameAs\":[\"https:\/\/www.instagram.com\/sano_vita\",\"https:\/\/www.facebook.com\/SanoVita\/\",\"https:\/\/twitter.com\/SanoVitaOficial\"]},{\"@type\":\"Person\",\"@id\":\"https:\/\/beta.sanovita.ro\/blog\/#\/schema\/person\/88f72be00950bb01ebea04325b1897f8\",\"name\":\"Daniela Dan\",\"image\":{\"@type\":\"ImageObject\",\"inLanguage\":\"ro-RO\",\"@id\":\"https:\/\/beta.sanovita.ro\/blog\/#\/schema\/person\/image\/\",\"url\":\"https:\/\/www.sanovita.ro\/blog\/wp-content\/uploads\/2021\/06\/Daniela-avatar-96x96.jpg\",\"contentUrl\":\"https:\/\/www.sanovita.ro\/blog\/wp-content\/uploads\/2021\/06\/Daniela-avatar-96x96.jpg\",\"caption\":\"Daniela Dan\"},\"description\":\"Pasiunea pentru buc\u0103t\u0103ria vegan\u0103 a \u00eenceput din dorin\u021ba de a-\u0219i hr\u0103ni s\u0103n\u0103tos familia. Treptat, dup\u0103 o serie de cursuri de formare \u0219i multe ore petrecute \u00een buc\u0103t\u0103rie, pasiunea a evoluat spre profesie. Chef Daniela iube\u0219te s\u0103 combine gusturi, culori, arome \u0219i texturi. Dac\u0103 ai dileme legat\u0103 de re\u021bete, gust, asocieri culinare, forme de prezentare, Daniela este omul potrivit c\u0103ruia s\u0103 \u00eei ceri o opinie. \u0218i garantat \u021bi-o va da abia dup\u0103 ce o va fi testat \u00een buc\u0103t\u0103ria proprie, unde zilnic se \u00eent\u00e2mpl\u0103 mult\u0103 magie.\",\"url\":\"https:\/\/beta.sanovita.ro\/blog\/author\/daniela-dan\/\"}]}<\/script>\n<!-- \/ Yoast SEO plugin. -->","yoast_head_json":{"title":"Dovlecei la gr\u0103tar cu drojdie inactiv\u0103 &ndash; Zi de zi mai bine - SanoVita","description":"Dac\u0103 vrei o garnitur\u0103 perfect\u0103 pentru orice tip de gr\u0103tar sau o gustare pentru zilele de post atunci trebuie s\u0103 \u00eencerci s\u0103 faci dovlecei la gr\u0103tar.","robots":{"index":"index","follow":"follow","max-snippet":"max-snippet:-1","max-image-preview":"max-image-preview:large","max-video-preview":"max-video-preview:-1"},"canonical":"https:\/\/beta.sanovita.ro\/blog\/dovlecei-la-gratar\/","og_locale":"ro_RO","og_type":"article","og_title":"Dovlecei la gr\u0103tar cu drojdie inactiv\u0103 &ndash; Zi de zi mai bine - SanoVita","og_description":"Dac\u0103 vrei o garnitur\u0103 perfect\u0103 pentru orice tip de gr\u0103tar sau o gustare pentru zilele de post atunci trebuie s\u0103 \u00eencerci s\u0103 faci dovlecei la gr\u0103tar.","og_url":"https:\/\/beta.sanovita.ro\/blog\/dovlecei-la-gratar\/","og_site_name":"Zi de zi mai bine - SanoVita","article_publisher":"https:\/\/www.facebook.com\/SanoVita\/","article_published_time":"2020-07-23T15:36:28+00:00","article_modified_time":"2024-11-25T13:30:06+00:00","og_image":[{"width":2560,"height":1707,"url":"https:\/\/beta.sanovita.ro\/blog\/wp-content\/uploads\/2020\/07\/shutterstock_111781241-resize-scaled.jpg","type":"image\/jpeg"}],"author":"Daniela Dan","twitter_card":"summary_large_image","twitter_creator":"@SanoVitaOficial","twitter_site":"@SanoVitaOficial","twitter_misc":{"Scris de":"Daniela Dan","Timp estimat pentru citire":"3 minute"},"schema":{"@context":"https:\/\/schema.org","@graph":[{"@type":"Article","@id":"https:\/\/beta.sanovita.ro\/blog\/dovlecei-la-gratar\/#article","isPartOf":{"@id":"https:\/\/beta.sanovita.ro\/blog\/dovlecei-la-gratar\/"},"author":{"name":"Daniela Dan","@id":"https:\/\/beta.sanovita.ro\/blog\/#\/schema\/person\/88f72be00950bb01ebea04325b1897f8"},"headline":"Dovlecei la gr\u0103tar cu drojdie inactiv\u0103","datePublished":"2020-07-23T15:36:28+00:00","dateModified":"2024-11-25T13:30:06+00:00","mainEntityOfPage":{"@id":"https:\/\/beta.sanovita.ro\/blog\/dovlecei-la-gratar\/"},"wordCount":653,"commentCount":0,"publisher":{"@id":"https:\/\/beta.sanovita.ro\/blog\/#organization"},"keywords":["Re\u021bete cu legume","Re\u021bete f\u0103r\u0103 carne"],"articleSection":["Garnituri s\u0103n\u0103toase","Re\u021bete"],"inLanguage":"ro-RO","potentialAction":[{"@type":"CommentAction","name":"Comment","target":["https:\/\/beta.sanovita.ro\/blog\/dovlecei-la-gratar\/#respond"]}]},{"@type":"WebPage","@id":"https:\/\/beta.sanovita.ro\/blog\/dovlecei-la-gratar\/","url":"https:\/\/beta.sanovita.ro\/blog\/dovlecei-la-gratar\/","name":"Dovlecei la gr\u0103tar cu drojdie inactiv\u0103 &ndash; Zi de zi mai bine - SanoVita","isPartOf":{"@id":"https:\/\/beta.sanovita.ro\/blog\/#website"},"datePublished":"2020-07-23T15:36:28+00:00","dateModified":"2024-11-25T13:30:06+00:00","description":"Dac\u0103 vrei o garnitur\u0103 perfect\u0103 pentru orice tip de gr\u0103tar sau o gustare pentru zilele de post atunci trebuie s\u0103 \u00eencerci s\u0103 faci dovlecei la gr\u0103tar.","inLanguage":"ro-RO","potentialAction":[{"@type":"ReadAction","target":["https:\/\/beta.sanovita.ro\/blog\/dovlecei-la-gratar\/"]}]},{"@type":"WebSite","@id":"https:\/\/beta.sanovita.ro\/blog\/#website","url":"https:\/\/beta.sanovita.ro\/blog\/","name":"Zi de zi mai bine","description":"Zi de zi mai bine!","publisher":{"@id":"https:\/\/beta.sanovita.ro\/blog\/#organization"},"potentialAction":[{"@type":"SearchAction","target":{"@type":"EntryPoint","urlTemplate":"https:\/\/beta.sanovita.ro\/blog\/?s={search_term_string}"},"query-input":"required name=search_term_string"}],"inLanguage":"ro-RO"},{"@type":"Organization","@id":"https:\/\/beta.sanovita.ro\/blog\/#organization","name":"Sano Vita","url":"https:\/\/beta.sanovita.ro\/blog\/","logo":{"@type":"ImageObject","inLanguage":"ro-RO","@id":"https:\/\/beta.sanovita.ro\/blog\/#\/schema\/logo\/image\/","url":"https:\/\/sanovita.ro\/blog\/wp-content\/uploads\/2021\/05\/sanovita-new.png","contentUrl":"https:\/\/sanovita.ro\/blog\/wp-content\/uploads\/2021\/05\/sanovita-new.png","width":546,"height":110,"caption":"Sano Vita"},"image":{"@id":"https:\/\/beta.sanovita.ro\/blog\/#\/schema\/logo\/image\/"},"sameAs":["https:\/\/www.instagram.com\/sano_vita","https:\/\/www.facebook.com\/SanoVita\/","https:\/\/twitter.com\/SanoVitaOficial"]},{"@type":"Person","@id":"https:\/\/beta.sanovita.ro\/blog\/#\/schema\/person\/88f72be00950bb01ebea04325b1897f8","name":"Daniela Dan","image":{"@type":"ImageObject","inLanguage":"ro-RO","@id":"https:\/\/beta.sanovita.ro\/blog\/#\/schema\/person\/image\/","url":"https:\/\/www.sanovita.ro\/blog\/wp-content\/uploads\/2021\/06\/Daniela-avatar-96x96.jpg","contentUrl":"https:\/\/www.sanovita.ro\/blog\/wp-content\/uploads\/2021\/06\/Daniela-avatar-96x96.jpg","caption":"Daniela Dan"},"description":"Pasiunea pentru buc\u0103t\u0103ria vegan\u0103 a \u00eenceput din dorin\u021ba de a-\u0219i hr\u0103ni s\u0103n\u0103tos familia. Treptat, dup\u0103 o serie de cursuri de formare \u0219i multe ore petrecute \u00een buc\u0103t\u0103rie, pasiunea a evoluat spre profesie. Chef Daniela iube\u0219te s\u0103 combine gusturi, culori, arome \u0219i texturi. Dac\u0103 ai dileme legat\u0103 de re\u021bete, gust, asocieri culinare, forme de prezentare, Daniela este omul potrivit c\u0103ruia s\u0103 \u00eei ceri o opinie. \u0218i garantat \u021bi-o va da abia dup\u0103 ce o va fi testat \u00een buc\u0103t\u0103ria proprie, unde zilnic se \u00eent\u00e2mpl\u0103 mult\u0103 magie.","url":"https:\/\/beta.sanovita.ro\/blog\/author\/daniela-dan\/"}]}},"jetpack_publicize_connections":[],"jetpack_featured_media_url":"https:\/\/beta.sanovita.ro\/blog\/wp-content\/uploads\/2020\/07\/shutterstock_111781241-resize-scaled.jpg","featured_image_src":"https:\/\/beta.sanovita.ro\/blog\/wp-content\/uploads\/2020\/07\/shutterstock_111781241-resize-729x486.jpg","jetpack_shortlink":"https:\/\/wp.me\/p8JCYA-4pn","jetpack_sharing_enabled":true,"_links":{"self":[{"href":"https:\/\/beta.sanovita.ro\/blog\/wp-json\/wp\/v2\/posts\/16949","targetHints":{"allow":["GET"]}}],"collection":[{"href":"https:\/\/beta.sanovita.ro\/blog\/wp-json\/wp\/v2\/posts"}],"about":[{"href":"https:\/\/beta.sanovita.ro\/blog\/wp-json\/wp\/v2\/types\/post"}],"author":[{"embeddable":true,"href":"https:\/\/beta.sanovita.ro\/blog\/wp-json\/wp\/v2\/users\/19"}],"replies":[{"embeddable":true,"href":"https:\/\/beta.sanovita.ro\/blog\/wp-json\/wp\/v2\/comments?post=16949"}],"version-history":[{"count":5,"href":"https:\/\/beta.sanovita.ro\/blog\/wp-json\/wp\/v2\/posts\/16949\/revisions"}],"predecessor-version":[{"id":16989,"href":"https:\/\/beta.sanovita.ro\/blog\/wp-json\/wp\/v2\/posts\/16949\/revisions\/16989"}],"wp:featuredmedia":[{"embeddable":true,"href":"https:\/\/beta.sanovita.ro\/blog\/wp-json\/wp\/v2\/media\/16954"}],"wp:attachment":[{"href":"https:\/\/beta.sanovita.ro\/blog\/wp-json\/wp\/v2\/media?parent=16949"}],"wp:term":[{"taxonomy":"category","embeddable":true,"href":"https:\/\/beta.sanovita.ro\/blog\/wp-json\/wp\/v2\/categories?post=16949"},{"taxonomy":"post_tag","embeddable":true,"href":"https:\/\/beta.sanovita.ro\/blog\/wp-json\/wp\/v2\/tags?post=16949"}],"curies":[{"name":"wp","href":"https:\/\/api.w.org\/{rel}","templated":true}]}}