{"id":16863,"date":"2020-07-17T19:00:34","date_gmt":"2020-07-17T16:00:34","guid":{"rendered":"https:\/\/www.sanovita.ro\/blog\/?p=16863"},"modified":"2024-03-22T19:58:51","modified_gmt":"2024-03-22T17:58:51","slug":"supa-crema-de-telina","status":"publish","type":"post","link":"https:\/\/beta.sanovita.ro\/blog\/supa-crema-de-telina\/","title":{"rendered":"\u021aelina, vedeta dintr-o sup\u0103-crem\u0103 delicioas\u0103!"},"content":{"rendered":"<p>\u021aelina&#8230; o folosim deseori \u00een ciorbe sau \u00een salatele de crudit\u0103\u021bi, \u00een toc\u0103ni\u021be sau, iarna, o mai consum\u0103m murat\u0103. De cele mai multe ori apel\u0103m la ea ca ingredient ajut\u0103tor \u0219i mult prea rar ca ingredientul-vedet\u0103 din farfurie. <a href=\"https:\/\/www.sanovita.ro\/blog\/daniela-dan\/\">Chef Daniela Dan<\/a> crede c\u0103 ar trebui s\u0103 \u00eei oferim \u021belinei mai multe \u0219anse, pentru c\u0103 are un poten\u021bial de gust foarte mare, pe l\u00e2ng\u0103 beneficiile semnificative pentru s\u0103n\u0103tate. Iat\u0103 mai jos o re\u021bet\u0103 de sup\u0103 crem\u0103 de \u021belin\u0103, unde planta r\u0103d\u0103cinoas\u0103 are rolul principal \u0219i prime\u0219te aplauze la scen\u0103 deschis\u0103 pentru performan\u021ba de gust. \u0218i mai avem \u0219i un invitat surpriz\u0103: crema de caju. \u00cempreun\u0103 formeaz\u0103 un duet de senza\u021bie!<\/p>\n<div class=\"td_text_columns_two_cols\">\n<p style=\"text-align: center;\"><span style=\"font-size: 10pt;\"><strong>TIMP DE PREPARARE \u00a0<\/strong> <span style=\"color: #ff0000;\">45\u00a0minute<\/span><br \/>\n<\/span><\/p>\n<p style=\"text-align: center;\"><span style=\"font-size: 10pt;\"><strong>POR\u021aII\u00a0 \u00a0<\/strong><span style=\"color: #ff0000;\">6<\/span><\/span><\/p>\n<p style=\"text-align: center;\"><span style=\"font-size: 10pt;\"><strong>TIP RE\u021aET\u0102\u00a0 \u00a0Sup\u0103<\/strong><\/span><\/p>\n<p style=\"text-align: center;\"><span style=\"font-size: 10pt;\"><strong>DIFICULTATE \u00a0<\/strong> <span style=\"color: #ff0000;\">Sc\u0103zut\u0103<\/span><br \/>\n<\/span><\/p>\n<p style=\"text-align: center;\"><span style=\"font-size: 10pt;\"><strong>PRINTEAZ\u0102 RE\u021aETA<\/strong> <\/span><\/p>\n<p style=\"text-align: center;\"><span style=\"font-size: 10pt;\"><span style=\"color: #000000;\"><div class=\"printfriendly pf-button  pf-aligncenter\">\n                    <a href=\"https:\/\/beta.sanovita.ro\/blog\/supa-crema-de-telina\/?pfstyle=wp\" rel=\"nofollow\" onclick=\"\" title=\"Printer Friendly, PDF & Email\">\n                    <img decoding=\"async\" class=\"pf-button-img\" src=\"https:\/\/cdn.printfriendly.com\/buttons\/printfriendly-pdf-button.png\" alt=\"Print Friendly, PDF & Email\" style=\"width: 112px;height: 24px;\"  \/>\n                    <\/a>\n                <\/div><\/span><br \/>\n<\/span><\/p>\n<\/div>\n<hr \/>\n<h3 style=\"text-align: left;\"><i class=\"fa fa-shopping-basket \" ><\/i> \u00a0 Ingrediente:<\/h3>\n<div class=\"blog-info\">\n<div class=\"description\">\n<div class=\"inner\">\n<ul>\n<li>\u00bd can\u0103 de ceap\u0103, tocat\u0103 m\u0103runt<\/li>\n<li>2 c\u0103\u021bei de usturoi, toca\u021bi m\u0103runt<\/li>\n<li>5 c\u0103ni de \u021belin\u0103 r\u0103d\u0103cin\u0103, t\u0103iate \u00een cuburi mici \u0219i uniforme<\/li>\n<li>4 linguri de ulei de floarea soarelui<\/li>\n<li>6 linguri de ap\u0103 (pentru \u00een\u0103bu\u0219it)<\/li>\n<li>4 linguri de f\u0103in\u0103 alb\u0103<\/li>\n<li>4 c\u0103ni <a href=\"https:\/\/www.sanovita.ro\/eco-lapte-de-soia-fara-zahar-1l-769.html\">b\u0103utur\u0103 vegetal\u0103<\/a>, fierbinte<\/li>\n<li>2 linguri ulei de struguri<\/li>\n<li>sare de mare, dup\u0103 gust<\/li>\n<li>piper alb, dup\u0103 gust<\/li>\n<li>\u00bd can\u0103 crem\u0103 de <a href=\"https:\/\/www.sanovita.ro\/caju-crud-150g-692.html\">caju <\/a><\/li>\n<\/ul>\n<h3 style=\"text-align: left;\"><i class=\"fa fa-cutlery \" ><\/i> \u00a0 Mod de preparare:<\/h3>\n<ul>\n<li>O can\u0103 de \u021belin\u0103 se pune deoparte pentru garnitur\u0103. Pentru a preg\u0103ti garnitura, \u00eenc\u0103lzi\u021bi cuptorul la 180\u00b0C. \u00centr-un vas amesteca\u021bi \u021belina cu o lingur\u0103 de ulei \u0219i condimenta\u021bi cu sare \u0219i piper. \u021aine\u021bi la cuptor \u021belina p\u00e2n\u0103 ce cuburile se rumenesc frumos pe toate p\u0103r\u021bile, dup\u0103 care l\u0103sa\u021bi-le deoparte.<\/li>\n<li>Pentru a face supa, \u00eenc\u0103lzi\u021bi un vas de dimensiuni medii la foc mediu-mic \u0219i ad\u0103uga\u021bi cele 3 linguri de ulei r\u0103mase, \u00eempreun\u0103 cu cele 6 linguri de ap\u0103. Ad\u0103uga\u021bi ceapa \u0219i usturoiul, \u00eempreun\u0103 cu un v\u00e2rf de sare. \u00cen\u0103bu\u0219i\u021bi ceapa u\u0219or, p\u00e2n\u0103 ce aceasta devine translucid\u0103, adic\u0103 aproximativ 10 minute.<\/li>\n<li>Ad\u0103uga\u021bi \u021belina, amesteca\u021bi \u0219i continua\u021bi s\u0103 \u00een\u0103bu\u0219i\u021bi c\u00e2teva minute, p\u00e2n\u0103 c\u00e2nd \u00eencepe s\u0103 se \u00eenmoaie.<\/li>\n<li>Pres\u0103ra\u021bi f\u0103ina \u0219i amesteca\u021bi p\u00e2n\u0103 ce aceasta se combin\u0103 cu restul. Ad\u0103uga\u021bi b\u0103utura vegetal\u0103 fierbinte, pu\u021bin c\u00e2te pu\u021bin. Aduce\u021bi supa la foc mic. Condimenta\u021bi cu un praf bun de sare.<\/li>\n<li>Amesteca\u021bi adesea, pentru a v\u0103 asigura c\u0103 ingredientele nu se lipesc pe fundul vasului.<\/li>\n<li>L\u0103sa\u021bi supa s\u0103 fiarb\u0103 u\u0219or p\u00e2n\u0103 c\u00e2nd \u021belina este fraged\u0103 \u0219i g\u0103tit\u0103 p\u00e2n\u0103 la cap\u0103t. Apoi ad\u0103uga\u021bi cele 2 linguri ulei de struguri, sare \u0219i piper dup\u0103 gust.<\/li>\n<li>Transfera\u021bi supa \u00eentr-un blender \u0219i amesteca\u021bi p\u00e2n\u0103 la neted. Este posibil s\u0103 fie nevoie s\u0103 face\u021bi acest lucru \u00een loturi. Pune\u021bi supa-crem\u0103 \u00eentr-un vas curat \u0219i aduce\u021bi la foc mic. Dup\u0103 care ad\u0103uga\u021bi crema de caju \u0219i amesteca\u021bi s\u0103 se combine. Condimenta\u021bi la final, dup\u0103 gust, cu sare \u0219i piper alb.<\/li>\n<\/ul>\n<h3 style=\"text-align: left;\"><i class=\"fa fa-cutlery \" ><\/i> \u00a0 Cum se prepar\u0103 crema de caju:<\/h3>\n<ul>\n<li>100 g <a href=\"https:\/\/www.sanovita.ro\/caju-crud-150g-692.html\">caju<\/a> (l\u0103sate la \u00eenmuiat 4 ore)<\/li>\n<li>Sucul de la o jum\u0103tate l\u0103m\u00e2ie (sau dup\u0103 gust)<\/li>\n<li>1 v\u00e2rf cu\u021bit sare<\/li>\n<li>150 ml ap\u0103<\/li>\n<\/ul>\n<p>Se pun toate ingredientele \u00een vasul unui robot de buc\u0103t\u0103rie \u0219i se blendeaz\u0103 p\u00e2n\u0103 ce compozi\u021bia devine cremoas\u0103 \u0219i fin\u0103.<\/p>\n<h3 style=\"text-align: left;\">\u021aelina &#8211; beneficii pentru s\u0103n\u0103tate<\/h3>\n<p>\u021aelina, prin frunze \u0219i r\u0103d\u0103cin\u0103, are efecte detoxifiante, antiinflamatorii, antidepresive, diuretice \u0219i antibacteriene, oferind beneficii pentru sistemul cardiovascular, urinar, nervos \u0219i pentru cel digestiv.<\/p>\n<p>\u00cenainte de a fi folosit\u0103 ca ingredient alimentar, \u021belina a fost folosit\u0103 tradi\u021bional ca tratament pentru durerile de din\u021bi, insomnie, hipertensiune, anxietate, artit\u0103, reumatism \u0219i purificarea s\u00e2ngelui.<\/p>\n<p>De asemenea \u021belina, prin con\u021binutul \u00een fibre alimentare, ajut\u0103 la sc\u0103derea \u00een greutate.<\/p>\n<\/div>\n<\/div>\n<\/div>\n<h3 style=\"text-align: left;\"><i class=\"fa fa-lightbulb-o \" ><\/i>\u00a0 \u0218tiai c\u0103?<\/h3>\n<ul style=\"text-align: justify;\">\n<li>Se crede c\u0103 \u021belina a \u00eenceput s\u0103 fie cultivat\u0103 acum 3000 de ani, \u00een regiunea mediteranean\u0103;<\/li>\n<li>A \u00eenceput s\u0103 fie folosit\u0103 \u00een m\u00e2ncare ca ingredient abia \u00een secolul al XVI-lea, \u00een Italia;<\/li>\n<li>\u021aelina a fost folosit\u0103 pe post de buchet de flori pentru a premia c\u00e2\u0219tig\u0103torii jocurilor de atletism din Grecia Antic\u0103;<\/li>\n<li>\u00cen statul american Ohio exist\u0103 \u0219i un ora\u0219 care \u00eei poart\u0103 numele, Celeryville, fondat la \u00eenceputul secolului al XIX-lea de fermierii cultivatori de \u021belin\u0103;<\/li>\n<li>\u00cen Roma antic\u0103 era folosit\u0103 ca afrodisiac.<\/li>\n<\/ul>\n<p><iframe style=\"width: 100%; border: none; height: 85px;\" title=\"Abonare newsletter\" src=\"https:\/\/sanovita.ro\/content\/abonare-newsletter-39?content_only=1\" data-mce-fragment=\"1\"><\/iframe><\/p>\n","protected":false},"excerpt":{"rendered":"<p>\u021aelina&#8230; o folosim deseori \u00een ciorbe sau \u00een salatele de crudit\u0103\u021bi, \u00een toc\u0103ni\u021be sau, iarna, o mai consum\u0103m murat\u0103. De cele mai multe ori apel\u0103m la ea ca ingredient ajut\u0103tor \u0219i mult prea rar ca ingredientul-vedet\u0103 din farfurie. Chef Daniela Dan crede c\u0103 ar trebui s\u0103 \u00eei oferim \u021belinei mai multe \u0219anse, pentru c\u0103 are [&hellip;]<\/p>\n","protected":false},"author":19,"featured_media":16870,"comment_status":"open","ping_status":"open","sticky":false,"template":"","format":"standard","meta":{"jetpack_post_was_ever_published":false,"_jetpack_newsletter_access":"","_jetpack_dont_email_post_to_subs":false,"_jetpack_newsletter_tier_id":0,"_jetpack_memberships_contains_paywalled_content":false,"_jetpack_memberships_contains_paid_content":false,"footnotes":"","jetpack_publicize_message":"","jetpack_publicize_feature_enabled":true,"jetpack_social_post_already_shared":true,"jetpack_social_options":{"image_generator_settings":{"template":"highway","enabled":false},"version":2}},"categories":[1,9],"tags":[785,788,279,723,789,722,783,716,784,790,154,452],"class_list":{"0":"post-16863","1":"post","2":"type-post","3":"status-publish","4":"format-standard","5":"has-post-thumbnail","7":"category-retete","8":"category-supe-si-ciorbe","9":"tag-bautura-vegetala","10":"tag-beneficii-telina","11":"tag-caju","12":"tag-chef-daniela-dan","13":"tag-crema-caju","14":"tag-daniela-dan","15":"tag-reteta","16":"tag-sano-vita","17":"tag-supa-crema","18":"tag-supa-crema-telina","19":"tag-telina","20":"tag-telina-tulpina"},"yoast_head":"<!-- This site is optimized with the Yoast SEO plugin v19.14 - https:\/\/yoast.com\/wordpress\/plugins\/seo\/ -->\n<title>\u021aelina, vedeta dintr-o sup\u0103-crem\u0103 delicioas\u0103! &ndash; Zi de zi mai bine - SanoVita<\/title>\n<meta name=\"description\" content=\"Re\u021beta de sup\u0103 crem\u0103 de \u021belin\u0103 propus\u0103 de Chef Daniela Dan prime\u0219te aplauze la scen\u0103 deschis\u0103 pentru performan\u021ba de gust.\" \/>\n<meta name=\"robots\" content=\"index, follow, max-snippet:-1, max-image-preview:large, max-video-preview:-1\" \/>\n<link rel=\"canonical\" href=\"https:\/\/beta.sanovita.ro\/blog\/supa-crema-de-telina\/\" \/>\n<meta property=\"og:locale\" content=\"ro_RO\" \/>\n<meta property=\"og:type\" content=\"article\" \/>\n<meta property=\"og:title\" content=\"\u021aelina, vedeta dintr-o sup\u0103-crem\u0103 delicioas\u0103! &ndash; Zi de zi mai bine - SanoVita\" \/>\n<meta property=\"og:description\" content=\"Re\u021beta de sup\u0103 crem\u0103 de \u021belin\u0103 propus\u0103 de Chef Daniela Dan prime\u0219te aplauze la scen\u0103 deschis\u0103 pentru performan\u021ba de gust.\" \/>\n<meta property=\"og:url\" content=\"https:\/\/beta.sanovita.ro\/blog\/supa-crema-de-telina\/\" \/>\n<meta property=\"og:site_name\" content=\"Zi de zi mai bine - SanoVita\" \/>\n<meta property=\"article:publisher\" content=\"https:\/\/www.facebook.com\/SanoVita\/\" \/>\n<meta property=\"article:published_time\" content=\"2020-07-17T16:00:34+00:00\" \/>\n<meta property=\"article:modified_time\" content=\"2024-03-22T17:58:51+00:00\" \/>\n<meta property=\"og:image\" content=\"https:\/\/beta.sanovita.ro\/blog\/wp-content\/uploads\/2020\/07\/shutterstock_264206015.png\" \/>\n\t<meta property=\"og:image:width\" content=\"640\" \/>\n\t<meta property=\"og:image:height\" content=\"521\" \/>\n\t<meta property=\"og:image:type\" content=\"image\/png\" \/>\n<meta name=\"author\" content=\"Daniela Dan\" \/>\n<meta name=\"twitter:card\" content=\"summary_large_image\" \/>\n<meta name=\"twitter:creator\" content=\"@SanoVitaOficial\" \/>\n<meta name=\"twitter:site\" content=\"@SanoVitaOficial\" \/>\n<meta name=\"twitter:label1\" content=\"Scris de\" \/>\n\t<meta name=\"twitter:data1\" content=\"Daniela Dan\" \/>\n\t<meta name=\"twitter:label2\" content=\"Timp estimat pentru citire\" \/>\n\t<meta name=\"twitter:data2\" content=\"4 minute\" \/>\n<script type=\"application\/ld+json\" class=\"yoast-schema-graph\">{\"@context\":\"https:\/\/schema.org\",\"@graph\":[{\"@type\":\"Article\",\"@id\":\"https:\/\/beta.sanovita.ro\/blog\/supa-crema-de-telina\/#article\",\"isPartOf\":{\"@id\":\"https:\/\/beta.sanovita.ro\/blog\/supa-crema-de-telina\/\"},\"author\":{\"name\":\"Daniela Dan\",\"@id\":\"https:\/\/beta.sanovita.ro\/blog\/#\/schema\/person\/88f72be00950bb01ebea04325b1897f8\"},\"headline\":\"\u021aelina, vedeta dintr-o sup\u0103-crem\u0103 delicioas\u0103!\",\"datePublished\":\"2020-07-17T16:00:34+00:00\",\"dateModified\":\"2024-03-22T17:58:51+00:00\",\"mainEntityOfPage\":{\"@id\":\"https:\/\/beta.sanovita.ro\/blog\/supa-crema-de-telina\/\"},\"wordCount\":761,\"commentCount\":0,\"publisher\":{\"@id\":\"https:\/\/beta.sanovita.ro\/blog\/#organization\"},\"keywords\":[\"bautura vegetala\",\"beneficii telina\",\"caju\",\"chef daniela dan\",\"crema caju\",\"daniela dan\",\"reteta\",\"sano vita\",\"supa crema\",\"supa crema telina\",\"telina\",\"telina tulpina\"],\"articleSection\":[\"Re\u021bete\",\"Supe \u0219i ciorbe s\u0103n\u0103toase\"],\"inLanguage\":\"ro-RO\",\"potentialAction\":[{\"@type\":\"CommentAction\",\"name\":\"Comment\",\"target\":[\"https:\/\/beta.sanovita.ro\/blog\/supa-crema-de-telina\/#respond\"]}]},{\"@type\":\"WebPage\",\"@id\":\"https:\/\/beta.sanovita.ro\/blog\/supa-crema-de-telina\/\",\"url\":\"https:\/\/beta.sanovita.ro\/blog\/supa-crema-de-telina\/\",\"name\":\"\u021aelina, vedeta dintr-o sup\u0103-crem\u0103 delicioas\u0103! &ndash; Zi de zi mai bine - SanoVita\",\"isPartOf\":{\"@id\":\"https:\/\/beta.sanovita.ro\/blog\/#website\"},\"datePublished\":\"2020-07-17T16:00:34+00:00\",\"dateModified\":\"2024-03-22T17:58:51+00:00\",\"description\":\"Re\u021beta de sup\u0103 crem\u0103 de \u021belin\u0103 propus\u0103 de Chef Daniela Dan prime\u0219te aplauze la scen\u0103 deschis\u0103 pentru performan\u021ba de gust.\",\"inLanguage\":\"ro-RO\",\"potentialAction\":[{\"@type\":\"ReadAction\",\"target\":[\"https:\/\/beta.sanovita.ro\/blog\/supa-crema-de-telina\/\"]}]},{\"@type\":\"WebSite\",\"@id\":\"https:\/\/beta.sanovita.ro\/blog\/#website\",\"url\":\"https:\/\/beta.sanovita.ro\/blog\/\",\"name\":\"Zi de zi mai bine\",\"description\":\"Zi de zi mai bine!\",\"publisher\":{\"@id\":\"https:\/\/beta.sanovita.ro\/blog\/#organization\"},\"potentialAction\":[{\"@type\":\"SearchAction\",\"target\":{\"@type\":\"EntryPoint\",\"urlTemplate\":\"https:\/\/beta.sanovita.ro\/blog\/?s={search_term_string}\"},\"query-input\":\"required name=search_term_string\"}],\"inLanguage\":\"ro-RO\"},{\"@type\":\"Organization\",\"@id\":\"https:\/\/beta.sanovita.ro\/blog\/#organization\",\"name\":\"Sano Vita\",\"url\":\"https:\/\/beta.sanovita.ro\/blog\/\",\"logo\":{\"@type\":\"ImageObject\",\"inLanguage\":\"ro-RO\",\"@id\":\"https:\/\/beta.sanovita.ro\/blog\/#\/schema\/logo\/image\/\",\"url\":\"https:\/\/sanovita.ro\/blog\/wp-content\/uploads\/2021\/05\/sanovita-new.png\",\"contentUrl\":\"https:\/\/sanovita.ro\/blog\/wp-content\/uploads\/2021\/05\/sanovita-new.png\",\"width\":546,\"height\":110,\"caption\":\"Sano Vita\"},\"image\":{\"@id\":\"https:\/\/beta.sanovita.ro\/blog\/#\/schema\/logo\/image\/\"},\"sameAs\":[\"https:\/\/www.instagram.com\/sano_vita\",\"https:\/\/www.facebook.com\/SanoVita\/\",\"https:\/\/twitter.com\/SanoVitaOficial\"]},{\"@type\":\"Person\",\"@id\":\"https:\/\/beta.sanovita.ro\/blog\/#\/schema\/person\/88f72be00950bb01ebea04325b1897f8\",\"name\":\"Daniela Dan\",\"image\":{\"@type\":\"ImageObject\",\"inLanguage\":\"ro-RO\",\"@id\":\"https:\/\/beta.sanovita.ro\/blog\/#\/schema\/person\/image\/\",\"url\":\"https:\/\/www.sanovita.ro\/blog\/wp-content\/uploads\/2021\/06\/Daniela-avatar-96x96.jpg\",\"contentUrl\":\"https:\/\/www.sanovita.ro\/blog\/wp-content\/uploads\/2021\/06\/Daniela-avatar-96x96.jpg\",\"caption\":\"Daniela Dan\"},\"description\":\"Pasiunea pentru buc\u0103t\u0103ria vegan\u0103 a \u00eenceput din dorin\u021ba de a-\u0219i hr\u0103ni s\u0103n\u0103tos familia. Treptat, dup\u0103 o serie de cursuri de formare \u0219i multe ore petrecute \u00een buc\u0103t\u0103rie, pasiunea a evoluat spre profesie. Chef Daniela iube\u0219te s\u0103 combine gusturi, culori, arome \u0219i texturi. Dac\u0103 ai dileme legat\u0103 de re\u021bete, gust, asocieri culinare, forme de prezentare, Daniela este omul potrivit c\u0103ruia s\u0103 \u00eei ceri o opinie. \u0218i garantat \u021bi-o va da abia dup\u0103 ce o va fi testat \u00een buc\u0103t\u0103ria proprie, unde zilnic se \u00eent\u00e2mpl\u0103 mult\u0103 magie.\",\"url\":\"https:\/\/beta.sanovita.ro\/blog\/author\/daniela-dan\/\"}]}<\/script>\n<!-- \/ Yoast SEO plugin. -->","yoast_head_json":{"title":"\u021aelina, vedeta dintr-o sup\u0103-crem\u0103 delicioas\u0103! &ndash; Zi de zi mai bine - SanoVita","description":"Re\u021beta de sup\u0103 crem\u0103 de \u021belin\u0103 propus\u0103 de Chef Daniela Dan prime\u0219te aplauze la scen\u0103 deschis\u0103 pentru performan\u021ba de gust.","robots":{"index":"index","follow":"follow","max-snippet":"max-snippet:-1","max-image-preview":"max-image-preview:large","max-video-preview":"max-video-preview:-1"},"canonical":"https:\/\/beta.sanovita.ro\/blog\/supa-crema-de-telina\/","og_locale":"ro_RO","og_type":"article","og_title":"\u021aelina, vedeta dintr-o sup\u0103-crem\u0103 delicioas\u0103! &ndash; Zi de zi mai bine - SanoVita","og_description":"Re\u021beta de sup\u0103 crem\u0103 de \u021belin\u0103 propus\u0103 de Chef Daniela Dan prime\u0219te aplauze la scen\u0103 deschis\u0103 pentru performan\u021ba de gust.","og_url":"https:\/\/beta.sanovita.ro\/blog\/supa-crema-de-telina\/","og_site_name":"Zi de zi mai bine - SanoVita","article_publisher":"https:\/\/www.facebook.com\/SanoVita\/","article_published_time":"2020-07-17T16:00:34+00:00","article_modified_time":"2024-03-22T17:58:51+00:00","og_image":[{"width":640,"height":521,"url":"https:\/\/beta.sanovita.ro\/blog\/wp-content\/uploads\/2020\/07\/shutterstock_264206015.png","type":"image\/png"}],"author":"Daniela Dan","twitter_card":"summary_large_image","twitter_creator":"@SanoVitaOficial","twitter_site":"@SanoVitaOficial","twitter_misc":{"Scris de":"Daniela Dan","Timp estimat pentru citire":"4 minute"},"schema":{"@context":"https:\/\/schema.org","@graph":[{"@type":"Article","@id":"https:\/\/beta.sanovita.ro\/blog\/supa-crema-de-telina\/#article","isPartOf":{"@id":"https:\/\/beta.sanovita.ro\/blog\/supa-crema-de-telina\/"},"author":{"name":"Daniela Dan","@id":"https:\/\/beta.sanovita.ro\/blog\/#\/schema\/person\/88f72be00950bb01ebea04325b1897f8"},"headline":"\u021aelina, vedeta dintr-o sup\u0103-crem\u0103 delicioas\u0103!","datePublished":"2020-07-17T16:00:34+00:00","dateModified":"2024-03-22T17:58:51+00:00","mainEntityOfPage":{"@id":"https:\/\/beta.sanovita.ro\/blog\/supa-crema-de-telina\/"},"wordCount":761,"commentCount":0,"publisher":{"@id":"https:\/\/beta.sanovita.ro\/blog\/#organization"},"keywords":["bautura vegetala","beneficii telina","caju","chef daniela dan","crema caju","daniela dan","reteta","sano vita","supa crema","supa crema telina","telina","telina tulpina"],"articleSection":["Re\u021bete","Supe \u0219i ciorbe s\u0103n\u0103toase"],"inLanguage":"ro-RO","potentialAction":[{"@type":"CommentAction","name":"Comment","target":["https:\/\/beta.sanovita.ro\/blog\/supa-crema-de-telina\/#respond"]}]},{"@type":"WebPage","@id":"https:\/\/beta.sanovita.ro\/blog\/supa-crema-de-telina\/","url":"https:\/\/beta.sanovita.ro\/blog\/supa-crema-de-telina\/","name":"\u021aelina, vedeta dintr-o sup\u0103-crem\u0103 delicioas\u0103! &ndash; Zi de zi mai bine - SanoVita","isPartOf":{"@id":"https:\/\/beta.sanovita.ro\/blog\/#website"},"datePublished":"2020-07-17T16:00:34+00:00","dateModified":"2024-03-22T17:58:51+00:00","description":"Re\u021beta de sup\u0103 crem\u0103 de \u021belin\u0103 propus\u0103 de Chef Daniela Dan prime\u0219te aplauze la scen\u0103 deschis\u0103 pentru performan\u021ba de gust.","inLanguage":"ro-RO","potentialAction":[{"@type":"ReadAction","target":["https:\/\/beta.sanovita.ro\/blog\/supa-crema-de-telina\/"]}]},{"@type":"WebSite","@id":"https:\/\/beta.sanovita.ro\/blog\/#website","url":"https:\/\/beta.sanovita.ro\/blog\/","name":"Zi de zi mai bine","description":"Zi de zi mai bine!","publisher":{"@id":"https:\/\/beta.sanovita.ro\/blog\/#organization"},"potentialAction":[{"@type":"SearchAction","target":{"@type":"EntryPoint","urlTemplate":"https:\/\/beta.sanovita.ro\/blog\/?s={search_term_string}"},"query-input":"required name=search_term_string"}],"inLanguage":"ro-RO"},{"@type":"Organization","@id":"https:\/\/beta.sanovita.ro\/blog\/#organization","name":"Sano Vita","url":"https:\/\/beta.sanovita.ro\/blog\/","logo":{"@type":"ImageObject","inLanguage":"ro-RO","@id":"https:\/\/beta.sanovita.ro\/blog\/#\/schema\/logo\/image\/","url":"https:\/\/sanovita.ro\/blog\/wp-content\/uploads\/2021\/05\/sanovita-new.png","contentUrl":"https:\/\/sanovita.ro\/blog\/wp-content\/uploads\/2021\/05\/sanovita-new.png","width":546,"height":110,"caption":"Sano Vita"},"image":{"@id":"https:\/\/beta.sanovita.ro\/blog\/#\/schema\/logo\/image\/"},"sameAs":["https:\/\/www.instagram.com\/sano_vita","https:\/\/www.facebook.com\/SanoVita\/","https:\/\/twitter.com\/SanoVitaOficial"]},{"@type":"Person","@id":"https:\/\/beta.sanovita.ro\/blog\/#\/schema\/person\/88f72be00950bb01ebea04325b1897f8","name":"Daniela Dan","image":{"@type":"ImageObject","inLanguage":"ro-RO","@id":"https:\/\/beta.sanovita.ro\/blog\/#\/schema\/person\/image\/","url":"https:\/\/www.sanovita.ro\/blog\/wp-content\/uploads\/2021\/06\/Daniela-avatar-96x96.jpg","contentUrl":"https:\/\/www.sanovita.ro\/blog\/wp-content\/uploads\/2021\/06\/Daniela-avatar-96x96.jpg","caption":"Daniela Dan"},"description":"Pasiunea pentru buc\u0103t\u0103ria vegan\u0103 a \u00eenceput din dorin\u021ba de a-\u0219i hr\u0103ni s\u0103n\u0103tos familia. Treptat, dup\u0103 o serie de cursuri de formare \u0219i multe ore petrecute \u00een buc\u0103t\u0103rie, pasiunea a evoluat spre profesie. Chef Daniela iube\u0219te s\u0103 combine gusturi, culori, arome \u0219i texturi. Dac\u0103 ai dileme legat\u0103 de re\u021bete, gust, asocieri culinare, forme de prezentare, Daniela este omul potrivit c\u0103ruia s\u0103 \u00eei ceri o opinie. \u0218i garantat \u021bi-o va da abia dup\u0103 ce o va fi testat \u00een buc\u0103t\u0103ria proprie, unde zilnic se \u00eent\u00e2mpl\u0103 mult\u0103 magie.","url":"https:\/\/beta.sanovita.ro\/blog\/author\/daniela-dan\/"}]}},"jetpack_publicize_connections":[],"jetpack_featured_media_url":"https:\/\/beta.sanovita.ro\/blog\/wp-content\/uploads\/2020\/07\/shutterstock_264206015.png","featured_image_src":"https:\/\/beta.sanovita.ro\/blog\/wp-content\/uploads\/2020\/07\/shutterstock_264206015-597x486.png","jetpack_shortlink":"https:\/\/wp.me\/p8JCYA-4nZ","jetpack_sharing_enabled":true,"_links":{"self":[{"href":"https:\/\/beta.sanovita.ro\/blog\/wp-json\/wp\/v2\/posts\/16863","targetHints":{"allow":["GET"]}}],"collection":[{"href":"https:\/\/beta.sanovita.ro\/blog\/wp-json\/wp\/v2\/posts"}],"about":[{"href":"https:\/\/beta.sanovita.ro\/blog\/wp-json\/wp\/v2\/types\/post"}],"author":[{"embeddable":true,"href":"https:\/\/beta.sanovita.ro\/blog\/wp-json\/wp\/v2\/users\/19"}],"replies":[{"embeddable":true,"href":"https:\/\/beta.sanovita.ro\/blog\/wp-json\/wp\/v2\/comments?post=16863"}],"version-history":[{"count":13,"href":"https:\/\/beta.sanovita.ro\/blog\/wp-json\/wp\/v2\/posts\/16863\/revisions"}],"predecessor-version":[{"id":21883,"href":"https:\/\/beta.sanovita.ro\/blog\/wp-json\/wp\/v2\/posts\/16863\/revisions\/21883"}],"wp:featuredmedia":[{"embeddable":true,"href":"https:\/\/beta.sanovita.ro\/blog\/wp-json\/wp\/v2\/media\/16870"}],"wp:attachment":[{"href":"https:\/\/beta.sanovita.ro\/blog\/wp-json\/wp\/v2\/media?parent=16863"}],"wp:term":[{"taxonomy":"category","embeddable":true,"href":"https:\/\/beta.sanovita.ro\/blog\/wp-json\/wp\/v2\/categories?post=16863"},{"taxonomy":"post_tag","embeddable":true,"href":"https:\/\/beta.sanovita.ro\/blog\/wp-json\/wp\/v2\/tags?post=16863"}],"curies":[{"name":"wp","href":"https:\/\/api.w.org\/{rel}","templated":true}]}}